{"id":16758,"date":"2021-04-18T19:25:14","date_gmt":"2021-04-18T17:25:14","guid":{"rendered":"https:\/\/www.friedenkoeln.de\/?p=16758"},"modified":"2021-04-18T19:46:32","modified_gmt":"2021-04-18T17:46:32","slug":"sarah-vom-frauenkollektiv-koeln-zur-ausgangssperre-bundesregierung-denkt-an-hundebesitzerinnen-die-gassi-gehen-aber-vergisst-die-von-gewalt-betroffenen-frauen","status":"publish","type":"post","link":"https:\/\/www.friedenkoeln.de\/?p=16758","title":{"rendered":"Sarah vom Frauenkollektiv K\u00f6ln zur Ausgangssperre: &#8222;Bundesregierung denkt an Hundebesitzer:innen, die Gassi gehen, aber vergisst die von Gewalt betroffenen Frauen!&#8220;"},"content":{"rendered":"<p><em>Rede von Sarah f\u00fcr das Frauenkollektiv K\u00f6ln bei der Kundgebung am 17.04.2021 \u201eNein zur Ausgangssperre!\u201c:<\/em><\/p>\n<hr \/>\n<p>Der Anlass meiner Rede ist, dass es aus der Politik erste Vorschl\u00e4ge gibt f\u00fcr einen Gedenktag an die Pandemie-Toten. Politiker:innen schlagen diesen Tag immer mit dem selben Tenor vor: Das trifft alle gleich, ein Einschnitt f\u00fcr die gesamte Gesellschaft, zusammen haben wir das geschafft. Aber das stimmt nicht, das Virus trifft nicht alle gleich!<\/p>\n<div id=\"attachment_16753\" style=\"width: 441px\" class=\"wp-caption alignleft\"><img loading=\"lazy\" decoding=\"async\" aria-describedby=\"caption-attachment-16753\" class=\" wp-image-16753\" src=\"https:\/\/www.friedenkoeln.de\/wp-content\/uploads\/2021\/04\/DSC_0200-1-scaled.jpg\" alt=\"Eine junge Frau mit langen blonden Haaren, Brille und Mund-Nasen-Schutz spricht in ein Mikro. Sie tr\u00e4gt eine offene dunkle Winterjacke mit d\u00fcnnem Fellkragen und hat eine Armbinde &quot;Ordner*in&quot;\" width=\"431\" height=\"647\" srcset=\"https:\/\/www.friedenkoeln.de\/wp-content\/uploads\/2021\/04\/DSC_0200-1-scaled.jpg 1707w, https:\/\/www.friedenkoeln.de\/wp-content\/uploads\/2021\/04\/DSC_0200-1-133x200.jpg 133w, https:\/\/www.friedenkoeln.de\/wp-content\/uploads\/2021\/04\/DSC_0200-1-768x1152.jpg 768w, https:\/\/www.friedenkoeln.de\/wp-content\/uploads\/2021\/04\/DSC_0200-1-1024x1536.jpg 1024w, https:\/\/www.friedenkoeln.de\/wp-content\/uploads\/2021\/04\/DSC_0200-1-1365x2048.jpg 1365w\" sizes=\"auto, (max-width: 431px) 100vw, 431px\" \/><p id=\"caption-attachment-16753\" class=\"wp-caption-text\">Sarah (Frauenkollektiv K\u00f6ln) bei der Demo &#8222;Nein zu Ausgangssperren!&#8220; am 17.4.2021 auf dem Heumarkt in K\u00f6ln. Foto: Stefanie Intveen<\/p><\/div>\n<p>Die Pandemie nicht konsequent zu bek\u00e4mpfen, ist ein Angriff auf uns als Arbeitende. Wir sind an vorderster Front, wir m\u00fcssen die Wohnung verlassen, wir haben Kund:innenkontakt. Nun, in der dritten Welle, k\u00f6nnen wir au\u00dferdem auch noch traurigerweise auf eine F\u00fclle von Daten zu Tod und Sterben zur\u00fcckblicken. Und wir sehen: wir, also Arbeiter:innen, Arme, Menschen in prek\u00e4ren Lebenssituationen, sind auch h\u00e4ufiger gestorben!<\/p>\n<p>Das Robert Koch Institut hat in einer Studie soziale Herkunft und Covid-Sterblichkeit in Zusammenhang gesetzt. Der Anstieg der COVID-19-Todesf\u00e4lle fiel in sozial benachteiligten Regionen Deutschlands am st\u00e4rksten aus \u2013 sowohl bei M\u00e4nnern als auch bei Frauen. Im Dezember und Januar lag die COVID-19-Sterblichkeit in sozial stark benachteiligten Regionen um rund 50 bis 70 Prozent h\u00f6her als in Regionen mit geringer sozialer Benachteiligung.<\/p>\n<p>Nicht nur das. So, wie die Pandemie aktuell gemanaged wird, ist es ein expliziter Angriff auf Frauen und M\u00e4dchen. Das Pandemiemanagement von Staat und Konzernen versucht die Fortschritte, die wir \u00fcber Jahrhunderte erk\u00e4mpft haben, r\u00fcckg\u00e4ngig zu machen. Schon seit Jahrzehnten war es um rechtliche und finanzielle Gleichstellung der Geschlechter nicht mehr so schlecht bestellt. Danke an alle, die nicht m\u00fcde werden, das sichtbar zu machen. Aber heute m\u00f6chte ich \u00fcber die Ausgangssperre als einen ganze expliziten Angriff auf uns Frauen und M\u00e4dchen sprechen!<\/p>\n<p>Auch andere L\u00e4nder haben die repressive und sinnfreie n\u00e4chtliche Ausgangssperren verh\u00e4ngt. Dort wird aber oft propagiert: Das Haus zu verlassen, weil es h\u00e4usliche, partnerschaftliche Gewalt gibt, ist ein legitimer Grund \u2013 zu jeder Uhrzeit!<\/p>\n<p>In Deutschland gibt es das nicht.<span class=\"Apple-converted-space\">\u00a0 <\/span>An die Hundebesitzer:innen, die Gassi gehen, kann die Bundesregierung denken, aber die von Gewalt betroffenen Frauen wurden vergessen. Und dabei sind sie viele!<\/p>\n<p>Wenn ihr mal in einem gr\u00f6\u00dferen Mietshaus oder einer Reihenhausreihe gelebt habt, dann k\u00f6nnt ihr sicher sein: H\u00e4usliche Gewalt gegen Frauen und M\u00e4dchen gibt und gab es auch in eurer Nachbarschaft. F\u00fcr sie ist das eigene Zuhause kein sicherer Ort und die Ausgangssperre macht es zu einem Gef\u00e4ngnis. H\u00e4usliche Gewalt findet nicht nur zwischen 5 und 21 Uhr statt. Statt von Gewalt Betroffene zu sch\u00fctzen \u2013 und wir wissen, die Gewalt nimmt in Pandemie und Wirtschaftskrise zu \u2013 gibt es nicht mal eine Ausnahme von der Ausgangssperren. Flucht vor h\u00e4uslicher Gewalt ist im Moment kriminalisierbar!<\/p>\n<p>Nichts gegen die Hunde, und mir ist Tierschutz sehr wichtig, aber: In Deutschland ist es wichtiger, dass Hunde drau\u00dfen Pipi machen, als dass Frauen und M\u00e4dchen sichere Orte aufsuchen k\u00f6nnen oder einfach eine gewaltvolle Situation verlassen.<\/p>\n<p>Und jetzt denkt vielleicht der oder die eine oder andere: einfach drau\u00dfen rumlaufen ist ja noch kein sicherer Ort, wer in so einer Situation lebt, der muss doch in ein Frauenhaus! Richtig, alle, die von Gewalt betroffen sind, m\u00fcssten das Recht und die M\u00f6glichkeit haben, in Sicherheit untergebracht zu werden. Aber aus meinem Arbeitsalltag und dem vieler anderer, die beruflich f\u00fcr andere sorgen, wei\u00df ich: die Pl\u00e4tze sind voll, die Betten belegt, ganze Stationen in Quarant\u00e4ne, eine Unterbringung unm\u00f6glich!<\/p>\n<p>Damit kommen wir zum n\u00e4chsten Ausdruck davon, dass die Pandemie eben nicht alle gleich trifft, denn das gilt nicht nur f\u00fcr Frauenh\u00e4user, das gilt f\u00fcr verschiedenste Notunterk\u00fcnfte und auch f\u00fcr viele Psychatrien. Zu einer Zeit, zu der unter LGBT Jugendlichen die Suizidrate auf einem Rekordhoch ist, haben sie es noch schwerer als sonst, angemessene Versorgung zu bekommen.<\/p>\n<p>Ich k\u00f6nnte ewig so weiter machen, aber was ich sagen will, ist jetzt schon klargeworden. Das Virus macht keine Unterschiede, die Klassengesellschaft und das Pandemiemanagement der Bundesregierung aber schon.<\/p>\n<p>Deswegen fordern wir: ein Pandemiemanagement, das statt der Profite unsere Bed\u00fcrfnisse und Gesundheit sch\u00fctzt und sichert! Und damit sich sowas nicht wiederholen kann, setzen wir uns ein f\u00fcr eine Gesellschaft frei von Ausbeutung, Patriarchat und Rassismus. F\u00fcr eine Gesellschaft, in der wir selbst daf\u00fcr Verantwortung \u00fcbernehmen k\u00f6nnen, uns gegenseitig zu sch\u00fctzen!<\/p>\n<div id=\"attachment_16752\" style=\"width: 2570px\" class=\"wp-caption aligncenter\"><img loading=\"lazy\" decoding=\"async\" aria-describedby=\"caption-attachment-16752\" class=\"size-full wp-image-16752\" src=\"https:\/\/www.friedenkoeln.de\/wp-content\/uploads\/2021\/04\/DSC_0230-scaled.jpg\" alt=\"Transparente auf dem Boden und am Sockel eines Denkmals.\" width=\"2560\" height=\"1707\" srcset=\"https:\/\/www.friedenkoeln.de\/wp-content\/uploads\/2021\/04\/DSC_0230-scaled.jpg 2560w, https:\/\/www.friedenkoeln.de\/wp-content\/uploads\/2021\/04\/DSC_0230-200x133.jpg 200w, https:\/\/www.friedenkoeln.de\/wp-content\/uploads\/2021\/04\/DSC_0230-768x512.jpg 768w, https:\/\/www.friedenkoeln.de\/wp-content\/uploads\/2021\/04\/DSC_0230-1536x1024.jpg 1536w, https:\/\/www.friedenkoeln.de\/wp-content\/uploads\/2021\/04\/DSC_0230-2048x1365.jpg 2048w\" sizes=\"auto, (max-width: 2560px) 100vw, 2560px\" \/><p id=\"caption-attachment-16752\" class=\"wp-caption-text\">&#8222;Coronaleugner:innen: verzieht euch!&#8220;, &#8222;Krise &amp; Repression haben System! Kapitalismus \u00fcberwinden&#8220;, &#8222;Nein zu Ausgangssperren&#8220;, &#8222;Konzernlocksown statt Freizeitlockdown!&#8220; bei Demo &#8222;Nein zu Ausgangssperren!&#8220; am 17.4.2021 auf dem Heumarkt in K\u00f6ln. Foto: Stefanie Intveen<\/p><\/div>\n<hr \/>\n<p><em>Wir bedanken uns herzlich bei Sarah f\u00fcr die M\u00f6glichkeit, ihre Rede hier zu ver\u00f6ffentlichen &#8211; und hoffen, dass die Verantwortlichen f\u00fcr die Corona-Politik gut hinh\u00f6ren!<\/em><\/p>\n","protected":false},"excerpt":{"rendered":"<p>Rede von Sarah f\u00fcr das Frauenkollektiv K\u00f6ln bei der Kundgebung am 17.04.2021 \u201eNein zur Ausgangssperre!\u201c: Der Anlass meiner Rede ist, dass es aus der Politik erste Vorschl\u00e4ge gibt f\u00fcr einen Gedenktag an die Pandemie-Toten.&#46;&#46;&#46;<\/p>\n","protected":false},"author":110,"featured_media":16753,"comment_status":"open","ping_status":"open","sticky":false,"template":"","format":"standard","meta":{"footnotes":""},"categories":[111],"tags":[208,210,147,209,211,43],"class_list":["post-16758","post","type-post","status-publish","format-standard","has-post-thumbnail","hentry","category-rede","tag-armut","tag-feminismus","tag-gesundheitswesen","tag-gleichberechtigung","tag-klassengesellschaft","tag-rassismus"],"_links":{"self":[{"href":"https:\/\/www.friedenkoeln.de\/index.php?rest_route=\/wp\/v2\/posts\/16758","targetHints":{"allow":["GET"]}}],"collection":[{"href":"https:\/\/www.friedenkoeln.de\/index.php?rest_route=\/wp\/v2\/posts"}],"about":[{"href":"https:\/\/www.friedenkoeln.de\/index.php?rest_route=\/wp\/v2\/types\/post"}],"author":[{"embeddable":true,"href":"https:\/\/www.friedenkoeln.de\/index.php?rest_route=\/wp\/v2\/users\/110"}],"replies":[{"embeddable":true,"href":"https:\/\/www.friedenkoeln.de\/index.php?rest_route=%2Fwp%2Fv2%2Fcomments&post=16758"}],"version-history":[{"count":5,"href":"https:\/\/www.friedenkoeln.de\/index.php?rest_route=\/wp\/v2\/posts\/16758\/revisions"}],"predecessor-version":[{"id":16763,"href":"https:\/\/www.friedenkoeln.de\/index.php?rest_route=\/wp\/v2\/posts\/16758\/revisions\/16763"}],"wp:featuredmedia":[{"embeddable":true,"href":"https:\/\/www.friedenkoeln.de\/index.php?rest_route=\/wp\/v2\/media\/16753"}],"wp:attachment":[{"href":"https:\/\/www.friedenkoeln.de\/index.php?rest_route=%2Fwp%2Fv2%2Fmedia&parent=16758"}],"wp:term":[{"taxonomy":"category","embeddable":true,"href":"https:\/\/www.friedenkoeln.de\/index.php?rest_route=%2Fwp%2Fv2%2Fcategories&post=16758"},{"taxonomy":"post_tag","embeddable":true,"href":"https:\/\/www.friedenkoeln.de\/index.php?rest_route=%2Fwp%2Fv2%2Ftags&post=16758"}],"curies":[{"name":"wp","href":"https:\/\/api.w.org\/{rel}","templated":true}]}}