{"id":16771,"date":"2021-04-28T18:20:53","date_gmt":"2021-04-28T16:20:53","guid":{"rendered":"https:\/\/www.friedenkoeln.de\/?p=16771"},"modified":"2021-05-26T09:32:39","modified_gmt":"2021-05-26T07:32:39","slug":"jetzt-anmelden-nato-russland-beziehungen-mit-vertrauensbildung-einem-atomkrieg-vorbeugen-geht-das","status":"publish","type":"post","link":"https:\/\/www.friedenkoeln.de\/?p=16771","title":{"rendered":"Jetzt anmelden: &#8222;NATO-Russland-Beziehungen: Mit Vertrauensbildung einem Atomkrieg vorbeugen &#8211; geht das?&#8220;"},"content":{"rendered":"<p>Herzlich laden wir ein zum Online-Gespr\u00e4ch mit<\/p>\n<p style=\"text-align: left;\"><strong>Reiner Schwalb,<\/strong><br \/>\n<strong>ehem. Verteidigungsattach\u00e9 an der Deutschen Botschaft in Moskau, und<\/strong><\/p>\n<p style=\"text-align: left;\"><strong>Prof. Dr. rer. nat. Karl Hans Bl\u00e4sius,<\/strong><br \/>\n<strong>Hochschule Trier<\/strong><\/p>\n<p style=\"text-align: left;\">Mit einem Beitrag von<\/p>\n<p style=\"text-align: left;\"><strong>Eva Aras,<\/strong><br \/>\n<strong>Vorsitzende des St\u00e4dtepartnerschaftsverein K\u00f6ln &#8211; Wolgograd<\/strong><\/p>\n<p style=\"text-align: left;\">Moderation:<\/p>\n<p style=\"text-align: left;\"><strong>Christiane Lammers<\/strong><\/p>\n<p><strong>Mittwoch, den 26. Mai 2021 \/ 19:00 &#8211; 21:00 <\/strong><\/p>\n<p style=\"text-align: left;\"><strong>Anmeldung erforderlich: anmeldung@melanchthon-akademie.de<\/strong><\/p>\n<p>Mehrere Tausend Atomsprengk\u00f6pfe in Russland und den USA sind jederzeit einsetzbar. Wie im Kalten Krieg bedrohen sich die Staaten mit vollst\u00e4ndiger gegenseitiger Vernichtung. Selbst ein Atomkrieg zwischen \u201ekleinen\u201c Atomm\u00e4chten Indien und Pakistan w\u00fcrde das Leben von unz\u00e4hligen Menschen durch den folgenden \u201eNuklearen Winter\u201c gef\u00e4hrden. Mehrere Staaten ohne Atomwaffen streben an, diese zu bekommen.<\/p>\n<p>Technische Fehler, Missverst\u00e4ndnisse, ungl\u00fcckliche Zuf\u00e4lle haben mehrfach zu Beinahe-Atomkriegen gef\u00fchrt. Bringt K\u00fcnstliche Intelligenz in den milit\u00e4rischen Fr\u00fchwarn- und Entscheidungssystemen mehr Sicherheit vor einem Atomkrieg aus Versehen? Diese Frage behandelt der Informatiker Prof. Dr. Karl Hans Bl\u00e4sius.<\/p>\n<p>Auch Reiner Schwalb h\u00e4lt das Atomkriegsrisiko f\u00fcr zu hoch. Er war Brigadegeneral der Bundeswehr und Verteidigungsattach\u00e9 an der Deutschen Botschaft in Moskau und setzt sich f\u00fcr die Verbesserung der NATO-Russland-Beziehungen ein. Er findet: \u201eNur ein positiver Friede, wie Martin Luther King ihn beschrieb, ist auf Dauer krisenresistent.\u201c Welche Risiken sieht er als vorrangig an? Was sollten Politik, Milit\u00e4r und Zivilgesellschaft jetzt tun?<\/p>\n<p>K\u00f6ln und Wolgograd (ehem. Stalingrad) sind seit 1988 St\u00e4dtepartner. Dies dient zum Vertrauensaufbau aus der Zivilgesellschaft. Eva Aras, die Vorsitzende des St\u00e4dtepartnerschaftsvereins, berichtet aus der Partnerschaftsarbeit.<\/p>\n<p>Veranstalter: DFG-VK Gruppe K\u00f6ln, Internationaler Vers\u00f6hnungsbund Regionalgruppe K\u00f6ln, Friedensbildungswerk K\u00f6ln, Kath. Bildungswerk K\u00f6ln, K\u00f6lner Friedensforum, Melanchthon-Akademie K\u00f6ln, pax christi Gruppe K\u00f6ln, Alois Stoff Bildungswerk der DFG-VK NRW, S\u00fcdstadt-Leben e. V.<img loading=\"lazy\" decoding=\"async\" class=\"alignnone size-full wp-image-16775\" src=\"https:\/\/www.friedenkoeln.de\/wp-content\/uploads\/2021\/04\/Mit-Vertrauensbildung-Atomkrieg-vorbeugen-scaled.jpg\" alt=\"Flyer zur Veranstaltung am 26.5.2021\" width=\"1810\" height=\"2560\" srcset=\"https:\/\/www.friedenkoeln.de\/wp-content\/uploads\/2021\/04\/Mit-Vertrauensbildung-Atomkrieg-vorbeugen-scaled.jpg 1810w, https:\/\/www.friedenkoeln.de\/wp-content\/uploads\/2021\/04\/Mit-Vertrauensbildung-Atomkrieg-vorbeugen-141x200.jpg 141w, https:\/\/www.friedenkoeln.de\/wp-content\/uploads\/2021\/04\/Mit-Vertrauensbildung-Atomkrieg-vorbeugen-768x1086.jpg 768w, https:\/\/www.friedenkoeln.de\/wp-content\/uploads\/2021\/04\/Mit-Vertrauensbildung-Atomkrieg-vorbeugen-1086x1536.jpg 1086w, https:\/\/www.friedenkoeln.de\/wp-content\/uploads\/2021\/04\/Mit-Vertrauensbildung-Atomkrieg-vorbeugen-1448x2048.jpg 1448w\" sizes=\"auto, (max-width: 1810px) 100vw, 1810px\" \/><\/p>\n<p>&nbsp;<\/p>\n","protected":false},"excerpt":{"rendered":"<p>Herzlich laden wir ein zum Online-Gespr\u00e4ch mit Reiner Schwalb, ehem. Verteidigungsattach\u00e9 an der Deutschen Botschaft in Moskau, und Prof. Dr. rer. nat. Karl Hans Bl\u00e4sius, Hochschule Trier Mit einem Beitrag von Eva Aras, Vorsitzende&#46;&#46;&#46;<\/p>\n","protected":false},"author":110,"featured_media":16775,"comment_status":"open","ping_status":"open","sticky":false,"template":"","format":"standard","meta":{"footnotes":""},"categories":[116,158],"tags":[120,33],"class_list":["post-16771","post","type-post","status-publish","format-standard","has-post-thumbnail","hentry","category-aufruf","category-flyer","tag-abschreckung","tag-atomwaffen"],"_links":{"self":[{"href":"https:\/\/www.friedenkoeln.de\/index.php?rest_route=\/wp\/v2\/posts\/16771","targetHints":{"allow":["GET"]}}],"collection":[{"href":"https:\/\/www.friedenkoeln.de\/index.php?rest_route=\/wp\/v2\/posts"}],"about":[{"href":"https:\/\/www.friedenkoeln.de\/index.php?rest_route=\/wp\/v2\/types\/post"}],"author":[{"embeddable":true,"href":"https:\/\/www.friedenkoeln.de\/index.php?rest_route=\/wp\/v2\/users\/110"}],"replies":[{"embeddable":true,"href":"https:\/\/www.friedenkoeln.de\/index.php?rest_route=%2Fwp%2Fv2%2Fcomments&post=16771"}],"version-history":[{"count":6,"href":"https:\/\/www.friedenkoeln.de\/index.php?rest_route=\/wp\/v2\/posts\/16771\/revisions"}],"predecessor-version":[{"id":16868,"href":"https:\/\/www.friedenkoeln.de\/index.php?rest_route=\/wp\/v2\/posts\/16771\/revisions\/16868"}],"wp:featuredmedia":[{"embeddable":true,"href":"https:\/\/www.friedenkoeln.de\/index.php?rest_route=\/wp\/v2\/media\/16775"}],"wp:attachment":[{"href":"https:\/\/www.friedenkoeln.de\/index.php?rest_route=%2Fwp%2Fv2%2Fmedia&parent=16771"}],"wp:term":[{"taxonomy":"category","embeddable":true,"href":"https:\/\/www.friedenkoeln.de\/index.php?rest_route=%2Fwp%2Fv2%2Fcategories&post=16771"},{"taxonomy":"post_tag","embeddable":true,"href":"https:\/\/www.friedenkoeln.de\/index.php?rest_route=%2Fwp%2Fv2%2Ftags&post=16771"}],"curies":[{"name":"wp","href":"https:\/\/api.w.org\/{rel}","templated":true}]}}