{"id":16779,"date":"2021-04-29T20:34:56","date_gmt":"2021-04-29T18:34:56","guid":{"rendered":"https:\/\/www.friedenkoeln.de\/?p=16779"},"modified":"2021-04-29T20:34:56","modified_gmt":"2021-04-29T18:34:56","slug":"atomwaffenabruestung-unsere-briefe-an-spd-und-buendnis-90-die-gruene","status":"publish","type":"post","link":"https:\/\/www.friedenkoeln.de\/?p=16779","title":{"rendered":"Atomwaffenabr\u00fcstung: Unsere Briefe an SPD und B\u00fcndnis 90 \/ Die Gr\u00fcne"},"content":{"rendered":"<p><em>Als deutsche ICAN-Partner haben wir mit vielen anderen Organisationen die SPD und &#8222;B\u00fcndnis 90 \/ Die Gr\u00fcnen&#8220; angeschrieben. F\u00fcr unsere Gruppe haben Ariane Dettloff und Isabelle Casel unterzeichnet. Hier ist die Pressemitteilung von ICAN, der &#8222;Internationalen Kampagne f\u00fcr die Abschaffung von Atomwaffen&#8220;:<\/em><\/p>\n<hr \/>\n<div class=\"webnews item row\">\n<div class=\"col-xs-12 col-sm-8 col-md-8 col-lg-8\">\n<div>\n<div style=\"width: 468px\" class=\"wp-caption alignright\"><img loading=\"lazy\" decoding=\"async\" title=\"Grafik: Ohne R\u00fcstung Leben\" src=\"https:\/\/www.ohne-ruestung-leben.de\/fileadmin\/_processed_\/8\/7\/csm_musterbrief-ican-spd-gruene_817a207602.jpg\" alt=\"Deutsche ICAN-Partner schreiben Offene Briefe an Gr\u00fcne und SPD f\u00fcr das Atomwaffenverbot\" width=\"458\" height=\"229\" \/><p class=\"wp-caption-text\">Grafik: Ohne R\u00fcstung Leben<\/p><\/div>\n<p>B\u00dcNDNIS 90 \/ DIE GR\u00dcNEN sowie die SPD feilen gerade an den genauen Formulierungen in ihren Programmen f\u00fcr die Bundestagswahl. Das nehmen die deutschen ICAN-Partnerorganisationen zum Anlass: In zwei Offenen Briefen haben sie bekr\u00e4ftigt, was sie von den Parteien erwarten.<\/p>\n<\/div>\n<p>Wie positionieren sich die SPD und die Gr\u00fcnen zur atomaren Abr\u00fcstung? Vor den anstehenden Parteitagen der beiden Parteien r\u00fccken die ICAN-Partner mit ihren Briefen diese Frage in den Fokus. Die Unterzeichnenden fordern die Parteien auf, sich im Falle einer k\u00fcnftigen Regierungsbeteiligung klar f\u00fcr ein atomwaffenfreies Deutschland und das weltweite Atomwaffenverbot einzusetzen.\u00a0In den Offenen Briefen hei\u00dft es unter anderem:<\/p>\n<blockquote><p>Atomwaffen bedrohen die Sicherheit aller Menschen \u2013 in Deutschland und weltweit. Daher muss sich auch die Bundespolitik mit allen Mitteln f\u00fcr eine vollst\u00e4ndige atomare Abr\u00fcstung einsetzen!<\/p>\n<p>Deutschland kann in der Frage der weltweiten nuklearen Abr\u00fcstung eine Schl\u00fcsselrolle einnehmen, wenn es als NATO-Staat beispielhaft vorangeht und den Boykott des Atomwaffenverbotsvertrages beendet.<\/p><\/blockquote>\n<p>Konkret fordern die ICAN-Partner von B\u00dcNDNIS 90 \/ DIE GR\u00dcNEN und der SPD:<\/p>\n<ul>\n<li>die Beschaffung neuer Atomwaffen-Tr\u00e4gerflugzeuge f\u00fcr die Bundeswehr kategorisch abzulehnen,<\/li>\n<li>gegen\u00fcber den USA einen Abzug aller US-Atombomben aus Deutschland zu fordern und die nukleare Teilhabe Deutschlands in der NATO zu beenden,<\/li>\n<li>sich daf\u00fcr einzusetzen, dass Deutschland gegen\u00fcber seinen NATO-Partnern schnellstm\u00f6gliche Verhandlungen zur Umsetzung von Art. VI des Nichtverbreitungsvertrages einfordert,<\/li>\n<li>\u00dcberlegungen zur Stationierung von US-Atomwaffen in anderen L\u00e4ndern Mittel- und Osteuropas deutlich entgegenzutreten,<\/li>\n<li>sich daf\u00fcr einzusetzen, dass Deutschland den UN-Atomwaffenverbotsvertrag ratifiziert.<\/li>\n<\/ul>\n<div id=\"attachment_14996\" style=\"width: 335px\" class=\"wp-caption alignleft\"><img loading=\"lazy\" decoding=\"async\" aria-describedby=\"caption-attachment-14996\" class=\" wp-image-14996\" src=\"https:\/\/www.friedenkoeln.de\/wp-content\/uploads\/2020\/05\/DSC_0236-scaled.jpg\" alt=\"\" width=\"325\" height=\"488\" srcset=\"https:\/\/www.friedenkoeln.de\/wp-content\/uploads\/2020\/05\/DSC_0236-scaled.jpg 1707w, https:\/\/www.friedenkoeln.de\/wp-content\/uploads\/2020\/05\/DSC_0236-2000x3000.jpg 2000w, https:\/\/www.friedenkoeln.de\/wp-content\/uploads\/2020\/05\/DSC_0236-100x150.jpg 100w, https:\/\/www.friedenkoeln.de\/wp-content\/uploads\/2020\/05\/DSC_0236-768x1152.jpg 768w, https:\/\/www.friedenkoeln.de\/wp-content\/uploads\/2020\/05\/DSC_0236-1024x1536.jpg 1024w, https:\/\/www.friedenkoeln.de\/wp-content\/uploads\/2020\/05\/DSC_0236-1365x2048.jpg 1365w\" sizes=\"auto, (max-width: 325px) 100vw, 325px\" \/><p id=\"caption-attachment-14996\" class=\"wp-caption-text\">Isabelle Casel redet zum Gedenken an die Opfer des Zweiten Weltkriegs. Heumarkt, K\u00f6ln, 9.5.2020. Foto: Stefanie Intveen<\/p><\/div>\n<p>Vertreterinnen und Vertreter von insgesamt 27 renommierten deutschen Organisationen haben die Offenen Briefe an SPD und Gr\u00fcne unterzeichnet. Darunter sind etwa Greenpeace, die Deutsche Sektion der &#8222;Internationalen \u00c4rzte f\u00fcr die Verh\u00fctung des Atomkrieges&#8220; (IPPNW), die &#8222;Internationale Frauenliga f\u00fcr Frieden und Freiheit&#8220; (WILPF) und pax christi Deutschland.<\/p>\n<p>&#8222;Ohne R\u00fcstung Leben&#8220; hat die Erstellung der Offenen Briefe f\u00fcr die deutschen ICAN-Partner koordiniert &#8211; in den kommenden Monaten sind Briefe auch an weitere Parteien geplant.<\/p>\n<p><a href=\"https:\/\/www.friedenkoeln.de\/wp-content\/uploads\/2021\/04\/2021-04-26-ICAN-Offener-Brief-Gruene.pdf\">Offener Brief der deutschen ICAN-Partner an die Gr\u00fcnen [PDF-Download, 162 KB]<\/a><b><br \/>\n<\/b><\/p>\n<p><a href=\"https:\/\/www.friedenkoeln.de\/wp-content\/uploads\/2021\/04\/2021-04-26-ICAN-Offener-Brief-SPD.pdf\">Offener Brief der deutschen ICAN-Partner an die SPD [PDF-Download, 81 KB]<\/a><\/p>\n<\/div>\n<\/div>\n","protected":false},"excerpt":{"rendered":"<p>Als deutsche ICAN-Partner haben wir mit vielen anderen Organisationen die SPD und &#8222;B\u00fcndnis 90 \/ Die Gr\u00fcnen&#8220; angeschrieben. F\u00fcr unsere Gruppe haben Ariane Dettloff und Isabelle Casel unterzeichnet. Hier ist die Pressemitteilung von ICAN,&#46;&#46;&#46;<\/p>\n","protected":false},"author":110,"featured_media":14996,"comment_status":"open","ping_status":"open","sticky":false,"template":"","format":"standard","meta":{"footnotes":""},"categories":[87],"tags":[42,33,112],"class_list":["post-16779","post","type-post","status-publish","format-standard","has-post-thumbnail","hentry","category-pressemitteilung","tag-abruestung","tag-atomwaffen","tag-atomwaffenverbotsvertrag"],"_links":{"self":[{"href":"https:\/\/www.friedenkoeln.de\/index.php?rest_route=\/wp\/v2\/posts\/16779","targetHints":{"allow":["GET"]}}],"collection":[{"href":"https:\/\/www.friedenkoeln.de\/index.php?rest_route=\/wp\/v2\/posts"}],"about":[{"href":"https:\/\/www.friedenkoeln.de\/index.php?rest_route=\/wp\/v2\/types\/post"}],"author":[{"embeddable":true,"href":"https:\/\/www.friedenkoeln.de\/index.php?rest_route=\/wp\/v2\/users\/110"}],"replies":[{"embeddable":true,"href":"https:\/\/www.friedenkoeln.de\/index.php?rest_route=%2Fwp%2Fv2%2Fcomments&post=16779"}],"version-history":[{"count":7,"href":"https:\/\/www.friedenkoeln.de\/index.php?rest_route=\/wp\/v2\/posts\/16779\/revisions"}],"predecessor-version":[{"id":16788,"href":"https:\/\/www.friedenkoeln.de\/index.php?rest_route=\/wp\/v2\/posts\/16779\/revisions\/16788"}],"wp:featuredmedia":[{"embeddable":true,"href":"https:\/\/www.friedenkoeln.de\/index.php?rest_route=\/wp\/v2\/media\/14996"}],"wp:attachment":[{"href":"https:\/\/www.friedenkoeln.de\/index.php?rest_route=%2Fwp%2Fv2%2Fmedia&parent=16779"}],"wp:term":[{"taxonomy":"category","embeddable":true,"href":"https:\/\/www.friedenkoeln.de\/index.php?rest_route=%2Fwp%2Fv2%2Fcategories&post=16779"},{"taxonomy":"post_tag","embeddable":true,"href":"https:\/\/www.friedenkoeln.de\/index.php?rest_route=%2Fwp%2Fv2%2Ftags&post=16779"}],"curies":[{"name":"wp","href":"https:\/\/api.w.org\/{rel}","templated":true}]}}