{"id":16789,"date":"2021-04-30T07:00:47","date_gmt":"2021-04-30T05:00:47","guid":{"rendered":"https:\/\/www.friedenkoeln.de\/?p=16789"},"modified":"2021-04-30T09:22:02","modified_gmt":"2021-04-30T07:22:02","slug":"einladung-zur-gedenkstunde-befreiung-vom-ns-faschismus-vor-76-jahren","status":"publish","type":"post","link":"https:\/\/www.friedenkoeln.de\/?p=16789","title":{"rendered":"Einladung zur Gedenkstunde: Befreiung vom NS-Faschismus vor 76 Jahren"},"content":{"rendered":"<div class=\"\" dir=\"auto\"><em>Wir laden herzlich zur Gedenkstunde ein (bitte r\u00fccksichtsvoll mit Abstand und Maske):<\/em><\/div>\n<div class=\"\" dir=\"auto\">\n<hr \/>\n<\/div>\n<p class=\"\"><span class=\"\">Vor 76 Jahren, am 8. Mai 1945, war mit der Unterzeichnung der bedingungslosen Kapitulation der Wehrmacht die milit\u00e4rische Befreiung Deutschlands vom Faschismus beendet. Die vereinten Kr\u00e4fte der vier Alliierten, der mit ihnen verb\u00fcndeten Staaten und der Widerstandsbewegungen, die f\u00fcr ihre Freiheit k\u00e4mpften, hatten dem faschistischen V\u00f6lkermord, der Unterdr\u00fcckung durch die deutschen Eroberer und dem Krieg ein Ende gemacht und Europa befreit. Dem Krieg der Nazis und ihren Morden inner- und au\u00dferhalb Deutschlands waren etwa 60 Millionen Menschen zum Opfer gefallen, davon 27 Millionen B\u00fcrgerinnen und B\u00fcrger der Sowjetunion und 6 Millionen j\u00fcdische Menschen.<\/span><\/p>\n<div id=\"attachment_12321\" style=\"width: 378px\" class=\"wp-caption alignright\"><img loading=\"lazy\" decoding=\"async\" aria-describedby=\"caption-attachment-12321\" class=\" wp-image-12321\" src=\"https:\/\/www.friedenkoeln.de\/wp-content\/uploads\/2018\/06\/IMG_1303-e1527858768110.jpg\" alt=\"Bronzeskulptur einer Frau, die einen toten Jungen im Arm tr\u00e4gt. Im Hintergrund sind Parkb\u00e4ume und ein Teil der K\u00f6lner Stadtmauer zusehen.\" width=\"368\" height=\"491\" srcset=\"https:\/\/www.friedenkoeln.de\/wp-content\/uploads\/2018\/06\/IMG_1303-e1527858768110.jpg 3024w, https:\/\/www.friedenkoeln.de\/wp-content\/uploads\/2018\/06\/IMG_1303-e1527858768110-768x1024.jpg 768w\" sizes=\"auto, (max-width: 368px) 100vw, 368px\" \/><p id=\"caption-attachment-12321\" class=\"wp-caption-text\">Mahnmal Hansaplatz K\u00f6ln. Skulptur \u201eFrau mit totem Kind\u201c von Mari Andriessen. Foto: Stefanie Intveen<\/p><\/div>\n<p class=\"\">F\u00fcr die Frauen, M\u00e4nner und Kinder, die in den L\u00e4ndern lebten, die von den faschistischen Armeen \u00fcberfallen und besetzt worden waren, bedeutete der 8. Mai endg\u00fcltig den Tag der Freiheit. Ebenso ein Tag der Befreiung war er f\u00fcr die aus politischen und rassistischen Gr\u00fcnden Verfolgten, f\u00fcr die \u00dcberlebenden der Konzentrations- und Vernichtungslager, die Zwangsarbeiterinnen und Zwangsarbeiter, diejenigen, die 12 Jahre lang unter Terror und Unterdr\u00fcckung gelitten hatten. Und er war der Tag der Befreiung vom Krieg \u2013 auch f\u00fcr diejenigen, die das damals und lange Jahre danach nicht wahrhaben wollten.<\/p>\n<p class=\"\">F\u00fcr die aus Lagern und Zuchth\u00e4usern befreiten Nazigegnerinnen und Nazigegner war, \u00fcber alle weltanschaulichen und politischen Grenzen hinweg, eines klar: Das faschistische Grauen darf sich niemals wiederholen. Nie wieder Faschismus, nie wieder Krieg \u2013 daf\u00fcr galt es, gemeinsam einzutreten.<\/p>\n<p class=\"\">Wir m\u00fcssen heute feststellen, dass dieses Verm\u00e4chtnis auch nach 76 Jahren immer noch nicht vollst\u00e4ndig erf\u00fcllt worden ist. Nazis morden wieder in Deutschland, verletzen und bedrohen Menschen, verbreiten ihre Parolen auf den Stra\u00dfen und in den sozialen Medien. Selbst in den Parlamenten werden rassistische Hetzreden gehalten und der Nazifaschismus relativiert.<\/p>\n<p class=\"\">In diesem Jahr j\u00e4hrt sich aber auch zum achtzigsten mal der \u00dcberfall der deutschen Wehrmacht auf die Sowjetunion, der beispiellose Verbrechen an Sowjetb\u00fcrgerinnen und Sowjetb\u00fcrgern nach sich zog. Die Menschen der Sowjetunion zahlten einen unerh\u00f6rten Blutzoll f\u00fcr die Befreiung ihres Landes und die Befreiung Europas. Auch ihrer wollen wir an diesem 8. Mai 2021 gedenken. Das bedeutet f\u00fcr uns auch, eine Politik der Verst\u00e4ndigung gegen\u00fcber Russland zu fordern, verbunden mit dem Verzicht auf alle Ma\u00dfnahmen, sowohl wirtschaftliche, politische als auch vor allem milit\u00e4rische, die Spannungen anheizen. Frieden in Europa geht nur gemeinsam und nicht gegeneinander. Abr\u00fcstung und Entspannungspolitik sind das Gebot der Stunde.<\/p>\n<p class=\"\">Auch 80 Jahre nach dem \u00dcberfall auf die UdSSR und 76 Jahre nach der Befreiung vom Faschismus bleibt die Forderung aktuell: Nie wieder Faschismus, nie wieder Krieg! Wir laden deshalb zu einer Gedenkstunde f\u00fcr die Opfer der Nazidiktatur und des faschistischen Eroberungskrieges sowie an den Tag der Befreiung ein, die<\/p>\n<p class=\"\" style=\"text-align: center;\"><strong>am 8. Mai 2021 um 11.00 Uhr<\/strong><\/p>\n<p class=\"\" style=\"text-align: center;\"><strong>am ersten Mahnmal f\u00fcr die Opfer<\/strong><\/p>\n<p class=\"\" style=\"text-align: center;\"><strong>in der Gr\u00fcnanlage am Hansaring stattfindet.<\/strong><\/p>\n<ul class=\"\">\n<li class=\"\">Deutsche Friedensgesellschaft \u2013 Vereinigte KriegsdienstgegnerInnen Gruppe K\u00f6ln<\/li>\n<li class=\"\">K\u00f6lner Friedensforum<\/li>\n<li class=\"\">Verein zur F\u00f6rderung der St\u00e4dtepartnerschaft K\u00f6ln \u2013 Wolgograd. e.V.<\/li>\n<li class=\"\">Vereinigung der Verfolgten des Naziregimes \u2013 Bund der Antifaschistinnen und Antifaschisten K\u00f6ln e.V.<\/li>\n<\/ul>\n","protected":false},"excerpt":{"rendered":"<p>Wir laden herzlich zur Gedenkstunde ein (bitte r\u00fccksichtsvoll mit Abstand und Maske): Vor 76 Jahren, am 8. Mai 1945, war mit der Unterzeichnung der bedingungslosen Kapitulation der Wehrmacht die milit\u00e4rische Befreiung Deutschlands vom Faschismus&#46;&#46;&#46;<\/p>\n","protected":false},"author":110,"featured_media":16793,"comment_status":"open","ping_status":"open","sticky":false,"template":"","format":"standard","meta":{"footnotes":""},"categories":[116],"tags":[123,45],"class_list":["post-16789","post","type-post","status-publish","format-standard","has-post-thumbnail","hentry","category-aufruf","tag-faschismus","tag-geschichte"],"_links":{"self":[{"href":"https:\/\/www.friedenkoeln.de\/index.php?rest_route=\/wp\/v2\/posts\/16789","targetHints":{"allow":["GET"]}}],"collection":[{"href":"https:\/\/www.friedenkoeln.de\/index.php?rest_route=\/wp\/v2\/posts"}],"about":[{"href":"https:\/\/www.friedenkoeln.de\/index.php?rest_route=\/wp\/v2\/types\/post"}],"author":[{"embeddable":true,"href":"https:\/\/www.friedenkoeln.de\/index.php?rest_route=\/wp\/v2\/users\/110"}],"replies":[{"embeddable":true,"href":"https:\/\/www.friedenkoeln.de\/index.php?rest_route=%2Fwp%2Fv2%2Fcomments&post=16789"}],"version-history":[{"count":4,"href":"https:\/\/www.friedenkoeln.de\/index.php?rest_route=\/wp\/v2\/posts\/16789\/revisions"}],"predecessor-version":[{"id":16794,"href":"https:\/\/www.friedenkoeln.de\/index.php?rest_route=\/wp\/v2\/posts\/16789\/revisions\/16794"}],"wp:featuredmedia":[{"embeddable":true,"href":"https:\/\/www.friedenkoeln.de\/index.php?rest_route=\/wp\/v2\/media\/16793"}],"wp:attachment":[{"href":"https:\/\/www.friedenkoeln.de\/index.php?rest_route=%2Fwp%2Fv2%2Fmedia&parent=16789"}],"wp:term":[{"taxonomy":"category","embeddable":true,"href":"https:\/\/www.friedenkoeln.de\/index.php?rest_route=%2Fwp%2Fv2%2Fcategories&post=16789"},{"taxonomy":"post_tag","embeddable":true,"href":"https:\/\/www.friedenkoeln.de\/index.php?rest_route=%2Fwp%2Fv2%2Ftags&post=16789"}],"curies":[{"name":"wp","href":"https:\/\/api.w.org\/{rel}","templated":true}]}}