{"id":16871,"date":"2021-06-08T21:13:18","date_gmt":"2021-06-08T19:13:18","guid":{"rendered":"https:\/\/www.friedenkoeln.de\/?p=16871"},"modified":"2021-06-08T21:13:18","modified_gmt":"2021-06-08T19:13:18","slug":"ueberregionale-demonstration-am-19-juni-2021-in-koeln-gemeinsame-sicherheit-statt-konfrontation-abruestung-und-entspannung-jetzt","status":"publish","type":"post","link":"https:\/\/www.friedenkoeln.de\/?p=16871","title":{"rendered":"\u00dcberregionale Demonstration am 19. Juni 2021 in K\u00f6ln:  Gemeinsame Sicherheit statt Konfrontation \u2013  Abr\u00fcstung und Entspannung jetzt!"},"content":{"rendered":"<h4>\u00dcberregionale Demonstration:\u00a0Gemeinsame Sicherheit statt Konfrontation \u2013\u00a0Abr\u00fcstung und Entspannung jetzt!<\/h4>\n<p><strong>Samstag, 19. Juni 2021, 14:00 Uhr, Barbarossaplatz, K\u00f6ln<\/strong><\/p>\n<div id=\"attachment_16874\" style=\"width: 784px\" class=\"wp-caption aligncenter\"><img loading=\"lazy\" decoding=\"async\" aria-describedby=\"caption-attachment-16874\" class=\"size-full wp-image-16874\" src=\"https:\/\/www.friedenkoeln.de\/wp-content\/uploads\/2021\/06\/Motiv-Friedensdemo-Voelkerfreundschaft.png\" alt=\"Zwischen einem skizzierten K\u00f6lner Dom und einer russisch-orthodoxen Zwiebelturmkirche sammeln sich eine Menge kleiner blauer Strichm\u00e4nnchen zu einer Friedenstaube.\" width=\"774\" height=\"309\" srcset=\"https:\/\/www.friedenkoeln.de\/wp-content\/uploads\/2021\/06\/Motiv-Friedensdemo-Voelkerfreundschaft.png 774w, https:\/\/www.friedenkoeln.de\/wp-content\/uploads\/2021\/06\/Motiv-Friedensdemo-Voelkerfreundschaft-200x80.png 200w, https:\/\/www.friedenkoeln.de\/wp-content\/uploads\/2021\/06\/Motiv-Friedensdemo-Voelkerfreundschaft-768x307.png 768w\" sizes=\"auto, (max-width: 774px) 100vw, 774px\" \/><p id=\"caption-attachment-16874\" class=\"wp-caption-text\">Grafik &#8222;Friedensdemo &#8211; V\u00f6lkerfreundschaft&#8220;: K\u00f6lner Friedensforum<\/p><\/div>\n<p>Im Rahmen der bundesweiten Aktionstage \u201eAbr\u00fcsten statt Aufr\u00fcsten\u201c und aus Anlass des 80. Jahrestages des \u00dcberfalls auf die UdSSR:<\/p>\n<p><strong>Demo<\/strong> zum Friesenplatz mit Tafeln der Erinnerung, <strong>Kundgebung<\/strong> und <strong>Kulturprogrammm<\/strong><\/p>\n<p>Wir wandeln den Friesenplatz in <strong>Friedensplatz<\/strong> um mit Musik von <strong>HopStopBanda<\/strong> und Reden von:<\/p>\n<ul>\n<li><strong>Ulrich Schneider<\/strong> (Generalsekret\u00e4r der Internationa\u00adlen F\u00f6deration der Widerstandsk\u00e4mpfer \u2013 FIR)<\/li>\n<li><strong>Michael M\u00fcller<\/strong> (Vorsitzender der Naturfreunde, Staatssekret\u00e4r a. D.)<\/li>\n<li><strong>Angelika Clau\u00dfen<\/strong> (Vorsitzende der \u00e4rztlichen Friedensorganisation IPPNW)<\/li>\n<li><strong>Witich Ro\u00dfmann<\/strong> (Vorsitzender des DGB K\u00f6ln), sowie<\/li>\n<\/ul>\n<p>Gru\u00dfworte von<\/p>\n<ul>\n<li><strong>Fridays for Future<\/strong>,<\/li>\n<li><strong>B\u00fcndnis Mietenstopp<\/strong> und dem<\/li>\n<li><strong>Gesundheitsb\u00fcndnis K\u00f6ln<\/strong><\/li>\n<\/ul>\n<p>Unser <a href=\"https:\/\/www.friedenkoeln.de\/wp-content\/uploads\/2021\/06\/Demo-Gemeinsame-Sicherheit-19-06-21_A4-2.pdf\">Flyer zum Herunterladen<\/a>.<\/p>\n<p>Laufende Infos zur Veranstaltung auf <a href=\"https:\/\/www.facebook.com\/events\/317594540044601\">Facebook<\/a>.<\/p>\n<p>Wir empfehlen die Lekt\u00fcre der neu erschienen <a href=\"https:\/\/abruesten.jetzt\/wp-content\/uploads\/2021\/06\/Web_Zeitung-ABRUeSTEN-STATT-AUFRUeSTEN_Juni-2021.pdf\">Zeitung der bundesweite Kampagne \u201eAbr\u00fcsten statt Aufr\u00fcsten\u201c<\/a>, mit Beitr\u00e4gen unter anderem vom DGB-Vorsitzenden <strong>Reiner Hoffmann<\/strong>, von <strong>Udo Lindenberg<\/strong> und von <strong>Michael M\u00fcller<\/strong>, der beim K\u00f6lner Aktionstag reden wird.<\/p>\n<h4>Aufruf zu Demo und Kundgebung<\/h4>\n<p>Am 22. Juni 2021 j\u00e4hrt sich zum 80. Mal der \u00dcber\u00adfall der deutschen Wehrmacht auf die So\u00adwjetunion. Dieser Tag mahnt uns: Nie wieder! 27 Millionen Menschen aus der Sowjetunion fie\u00adlen dem Raub- und Vernichtungskrieg des \u201eDrit\u00adten Reichs\u201c zum Op\u00adfer. Vorbereitet wurde die\u00adser Krieg unter an\u00adder\u00adem mit massiver Auf\u00adr\u00fcs\u00adtung und der Verbreitung von politi\u00adschen und rassistischen Feindbildern.<\/p>\n<p>Aus der Geschichte erw\u00e4chst eine besondere Ver\u00adant\u00adwortung der Bundesrepu\u00adblik f\u00fcr eine Po\u00adlitik der Ab\u00adr\u00fcstung und Ent\u00adspannung gera\u00adde in Bezug auf die Nach\u00adfolgestaaten der So\u00adwjet\u00adunion. Wir be\u00adobach\u00adten heute allerdings mit gro\u00dfer Sor\u00adge, dass die Nato-Staaten gegen Russ\u00adland und China einen Kurs der Konfron\u00ad\u00adtation um geostrategische Vor\u00admacht\u00ad\u00adstel\u00adlung und Einflusssph\u00e4ren forcieren. Alte und neue Feindbilder werden wieder gesch\u00fcrt.<\/p>\n<p>Es liegt an uns, in diesen Wahlkampf\u00adzei\u00adten f\u00fcr ei\u00adnen politischen Richtungswechsel einzutreten, die Stim\u00admen f\u00fcr Abr\u00fcstung und Entspan\u00adnung weltweit zu st\u00e4rken und positiv zu ent\u00adschei\u00adden, wohin das Pen\u00ad\u00addel schl\u00e4gt:<\/p>\n<ul>\n<li>Sp\u00e4testens mit der Corona-Pandemie und der Klimakrise wird in neuem Ma\u00dfe deutlich: Globale Probleme sind nur mit internationaler Solidarit\u00e4t und ziviler Zusammenarbeit zu l\u00f6sen. Stattdessen r\u00fccken die Nato-Staaten aktuell mit dem Man\u00f6ver \u201eDefender 2021\u201c mit 30.000 Soldat*innen bis an die Grenzen Russlands vor.<\/li>\n<li>Wir brauchen nicht immer mehr und modernere Waffen, sondern die internationale \u00c4chtung von Killerdrohnen. Stattdessen plant die Gro\u00dfe Koalition am 23. Juni noch in den letzten Ausschuss-Sitzungen dieses Bundestages einen Beschluss von milliardenschweren Entwicklungsauftr\u00e4gen f\u00fcr das von Drohnenschw\u00e4rmen begleitete Kampfflugzeug \u201eFuture Combat Air System\u201c (FCAS) \u2013 das gr\u00f6\u00dfte europ\u00e4ische R\u00fcstungsprojekt aller Zeiten.<\/li>\n<li>W\u00e4hrend der von den internationalen Friedenskr\u00e4ften erk\u00e4mpfte Atomwaffen-Verbotsvertrag im Januar in Kraft getreten ist, sperrt sich die Bundesregierung gegen einen Beitritt und den l\u00e4ngst \u00fcberf\u00e4lligen Abzug aller US-Atomwaffen aus Deutschland.<\/li>\n<li>Statt Fluchtursachen zu bek\u00e4mpfen \u2013 unter anderem durch den sofortigen Stopp von R\u00fcstungsexporten und die Beendigung der Beteiligung an Interventionskriegen \u2013 werden die Gefl\u00fcchteten bek\u00e4mpft und die EU-Au\u00dfengrenzen milit\u00e4risch abgeriegelt.<\/li>\n<li>Zur \u00dcberwindung der gesellschaftlichen Sch\u00e4den von \u00fcber 20 Jahren neoliberaler Politik sind massive Investitionen in Gesundheit, Bildung, Kultur, sozialen Wohnungsbau und eine \u00f6kologische und soziale Wende notwendig. Stattdessen wurde in Deutschland der R\u00fcstungshaushalt zwischen 2000 und 2020 bereits nahezu verdoppelt und soll bis 2030 auf 85 Milliarden nochmals verdoppelt werden.<\/li>\n<\/ul>\n<p>Ein politischer Richtungswechsel ist \u00fcberf\u00e4llig! Gegen die aktuelle Spirale der Eskalation und Gewalt kommt es \u00fcberall darauf an, der Sehnsucht nach einem friedlichen Zusammenle\u00adben, nach grenz\u00ad\u00fcberschreitender Freund\u00adschaft und Solidarit\u00e4t Geltung zu verschaffen.<\/p>\n<p>Eine menschenw\u00fcrdige Zukunft und die L\u00f6\u00adsung der brennenden sozialen und \u00f6kologi\u00adschen Her\u00adaus\u00adforderungen der Zeit verlangen ein System gemein\u00adsamer Sicherheit weltweit. Wir setzen uns in dies\u00adem Sinn ein<\/p>\n<ul>\n<li>f\u00fcr eine Erneuerung der Entspannungspolitik mit Russland statt Eskalation und \u201eAbschreckung\u201c,<\/li>\n<li>f\u00fcr zivile Konfliktl\u00f6sung statt milit\u00e4rischer Eins\u00e4tze und&#8216;<\/li>\n<li>f\u00fcr massiven Sozialaufbau und Klimaschutz statt Aufr\u00fcstung.<\/li>\n<\/ul>\n<p>Es rufen auf:<\/p>\n<p>Friedensforum K\u00f6ln \u2022 Friedensforum D\u00fcsseldorf \u2022 Bonner Friedensb\u00fcndnis \u2022 Antikriegsb\u00fcndnis Aach\u00aden \u2022 DFG-VK NRW und K\u00f6ln \u2022 Arbeitskreis Zivilklausel Uni K\u00f6ln \u2022 DIDF \u2013 F\u00f6deration Demokratischer Ar\u00adbei\u00adtervereine \u2022 IG BAU K\u00f6ln-Bonn \u2022 linksjugend [&#8217;so\u00adlid] NRW \u2022 Kreisverband DIE LINKE K\u00f6ln \u2022 K\u00f6lner B\u00fcnd\u00adnis f\u00fcr mehr Personal im Ge\u00adsundheits\u00adwesen \u2022 DKP K\u00f6ln und Aachen \u2022 Freundschaftsgesellschaft BRD &#8211; Kuba K\u00f6ln \u2022 Seebr\u00fccke Aachen \u2022 NaturFreunde Bonn \u2022 Greenpeace K\u00f6ln \u2022 pax christi \/ Kommission Friedenspolitik \u2022 VVN-BdA K\u00f6ln, D\u00fcsseldorf und Aach\u00aden<\/p>\n<hr \/>\n<p><em>V.i.S.d.P.: <a href=\"http:\/\/www.koelnerfriedensforum.org\">K\u00f6lner Friedensforum<\/a>, Senta Pineau, \u2105 Friedensbildungswerk K\u00f6ln, Obenmarspforten 7-11, 50667 K\u00f6ln<\/em><\/p>\n","protected":false},"excerpt":{"rendered":"<p>\u00dcberregionale Demonstration:\u00a0Gemeinsame Sicherheit statt Konfrontation \u2013\u00a0Abr\u00fcstung und Entspannung jetzt! Samstag, 19. Juni 2021, 14:00 Uhr, Barbarossaplatz, K\u00f6ln Im Rahmen der bundesweiten Aktionstage \u201eAbr\u00fcsten statt Aufr\u00fcsten\u201c und aus Anlass des 80. Jahrestages des \u00dcberfalls auf&#46;&#46;&#46;<\/p>\n","protected":false},"author":110,"featured_media":16874,"comment_status":"open","ping_status":"open","sticky":false,"template":"","format":"standard","meta":{"footnotes":""},"categories":[116],"tags":[42,98,4],"class_list":["post-16871","post","type-post","status-publish","format-standard","has-post-thumbnail","hentry","category-aufruf","tag-abruestung","tag-entspannungspolitik","tag-zivile-konfliktloesung"],"_links":{"self":[{"href":"https:\/\/www.friedenkoeln.de\/index.php?rest_route=\/wp\/v2\/posts\/16871","targetHints":{"allow":["GET"]}}],"collection":[{"href":"https:\/\/www.friedenkoeln.de\/index.php?rest_route=\/wp\/v2\/posts"}],"about":[{"href":"https:\/\/www.friedenkoeln.de\/index.php?rest_route=\/wp\/v2\/types\/post"}],"author":[{"embeddable":true,"href":"https:\/\/www.friedenkoeln.de\/index.php?rest_route=\/wp\/v2\/users\/110"}],"replies":[{"embeddable":true,"href":"https:\/\/www.friedenkoeln.de\/index.php?rest_route=%2Fwp%2Fv2%2Fcomments&post=16871"}],"version-history":[{"count":2,"href":"https:\/\/www.friedenkoeln.de\/index.php?rest_route=\/wp\/v2\/posts\/16871\/revisions"}],"predecessor-version":[{"id":16875,"href":"https:\/\/www.friedenkoeln.de\/index.php?rest_route=\/wp\/v2\/posts\/16871\/revisions\/16875"}],"wp:featuredmedia":[{"embeddable":true,"href":"https:\/\/www.friedenkoeln.de\/index.php?rest_route=\/wp\/v2\/media\/16874"}],"wp:attachment":[{"href":"https:\/\/www.friedenkoeln.de\/index.php?rest_route=%2Fwp%2Fv2%2Fmedia&parent=16871"}],"wp:term":[{"taxonomy":"category","embeddable":true,"href":"https:\/\/www.friedenkoeln.de\/index.php?rest_route=%2Fwp%2Fv2%2Fcategories&post=16871"},{"taxonomy":"post_tag","embeddable":true,"href":"https:\/\/www.friedenkoeln.de\/index.php?rest_route=%2Fwp%2Fv2%2Ftags&post=16871"}],"curies":[{"name":"wp","href":"https:\/\/api.w.org\/{rel}","templated":true}]}}