{"id":16881,"date":"2021-07-23T16:19:27","date_gmt":"2021-07-23T14:19:27","guid":{"rendered":"https:\/\/www.friedenkoeln.de\/?p=16881"},"modified":"2021-07-23T16:37:48","modified_gmt":"2021-07-23T14:37:48","slug":"mitmachen-kundgebung-fuer-die-menschlichkeit-am-hiroshima-tag-6-august-2021-in-koeln","status":"publish","type":"post","link":"https:\/\/www.friedenkoeln.de\/?p=16881","title":{"rendered":"Mitmachen: Kundgebung f\u00fcr die Menschlichkeit am Hiroshima-Tag, 6. August 2021, in K\u00f6ln"},"content":{"rendered":"<h4>Am 76. Jahrestag des Atombombenabwurfs auf Hiroshima rufen wir zu einer Kundgebung f\u00fcr die Menschlichkeit und die Abschaffung aller Atomwaffen auf!<\/h4>\n<p style=\"text-align: center;\"><b>Freitag, 6. August 2021, 18:00 Uhr,<\/b><\/p>\n<p style=\"text-align: center;\">Treffpunkt und Auftakt: Aachener Weiher, N\u00e4he Biergarten, Richard-Wagner-Stra\u00dfe (KVB Linien 1 und 7 bis &#8222;Moltkestra\u00dfe&#8220;)<\/p>\n<p><b>Gemeinsamer Gang zum Mahnmal \u201eAtomwaffen abschaffen!\u201c im Hiroshima-Nagasaki-Park. Gedenken an die Opfer der Atombombenangriffe auf die japanischen St\u00e4dte Hiroshima und Nagasaki am 6. und 9. August 1945 mit<\/b><\/p>\n<ul>\n<li><b>Dr. Matthias-W. Engelke<\/b>, Friedenstheologe, Internationaler Vers\u00f6hnungsbund<\/li>\n<li><b>Klaus der Geiger<\/b><\/li>\n<\/ul>\n<p><strong>Demonstrationszug zum Klima-Camp K\u00f6ln der \u201cFridays for Future\u201c und \u201eStudents for Future\u201c auf der Uniwiese<\/strong>, zwischen Mensa und Hauptgeb\u00e4ude der Universit\u00e4t K\u00f6ln, Z\u00fclpicher Stra\u00dfe (KVB Linie 9 bis \u201eK\u00f6ln Universit\u00e4t\u201c).<\/p>\n<p>Programm:<span class=\"Apple-converted-space\">\u00a0<\/span><\/p>\n<ul>\n<li><b>Lee Bach<\/b>, Musik<\/li>\n<li><b>Friedens-Choreografie zum Mitmachen<\/b> (wetterfeste Kleidung mitbringen!)<span class=\"Apple-converted-space\">\u00a0<\/span><\/li>\n<li><b>Andreas Hupke<\/b>, Bezirksb\u00fcrgermeister Innenstadt <span class=\"Apple-converted-space\">\u00a0<\/span><\/li>\n<li><b>Andreas Zumach<\/b>, Journalist und Publizist<\/li>\n<li><b>Gerd Schinkel<\/b>, Musiker, Autor und Liedermacher<\/li>\n<\/ul>\n<p>Am 6. August 1945 warf die US-Luftwaffe eine \u201cLittle Boy\u201c genannte Uran-Atombombe auf die japanische Stadt Hiroshima. Drei Tage sp\u00e4ter bombardierte sie Nagasaki mit \u201eFat Man\u201c, einer Plutonium-Bombe. Zehntausende Menschen starben unmittelbar, Hunderttausende sp\u00e4ter infolge ihrer Verletzungen und der Folgen der radioaktiven Verstrahlung.<\/p>\n<p>Nach Kriegsende gelang es nicht, das atomare Wettr\u00fcsten zu stoppen. Der Uran-Bergbau, die Produktion von Kernwaffen und die tausendfachen Test-Explosionen forderten ungez\u00e4hlte weitere Opfer \u2013 vielfach unter indigenen V\u00f6lkern &#8211; und zerst\u00f6rten die Natur an den Testst\u00e4tten. Auch heute richtet die milit\u00e4rische und zivile Atomindustrie Sch\u00e4den an Mensch und Natur an. Das Leiden geht weiter.<\/p>\n<div id=\"attachment_10329\" style=\"width: 404px\" class=\"wp-caption alignleft\"><img loading=\"lazy\" decoding=\"async\" aria-describedby=\"caption-attachment-10329\" class=\" wp-image-10329\" src=\"https:\/\/www.friedenkoeln.de\/wp-content\/uploads\/2017\/02\/Gedenkstein-Foto_von_Konrad_2007_wp.jpg\" alt=\"\" width=\"394\" height=\"263\" srcset=\"https:\/\/www.friedenkoeln.de\/wp-content\/uploads\/2017\/02\/Gedenkstein-Foto_von_Konrad_2007_wp.jpg 1300w, https:\/\/www.friedenkoeln.de\/wp-content\/uploads\/2017\/02\/Gedenkstein-Foto_von_Konrad_2007_wp-320x213.jpg 320w, https:\/\/www.friedenkoeln.de\/wp-content\/uploads\/2017\/02\/Gedenkstein-Foto_von_Konrad_2007_wp-634x423.jpg 634w, https:\/\/www.friedenkoeln.de\/wp-content\/uploads\/2017\/02\/Gedenkstein-Foto_von_Konrad_2007_wp-924x616.jpg 924w, https:\/\/www.friedenkoeln.de\/wp-content\/uploads\/2017\/02\/Gedenkstein-Foto_von_Konrad_2007_wp-139x94.jpg 139w\" sizes=\"auto, (max-width: 394px) 100vw, 394px\" \/><p id=\"caption-attachment-10329\" class=\"wp-caption-text\">Gedenkstein im Hiroshima-Nagasaki-Park K\u00f6ln. Foto: Konrad H\u00f6cker, 5.8.2007.<\/p><\/div>\n<p>Weltweit engagieren sich seitdem Menschen f\u00fcr die Abschaffung aller Atomwaffen. Die Friedensbewegung geht Hand in Hand mit der Naturschutz- und Klimabewegung. Beide erzielten gro\u00dfe Erfolge durch den Abschluss v\u00f6lkerrechtlicher Abkommen. Die Internationale Kampagne zur Abschaffung von Atomwaffen (ICAN) erhielt 2017 den Friedensnobelpreis f\u00fcr ihr Engagement f\u00fcr einen globalen Atomwaffenverbotsvertrag (AVV). Dieser Vertrag wurde von 122 Staaten der Vereinten Nationen beschlossen und trat am 22. Januar 2021 in Kraft. Er wurde mittlerweile von 86 L\u00e4ndern unterzeichnet.<\/p>\n<p>Leider geh\u00f6rt Deutschland bisher nicht zu den Unterzeichnern, obwohl 127 deutsche St\u00e4dte die Bundesregierung zur Unterzeichnung aufgerufen haben, darunter auch die Stadt K\u00f6ln. Gerade Deutschland k\u00f6nnte einen wichtigen Impuls f\u00fcr atomare Abr\u00fcstung und Entspannungspolitik setzen.<\/p>\n<p>\u00dcber 90% der Bev\u00f6lkerung lehnt die Stationierung der US-Atombomben auf dem<span class=\"Apple-converted-space\">\u00a0<\/span>Bundeswehr-Flugplatz B\u00fcchel (Eifel), 90 Kilometer Luftlinie von K\u00f6ln entfernt, ab. Die \u201eNukleare Teilhabe\u201c Deutschlands ist auch in der Gro\u00dfen Koalition offen umstritten.<\/p>\n<p><b>Als Zivilgesellschaft in der Demokratie mischen wir uns gerade in diesem Jahr der Bundestagswahl friedenspolitisch ein<\/b><b>:<\/b><\/p>\n<p><b>Wir fordern eine menschliche und menschenrechtsorientierte Au\u00dfenpolitik und nehmen nicht hin, dass eine Bundesregierung anderen V\u00f6lkern mit dem Atomtod droht und dies als Sicherheitspolitik bezeichnet. Es muss m\u00f6glich sein, die Sicherheit der Menschen ohne das Drohpotenzial eines Atomkrieges zu gew\u00e4hrleisten!<\/b><\/p>\n<p>Die L\u00f6sung der zivilisatorischen Zukunftsfragen, der Erhalt der nat\u00fcrlichen Lebensgrundlagen, die Sicherung von Ern\u00e4hrung und Gesundheit, die St\u00e4rkung von Demokratie und sozialer Gerechtigkeit erfordern Abr\u00fcstung und Sozialaufbau, globale Zusammenarbeit statt nationaler Machtpolitik. Die Sicherheit vor einem Atomkrieg und vor einer Klimakatastrophe ist ein globales \u00f6ffentliches Gut \u2013 sie betrifft alle Menschen und muss zugunsten aller Menschen bewahrt werden!<\/p>\n<p><b>Die US-Atombomben m\u00fcssen aus B\u00fcchel abgezogen werden!<span class=\"Apple-converted-space\">\u00a0<\/span><\/b><\/p>\n<p><a href=\"https:\/\/www.friedenkoeln.de\/wp-content\/uploads\/2021\/07\/flyer-hirosh-21-8.pdf\">Druckbarer Flyer zum Download<\/a>.<img loading=\"lazy\" decoding=\"async\" class=\"alignnone size-full wp-image-16884\" src=\"https:\/\/www.friedenkoeln.de\/wp-content\/uploads\/2021\/07\/flyer-hirosh-21-8_Seite-1-scaled.jpg\" alt=\"\" width=\"1810\" height=\"2560\" srcset=\"https:\/\/www.friedenkoeln.de\/wp-content\/uploads\/2021\/07\/flyer-hirosh-21-8_Seite-1-scaled.jpg 1810w, https:\/\/www.friedenkoeln.de\/wp-content\/uploads\/2021\/07\/flyer-hirosh-21-8_Seite-1-141x200.jpg 141w, https:\/\/www.friedenkoeln.de\/wp-content\/uploads\/2021\/07\/flyer-hirosh-21-8_Seite-1-768x1086.jpg 768w, https:\/\/www.friedenkoeln.de\/wp-content\/uploads\/2021\/07\/flyer-hirosh-21-8_Seite-1-1086x1536.jpg 1086w, https:\/\/www.friedenkoeln.de\/wp-content\/uploads\/2021\/07\/flyer-hirosh-21-8_Seite-1-1448x2048.jpg 1448w\" sizes=\"auto, (max-width: 1810px) 100vw, 1810px\" \/><img loading=\"lazy\" decoding=\"async\" class=\"alignnone size-full wp-image-16883\" src=\"https:\/\/www.friedenkoeln.de\/wp-content\/uploads\/2021\/07\/flyer-hirosh-21-8_Seite-2-scaled.jpg\" alt=\"\" width=\"1810\" height=\"2560\" srcset=\"https:\/\/www.friedenkoeln.de\/wp-content\/uploads\/2021\/07\/flyer-hirosh-21-8_Seite-2-scaled.jpg 1810w, https:\/\/www.friedenkoeln.de\/wp-content\/uploads\/2021\/07\/flyer-hirosh-21-8_Seite-2-141x200.jpg 141w, https:\/\/www.friedenkoeln.de\/wp-content\/uploads\/2021\/07\/flyer-hirosh-21-8_Seite-2-768x1086.jpg 768w, https:\/\/www.friedenkoeln.de\/wp-content\/uploads\/2021\/07\/flyer-hirosh-21-8_Seite-2-1086x1536.jpg 1086w, https:\/\/www.friedenkoeln.de\/wp-content\/uploads\/2021\/07\/flyer-hirosh-21-8_Seite-2-1448x2048.jpg 1448w\" sizes=\"auto, (max-width: 1810px) 100vw, 1810px\" \/><\/p>\n","protected":false},"excerpt":{"rendered":"<p>Am 76. Jahrestag des Atombombenabwurfs auf Hiroshima rufen wir zu einer Kundgebung f\u00fcr die Menschlichkeit und die Abschaffung aller Atomwaffen auf! Freitag, 6. August 2021, 18:00 Uhr, Treffpunkt und Auftakt: Aachener Weiher, N\u00e4he Biergarten,&#46;&#46;&#46;<\/p>\n","protected":false},"author":110,"featured_media":10329,"comment_status":"open","ping_status":"open","sticky":false,"template":"","format":"standard","meta":{"footnotes":""},"categories":[2,104,158],"tags":[33,112,110],"class_list":["post-16881","post","type-post","status-publish","format-standard","has-post-thumbnail","hentry","category-aktionen","category-ankuendigung","category-flyer","tag-atomwaffen","tag-atomwaffenverbotsvertrag","tag-klima"],"_links":{"self":[{"href":"https:\/\/www.friedenkoeln.de\/index.php?rest_route=\/wp\/v2\/posts\/16881","targetHints":{"allow":["GET"]}}],"collection":[{"href":"https:\/\/www.friedenkoeln.de\/index.php?rest_route=\/wp\/v2\/posts"}],"about":[{"href":"https:\/\/www.friedenkoeln.de\/index.php?rest_route=\/wp\/v2\/types\/post"}],"author":[{"embeddable":true,"href":"https:\/\/www.friedenkoeln.de\/index.php?rest_route=\/wp\/v2\/users\/110"}],"replies":[{"embeddable":true,"href":"https:\/\/www.friedenkoeln.de\/index.php?rest_route=%2Fwp%2Fv2%2Fcomments&post=16881"}],"version-history":[{"count":6,"href":"https:\/\/www.friedenkoeln.de\/index.php?rest_route=\/wp\/v2\/posts\/16881\/revisions"}],"predecessor-version":[{"id":16891,"href":"https:\/\/www.friedenkoeln.de\/index.php?rest_route=\/wp\/v2\/posts\/16881\/revisions\/16891"}],"wp:featuredmedia":[{"embeddable":true,"href":"https:\/\/www.friedenkoeln.de\/index.php?rest_route=\/wp\/v2\/media\/10329"}],"wp:attachment":[{"href":"https:\/\/www.friedenkoeln.de\/index.php?rest_route=%2Fwp%2Fv2%2Fmedia&parent=16881"}],"wp:term":[{"taxonomy":"category","embeddable":true,"href":"https:\/\/www.friedenkoeln.de\/index.php?rest_route=%2Fwp%2Fv2%2Fcategories&post=16881"},{"taxonomy":"post_tag","embeddable":true,"href":"https:\/\/www.friedenkoeln.de\/index.php?rest_route=%2Fwp%2Fv2%2Ftags&post=16881"}],"curies":[{"name":"wp","href":"https:\/\/api.w.org\/{rel}","templated":true}]}}