{"id":16893,"date":"2021-07-30T00:13:02","date_gmt":"2021-07-29T22:13:02","guid":{"rendered":"https:\/\/www.friedenkoeln.de\/?p=16893"},"modified":"2021-08-02T18:58:28","modified_gmt":"2021-08-02T16:58:28","slug":"du-sollst-kein-atombombenopfer-sein","status":"publish","type":"post","link":"https:\/\/www.friedenkoeln.de\/?p=16893","title":{"rendered":"Du sollst kein Atombombenopfer sein!"},"content":{"rendered":"<p>&#8230;.mit diesem Imperativ auf seinem T-Shirt empf\u00e4ngt Pastor Matthias Engelke freundlich jeden Besucher der &#8222;12 \u00f6ffentlichen Fastenaktion bis zum Abzug der Atomwaffen der Vereinigten Staaten von Amerika&#8220;, die vom 25.7-9.8.21 in Emden, K\u00f6ln und B\u00fcchel stattfindet.<\/p>\n<p><img loading=\"lazy\" decoding=\"async\" class=\"alignnone size-full wp-image-16894\" src=\"https:\/\/www.friedenkoeln.de\/wp-content\/uploads\/2021\/07\/Engelke1-scaled.jpg\" alt=\"\" width=\"1920\" height=\"2560\" srcset=\"https:\/\/www.friedenkoeln.de\/wp-content\/uploads\/2021\/07\/Engelke1-scaled.jpg 1920w, https:\/\/www.friedenkoeln.de\/wp-content\/uploads\/2021\/07\/Engelke1-150x200.jpg 150w, https:\/\/www.friedenkoeln.de\/wp-content\/uploads\/2021\/07\/Engelke1-768x1024.jpg 768w, https:\/\/www.friedenkoeln.de\/wp-content\/uploads\/2021\/07\/Engelke1-1152x1536.jpg 1152w, https:\/\/www.friedenkoeln.de\/wp-content\/uploads\/2021\/07\/Engelke1-1536x2048.jpg 1536w\" sizes=\"auto, (max-width: 1920px) 100vw, 1920px\" \/><\/p>\n<p>In K\u00f6ln sind die Fastenden Tag und Nacht vom 29.-31.7. vor dem Personalamt der Bundeswehr, Milit\u00e4rringstr. 1000, 50737 K\u00f6ln-Longerich vom 2.-4.8 vor dem Luftwaffenamt der Bundeswehr, Flughafenstr. 1, 51147 Porz-Wahn und am 6.8. bei der Kundgebung am Aachener Weiher ab 18.00 Uhr.<\/p>\n<p>Zum Abschluss findet dann in B\u00fcchel vom 8.8., 11.02 Uhr bis 9.8., 11.02 (Uhr (Zeitpunkt des Abwurfs der Atombombe von Nagasaki) ein Dauergebet statt. Anschlie\u00dfend Fastenbrechen.<\/p>\n<p>Als besondere H\u00f6hepunkte des K\u00f6lner Programms m\u00f6chte ih die M\u00f6glichkeit hervorheben, am 3.8. um 13.00 Uhr im Bundeswehrgel\u00e4nde in Porz-Wahn am Grab der revolution\u00e4ren Matrosen und Deserteure zu Gedenken. Wer daran teilnehmen m\u00f6chte, sollte um 13.00 Uhr vor dem Luftwaffenamt sein. Anschlie\u00dfend findet vor dem Luftwaffenamt ein Friedensfest statt.<\/p>\n<p><img loading=\"lazy\" decoding=\"async\" class=\"alignnone size-full wp-image-16895\" src=\"https:\/\/www.friedenkoeln.de\/wp-content\/uploads\/2021\/07\/Engelke2-scaled.jpg\" alt=\"\" width=\"2560\" height=\"1920\" srcset=\"https:\/\/www.friedenkoeln.de\/wp-content\/uploads\/2021\/07\/Engelke2-scaled.jpg 2560w, https:\/\/www.friedenkoeln.de\/wp-content\/uploads\/2021\/07\/Engelke2-200x150.jpg 200w, https:\/\/www.friedenkoeln.de\/wp-content\/uploads\/2021\/07\/Engelke2-768x576.jpg 768w, https:\/\/www.friedenkoeln.de\/wp-content\/uploads\/2021\/07\/Engelke2-1536x1152.jpg 1536w, https:\/\/www.friedenkoeln.de\/wp-content\/uploads\/2021\/07\/Engelke2-2048x1536.jpg 2048w\" sizes=\"auto, (max-width: 2560px) 100vw, 2560px\" \/><\/p>\n<p>N\u00e4here und ausf\u00fchrlichere Informationen sind unter <a href=\"http:\/\/fastenkampagne.blogspot.com\/\">http:\/\/fastenkampagne.blogspot.com\u00a0 <\/a>weiterhin unter <a href=\"https:\/\/buechel-atombombenfrei.jimdofree.com\/gruppen\/fastenaktion\/\">https:\/\/buechel-atombombenfrei.jimdofree.com\/gruppen\/fastenaktion\/<\/a>\u00a0 zu finden.<\/p>\n<p>Ich w\u00fcnsche der Fastenaktion viele BesucherInnen und InteressentInnen, g\u00fcnstige Wetterbedingungen und der Bedeutung des Themas entsprechenden Widerhall in den Medien. Es w\u00e4re wirklich wichtig, wenn mehr Bundeswehrsoldaten zunehmend erkennen w\u00fcrden, dass die Vorbereitung des Einsatzes von Atomwaffen mit den proklamierten Zielen der Bundeswehr nicht in Einklang steht.<\/p>\n<p>M\u00f6ge diese Aktion sich m\u00f6glichst bald \u00fcberfl\u00fcssig gemacht haben, weil Deutschland endlich atomwaffenfrei und dem Atomwaffenverbostvertrag beigetreten ist.<\/p>\n<p style=\"text-align: right;\">Harald Fuchs<\/p>\n","protected":false},"excerpt":{"rendered":"<p>&#8230;.mit diesem Imperativ auf seinem T-Shirt empf\u00e4ngt Pastor Matthias Engelke freundlich jeden Besucher der &#8222;12 \u00f6ffentlichen Fastenaktion bis zum Abzug der Atomwaffen der Vereinigten Staaten von Amerika&#8220;, die vom 25.7-9.8.21 in Emden, K\u00f6ln und&#46;&#46;&#46;<\/p>\n","protected":false},"author":110,"featured_media":16894,"comment_status":"open","ping_status":"open","sticky":false,"template":"","format":"standard","meta":{"footnotes":""},"categories":[2,104],"tags":[33,112,212],"class_list":["post-16893","post","type-post","status-publish","format-standard","has-post-thumbnail","hentry","category-aktionen","category-ankuendigung","tag-atomwaffen","tag-atomwaffenverbotsvertrag","tag-friedensaktion"],"_links":{"self":[{"href":"https:\/\/www.friedenkoeln.de\/index.php?rest_route=\/wp\/v2\/posts\/16893","targetHints":{"allow":["GET"]}}],"collection":[{"href":"https:\/\/www.friedenkoeln.de\/index.php?rest_route=\/wp\/v2\/posts"}],"about":[{"href":"https:\/\/www.friedenkoeln.de\/index.php?rest_route=\/wp\/v2\/types\/post"}],"author":[{"embeddable":true,"href":"https:\/\/www.friedenkoeln.de\/index.php?rest_route=\/wp\/v2\/users\/110"}],"replies":[{"embeddable":true,"href":"https:\/\/www.friedenkoeln.de\/index.php?rest_route=%2Fwp%2Fv2%2Fcomments&post=16893"}],"version-history":[{"count":2,"href":"https:\/\/www.friedenkoeln.de\/index.php?rest_route=\/wp\/v2\/posts\/16893\/revisions"}],"predecessor-version":[{"id":16897,"href":"https:\/\/www.friedenkoeln.de\/index.php?rest_route=\/wp\/v2\/posts\/16893\/revisions\/16897"}],"wp:featuredmedia":[{"embeddable":true,"href":"https:\/\/www.friedenkoeln.de\/index.php?rest_route=\/wp\/v2\/media\/16894"}],"wp:attachment":[{"href":"https:\/\/www.friedenkoeln.de\/index.php?rest_route=%2Fwp%2Fv2%2Fmedia&parent=16893"}],"wp:term":[{"taxonomy":"category","embeddable":true,"href":"https:\/\/www.friedenkoeln.de\/index.php?rest_route=%2Fwp%2Fv2%2Fcategories&post=16893"},{"taxonomy":"post_tag","embeddable":true,"href":"https:\/\/www.friedenkoeln.de\/index.php?rest_route=%2Fwp%2Fv2%2Ftags&post=16893"}],"curies":[{"name":"wp","href":"https:\/\/api.w.org\/{rel}","templated":true}]}}