{"id":16898,"date":"2021-08-05T23:20:24","date_gmt":"2021-08-05T21:20:24","guid":{"rendered":"https:\/\/www.friedenkoeln.de\/?p=16898"},"modified":"2021-08-08T23:47:09","modified_gmt":"2021-08-08T21:47:09","slug":"5-8-21-solidaritaet-mit-ruslan-kozaba-vor-dem-generalkonsulat-der-ukraine-in-duesseldorf","status":"publish","type":"post","link":"https:\/\/www.friedenkoeln.de\/?p=16898","title":{"rendered":"5.8.21: Solidarit\u00e4t mit Ruslan Kotsaba vor dem Generalkonsulat der Ukraine in D\u00fcsseldorf"},"content":{"rendered":"<p>Aktive der &#8222;Fastenaktion bis zum Abzug der Atomwaffen aus Deutschland (B\u00fcchel)&#8220; und der DFG-VK, Gruppe K\u00f6ln, bekundeten \u00f6ffentlich ihre Solidarit\u00e4t mit dem ukrainischen Pazifisten Ruslan Kotsaba, der am 5.8.21 eine erneute Anh\u00f6rung vor Gericht im gegen ihn anh\u00e4ngigen Strafverfahren hatte.<\/p>\n<p>Vor dem Generalkonsulat der Ukraine in D\u00fcsseldorf wurde eine Manhnwache mit Transparent gehalten und mit Flugblatt (<a href=\"https:\/\/www.friedenkoeln.de\/wp-content\/uploads\/2021\/08\/Ruslan-Kotsaba-21-1.pdf\">Ruslan Kotsaba 21) <\/a>und einer Rede \u00fcber die aktuelle Situation informiert.<\/p>\n<p><img loading=\"lazy\" decoding=\"async\" class=\"alignnone size-full wp-image-16901\" src=\"https:\/\/www.friedenkoeln.de\/wp-content\/uploads\/2021\/08\/5.8.21-Kotsaba-1-scaled.jpg\" alt=\"\" width=\"2560\" height=\"1440\" srcset=\"https:\/\/www.friedenkoeln.de\/wp-content\/uploads\/2021\/08\/5.8.21-Kotsaba-1-scaled.jpg 2560w, https:\/\/www.friedenkoeln.de\/wp-content\/uploads\/2021\/08\/5.8.21-Kotsaba-1-200x113.jpg 200w, https:\/\/www.friedenkoeln.de\/wp-content\/uploads\/2021\/08\/5.8.21-Kotsaba-1-768x432.jpg 768w, https:\/\/www.friedenkoeln.de\/wp-content\/uploads\/2021\/08\/5.8.21-Kotsaba-1-1536x864.jpg 1536w, https:\/\/www.friedenkoeln.de\/wp-content\/uploads\/2021\/08\/5.8.21-Kotsaba-1-2048x1152.jpg 2048w\" sizes=\"auto, (max-width: 2560px) 100vw, 2560px\" \/> <img loading=\"lazy\" decoding=\"async\" class=\"alignnone size-full wp-image-16902\" src=\"https:\/\/www.friedenkoeln.de\/wp-content\/uploads\/2021\/08\/5.8.21-Kotsaba-2-scaled.jpg\" alt=\"\" width=\"1440\" height=\"2560\" srcset=\"https:\/\/www.friedenkoeln.de\/wp-content\/uploads\/2021\/08\/5.8.21-Kotsaba-2-scaled.jpg 1440w, https:\/\/www.friedenkoeln.de\/wp-content\/uploads\/2021\/08\/5.8.21-Kotsaba-2-113x200.jpg 113w, https:\/\/www.friedenkoeln.de\/wp-content\/uploads\/2021\/08\/5.8.21-Kotsaba-2-768x1365.jpg 768w, https:\/\/www.friedenkoeln.de\/wp-content\/uploads\/2021\/08\/5.8.21-Kotsaba-2-864x1536.jpg 864w, https:\/\/www.friedenkoeln.de\/wp-content\/uploads\/2021\/08\/5.8.21-Kotsaba-2-1152x2048.jpg 1152w\" sizes=\"auto, (max-width: 1440px) 100vw, 1440px\" \/><\/p>\n<p>Da der Generalkonsul eine Gespr\u00e4chsbitte wegen Abwesenheit freundlich abgehnt hatte, wurde dem Generalkonsulat ein Brief zugestellt mit der Bitte, sich f\u00fcr die Rechte der Meinungsfreiheit und der Kriegsdienstverweigerung aus Gewissensgr\u00fcnden und Schutz f\u00fcr Ruslan Kotsaba und seine Grundrechte einzusetzen.<\/p>\n<p>Hier ist der Brief der Fastenden an den Generalkonsul: <a href=\"https:\/\/www.friedenkoeln.de\/wp-content\/uploads\/2021\/08\/Generalkonsul-Duesseldorf-1-1.pdf\">Generalkonsul D\u00fcsseldorf-1-1<\/a><\/p>\n<p>Hier ist ein Brief, den Ruslan Kotsaba aus dem Untersuchungsgef\u00e4ngnis an den Bischof der ukrainisch-griechisch-katholischen Kirche geschrieben hat: <a href=\"https:\/\/www.friedenkoeln.de\/wp-content\/uploads\/2021\/08\/ruslan-kotsaba-brief-an-bischof-deutsch.pdf\">ruslan-kotsaba-brief-an-bischof-deutsch<\/a><\/p>\n<p style=\"text-align: right;\">Harald Fuchs<\/p>\n<p><img loading=\"lazy\" decoding=\"async\" class=\"alignnone size-full wp-image-16903\" src=\"https:\/\/www.friedenkoeln.de\/wp-content\/uploads\/2021\/08\/5.8.21-Kotsaba-3-scaled.jpg\" alt=\"\" width=\"1440\" height=\"2560\" srcset=\"https:\/\/www.friedenkoeln.de\/wp-content\/uploads\/2021\/08\/5.8.21-Kotsaba-3-scaled.jpg 1440w, https:\/\/www.friedenkoeln.de\/wp-content\/uploads\/2021\/08\/5.8.21-Kotsaba-3-113x200.jpg 113w, https:\/\/www.friedenkoeln.de\/wp-content\/uploads\/2021\/08\/5.8.21-Kotsaba-3-768x1365.jpg 768w, https:\/\/www.friedenkoeln.de\/wp-content\/uploads\/2021\/08\/5.8.21-Kotsaba-3-864x1536.jpg 864w, https:\/\/www.friedenkoeln.de\/wp-content\/uploads\/2021\/08\/5.8.21-Kotsaba-3-1152x2048.jpg 1152w\" sizes=\"auto, (max-width: 1440px) 100vw, 1440px\" \/><\/p>\n<p><img loading=\"lazy\" decoding=\"async\" class=\"alignnone size-full wp-image-16911\" src=\"https:\/\/www.friedenkoeln.de\/wp-content\/uploads\/2021\/08\/5.8.21-Kotsaba-4.jpg\" alt=\"\" width=\"1196\" height=\"897\" srcset=\"https:\/\/www.friedenkoeln.de\/wp-content\/uploads\/2021\/08\/5.8.21-Kotsaba-4.jpg 1196w, https:\/\/www.friedenkoeln.de\/wp-content\/uploads\/2021\/08\/5.8.21-Kotsaba-4-200x150.jpg 200w, https:\/\/www.friedenkoeln.de\/wp-content\/uploads\/2021\/08\/5.8.21-Kotsaba-4-768x576.jpg 768w\" sizes=\"auto, (max-width: 1196px) 100vw, 1196px\" \/><\/p>\n","protected":false},"excerpt":{"rendered":"<p>Aktive der &#8222;Fastenaktion bis zum Abzug der Atomwaffen aus Deutschland (B\u00fcchel)&#8220; und der DFG-VK, Gruppe K\u00f6ln, bekundeten \u00f6ffentlich ihre Solidarit\u00e4t mit dem ukrainischen Pazifisten Ruslan Kotsaba, der am 5.8.21 eine erneute Anh\u00f6rung vor Gericht&#46;&#46;&#46;<\/p>\n","protected":false},"author":110,"featured_media":16902,"comment_status":"open","ping_status":"open","sticky":false,"template":"","format":"standard","meta":{"footnotes":""},"categories":[2,105],"tags":[215,7,8,3,213,214],"class_list":["post-16898","post","type-post","status-publish","format-standard","has-post-thumbnail","hentry","category-aktionen","category-bericht","tag-donbas","tag-kriegsdienstverweigerung-wehrpflicht","tag-kriminalisierung-von-antimilitarismus","tag-pazifismus","tag-ruslan-kotsaba","tag-ukraine"],"_links":{"self":[{"href":"https:\/\/www.friedenkoeln.de\/index.php?rest_route=\/wp\/v2\/posts\/16898","targetHints":{"allow":["GET"]}}],"collection":[{"href":"https:\/\/www.friedenkoeln.de\/index.php?rest_route=\/wp\/v2\/posts"}],"about":[{"href":"https:\/\/www.friedenkoeln.de\/index.php?rest_route=\/wp\/v2\/types\/post"}],"author":[{"embeddable":true,"href":"https:\/\/www.friedenkoeln.de\/index.php?rest_route=\/wp\/v2\/users\/110"}],"replies":[{"embeddable":true,"href":"https:\/\/www.friedenkoeln.de\/index.php?rest_route=%2Fwp%2Fv2%2Fcomments&post=16898"}],"version-history":[{"count":5,"href":"https:\/\/www.friedenkoeln.de\/index.php?rest_route=\/wp\/v2\/posts\/16898\/revisions"}],"predecessor-version":[{"id":16912,"href":"https:\/\/www.friedenkoeln.de\/index.php?rest_route=\/wp\/v2\/posts\/16898\/revisions\/16912"}],"wp:featuredmedia":[{"embeddable":true,"href":"https:\/\/www.friedenkoeln.de\/index.php?rest_route=\/wp\/v2\/media\/16902"}],"wp:attachment":[{"href":"https:\/\/www.friedenkoeln.de\/index.php?rest_route=%2Fwp%2Fv2%2Fmedia&parent=16898"}],"wp:term":[{"taxonomy":"category","embeddable":true,"href":"https:\/\/www.friedenkoeln.de\/index.php?rest_route=%2Fwp%2Fv2%2Fcategories&post=16898"},{"taxonomy":"post_tag","embeddable":true,"href":"https:\/\/www.friedenkoeln.de\/index.php?rest_route=%2Fwp%2Fv2%2Ftags&post=16898"}],"curies":[{"name":"wp","href":"https:\/\/api.w.org\/{rel}","templated":true}]}}