{"id":16950,"date":"2021-10-08T14:13:20","date_gmt":"2021-10-08T12:13:20","guid":{"rendered":"https:\/\/www.friedenkoeln.de\/?p=16950"},"modified":"2021-10-08T14:13:20","modified_gmt":"2021-10-08T12:13:20","slug":"demo-am-9-10-2021-in-noervenich-atomkriegsmanoever-steadfast-noon-absagen","status":"publish","type":"post","link":"https:\/\/www.friedenkoeln.de\/?p=16950","title":{"rendered":"Demo am 9.10.2021 in N\u00f6rvenich: Atomkriegsman\u00f6ver &#8222;Steadfast Noon&#8220; absagen!"},"content":{"rendered":"<div class=\"main-section\" role=\"main\">\n<div class=\"region region-content\">\n<section id=\"block-system-main\" class=\"block block-system clearfix collapsiblock-processed\">\n<div class=\"node node-event node-promoted view-mode-full \">\n<div class=\"row\">\n<div class=\"col-sm-12 \">\n<div class=\"field field-name-field-date-event field-type-datetime field-label-above\">\n<h4 class=\"field-items\" style=\"text-align: center;\">Demonstration &#8222;Atomkriegsman\u00f6ver Steadfast Noon absagen!&#8220; und f\u00fcr eine Welt ohne Atomwaffen!<\/h4>\n<\/div>\n<div class=\"field field-name-body field-type-text-with-summary field-label-hidden text\">\n<p style=\"text-align: center;\"><strong>Samstag, 9. Oktober 2021, 12 Uhr, Schlosspark N\u00f6rvenich<\/strong><\/p>\n<p style=\"text-align: center;\">mit:<\/p>\n<p style=\"text-align: center;\"><strong>Susanne R\u00f6ssler, ev. Pfarrerin (D\u00fcren \/ N\u00f6rvenich), <\/strong><\/p>\n<p style=\"text-align: center;\"><strong>Angelika Clau\u00dfen, Pr\u00e4sidentin der IPPNW Europa, <\/strong><\/p>\n<p style=\"text-align: center;\"><strong>Reiner Braun, Co\u00ad-Pr\u00e4sident IPB, <\/strong><\/p>\n<p style=\"text-align: center;\"><strong>Ludo De Brabander (belgische Friedensbewegung), <\/strong><\/p>\n<p style=\"text-align: center;\"><strong>Hildegard Slabik\u00ad-M\u00fcnter (Kampagne B\u00fcchel ist \u00fcberall! atomwaffenfrei.jetzt), <\/strong><\/p>\n<p style=\"text-align: center;\">Musik:<\/p>\n<p style=\"text-align: center;\"><strong>Nic Knatterton &amp; die Marmeladenfabrik<\/strong><\/p>\n<p style=\"text-align: center;\">anschl. Demo Zug zum Haupttor des Fliegerhorst N\u00f6rvenich ( Luftwaffengeschwader 31).<\/p>\n<p>Veranstalter:\u00a0<a href=\"https:\/\/www.friedensgruppedueren.de\">FriedensGruppeD\u00fcren<\/a>, <a href=\"https:\/\/antikriegsbuendnis-aachen.net\">Antikriegsb\u00fcndnis Aachen<\/a>, <a href=\"https:\/\/nrw.dfg-vk.de\">DFG-VK NRW<\/a>, <a href=\"http:\/\/www.atomwaffenfrei.de\/home.html\">Kampagne &#8222;B\u00fcchel ist \u00fcberall! &#8211; atomwaffenfrei.jetzt&#8220;<\/a>.<\/p>\n<p><a href=\"https:\/\/www.atomwaffenfrei.de\/home\/artikel\/79dfaa01f9ffa14d5fa2ab78695ed93d\/atomkriegsmanoever-steadfast-noon.html\">Weitere Infos<\/a> und <a href=\"https:\/\/www.friedenkoeln.de\/wp-content\/uploads\/2021\/10\/Flyer-Noervenich_20211009.pdf\">Flyer<\/a> zum Download.<\/p>\n<p>Anreise mit \u00d6PNV <b>von K\u00f6ln Hbf<\/b>:<\/p>\n<div>\n<ol>\n<li>f\u00fcr diejenigen, die fr\u00fchzeitig da sein wollen:<br \/>\num 9.47 ab Gleis 8 mit dem RE 9 Richtung Aachen Ankunft D\u00fcren Bahnhof um 10.13 Uhr<br \/>\num 10.21 ab D\u00fcren ZOB mit Bus 216 bis Kaiserplatz Ankunft 10.25 Uhr<br \/>\num 10.30 ab Kaiserplatz weiter mit Bus 208 zum Schlosspark N\u00f6rvenich Ankunft 10.56 Uhr<\/li>\n<li>f\u00fcr diejenigen, die auf den letzten Dr\u00fccker kommen wollen:<br \/>\ndas Gleiche 1 Std. sp\u00e4ter:<br \/>\num 10.47 ab Gleis 8 mit dem RE 9 Richtung Aachen Ankunft D\u00fcren Bahnhof um 11.13 Uhr<br \/>\num 11.21 ab D\u00fcren ZOB mit Bus 216 bis Kaiserplatz Ankunft 11.25 Uhr<br \/>\num 11.30 ab Kaiserplatz weiter mit Bus 208 zum Schlosspark N\u00f6rvenich Ankunft 11.56 Uhr<\/li>\n<\/ol>\n<p>ab 11.30 Uhr zwei Sonderbusse vom<strong> ZOB D\u00fcren<\/strong> nach <strong>N\u00f6rvenich<\/strong>(Schlosspark) und zur\u00fcck (16.30 Uhr) am Start.<\/p>\n<\/div>\n<\/div>\n<div class=\"field field-name-field-link-source field-type-link-field field-label-above\">\n<div class=\"field-items\"><img loading=\"lazy\" decoding=\"async\" class=\"size-full wp-image-16954 aligncenter\" src=\"https:\/\/www.friedenkoeln.de\/wp-content\/uploads\/2021\/10\/Flyer-Noervenich_20211009-scaled.jpg\" alt=\"Demo-Flyer mit viel Text und einem Foto von orangefarbenen Plastik-Atomraketen zum Aufblasen\" width=\"1810\" height=\"2560\" srcset=\"https:\/\/www.friedenkoeln.de\/wp-content\/uploads\/2021\/10\/Flyer-Noervenich_20211009-scaled.jpg 1810w, https:\/\/www.friedenkoeln.de\/wp-content\/uploads\/2021\/10\/Flyer-Noervenich_20211009-141x200.jpg 141w, https:\/\/www.friedenkoeln.de\/wp-content\/uploads\/2021\/10\/Flyer-Noervenich_20211009-768x1086.jpg 768w, https:\/\/www.friedenkoeln.de\/wp-content\/uploads\/2021\/10\/Flyer-Noervenich_20211009-1086x1536.jpg 1086w, https:\/\/www.friedenkoeln.de\/wp-content\/uploads\/2021\/10\/Flyer-Noervenich_20211009-1448x2048.jpg 1448w\" sizes=\"auto, (max-width: 1810px) 100vw, 1810px\" \/><\/div>\n<\/div>\n<\/div>\n<\/div>\n<\/div>\n<\/section>\n<\/div>\n<\/div>\n","protected":false},"excerpt":{"rendered":"<p>Demonstration &#8222;Atomkriegsman\u00f6ver Steadfast Noon absagen!&#8220; und f\u00fcr eine Welt ohne Atomwaffen! Samstag, 9. Oktober 2021, 12 Uhr, Schlosspark N\u00f6rvenich mit: Susanne R\u00f6ssler, ev. Pfarrerin (D\u00fcren \/ N\u00f6rvenich), Angelika Clau\u00dfen, Pr\u00e4sidentin der IPPNW Europa, Reiner&#46;&#46;&#46;<\/p>\n","protected":false},"author":110,"featured_media":16954,"comment_status":"open","ping_status":"open","sticky":false,"template":"","format":"standard","meta":{"footnotes":""},"categories":[116],"tags":[33,112,167,94],"class_list":["post-16950","post","type-post","status-publish","format-standard","has-post-thumbnail","hentry","category-aufruf","tag-atomwaffen","tag-atomwaffenverbotsvertrag","tag-militaermanoever","tag-nato"],"_links":{"self":[{"href":"https:\/\/www.friedenkoeln.de\/index.php?rest_route=\/wp\/v2\/posts\/16950","targetHints":{"allow":["GET"]}}],"collection":[{"href":"https:\/\/www.friedenkoeln.de\/index.php?rest_route=\/wp\/v2\/posts"}],"about":[{"href":"https:\/\/www.friedenkoeln.de\/index.php?rest_route=\/wp\/v2\/types\/post"}],"author":[{"embeddable":true,"href":"https:\/\/www.friedenkoeln.de\/index.php?rest_route=\/wp\/v2\/users\/110"}],"replies":[{"embeddable":true,"href":"https:\/\/www.friedenkoeln.de\/index.php?rest_route=%2Fwp%2Fv2%2Fcomments&post=16950"}],"version-history":[{"count":4,"href":"https:\/\/www.friedenkoeln.de\/index.php?rest_route=\/wp\/v2\/posts\/16950\/revisions"}],"predecessor-version":[{"id":16957,"href":"https:\/\/www.friedenkoeln.de\/index.php?rest_route=\/wp\/v2\/posts\/16950\/revisions\/16957"}],"wp:featuredmedia":[{"embeddable":true,"href":"https:\/\/www.friedenkoeln.de\/index.php?rest_route=\/wp\/v2\/media\/16954"}],"wp:attachment":[{"href":"https:\/\/www.friedenkoeln.de\/index.php?rest_route=%2Fwp%2Fv2%2Fmedia&parent=16950"}],"wp:term":[{"taxonomy":"category","embeddable":true,"href":"https:\/\/www.friedenkoeln.de\/index.php?rest_route=%2Fwp%2Fv2%2Fcategories&post=16950"},{"taxonomy":"post_tag","embeddable":true,"href":"https:\/\/www.friedenkoeln.de\/index.php?rest_route=%2Fwp%2Fv2%2Ftags&post=16950"}],"curies":[{"name":"wp","href":"https:\/\/api.w.org\/{rel}","templated":true}]}}