{"id":16979,"date":"2021-11-05T08:52:04","date_gmt":"2021-11-05T07:52:04","guid":{"rendered":"https:\/\/www.friedenkoeln.de\/?p=16979"},"modified":"2021-11-05T08:52:04","modified_gmt":"2021-11-05T07:52:04","slug":"online-fachtagung-am-6-11-2021-die-eu-auf-dem-weg-zur-militaermacht-oder-ein-friedensprojekt","status":"publish","type":"post","link":"https:\/\/www.friedenkoeln.de\/?p=16979","title":{"rendered":"Online-Fachtagung am 6.11.2021: Die EU &#8211; auf dem Weg zur Milit\u00e4rmacht oder ein Friedensprojekt?"},"content":{"rendered":"<p><em>Wir laden herzlich zur Online-Fachtagung ein:<\/em><\/p>\n<hr \/>\n<p><strong>Samstag, 6. November 2021, 14:00 &#8211; 17:00<\/strong><\/p>\n<p><b>Einwahldaten: <\/b><a href=\"https:\/\/us06web.zoom.us\/j\/89082987348?pwd=bWpoMTNrZnIxOUVqayszQ3lhNVFPQT09\"><b>https:\/\/us06web.zoom.us\/j\/89082987348?pwd=bWpoMTNrZnIxOUVqayszQ3lhNVFPQT09<\/b><\/a><\/p>\n<p>In den letzten Wochen geistert es immer wieder durch die Medien: Die EU muss eigenst\u00e4ndiger werden. In der WAZ wird der EU-Au\u00dfenbeauftragte zitiert:<\/p>\n<blockquote><p>Wir sollten bereit sein, unseren Teil der Last zu tragen, um Frieden und Sicherheit in der Welt zu wahren.<\/p><\/blockquote>\n<p>Und in einem nebenstehenden Artikel hei\u00dft es:<\/p>\n<blockquote><p>Will die EU als internationaler Akteur ernst genommen werden (\u2026) m\u00fc\u00dfte in milit\u00e4rischer (\u2026) Hinsicht eine deutlich h\u00f6here Integration<\/p><\/blockquote>\n<p>angestrebt werden. Es geht nicht um Frieden sondern um Macht und wirtschaftlichen Einfluss in der Welt. Daf\u00fcr wird zunehmend von Politikern und Medienvertretern der Militarisierung und der Schaffung einer EU-Armee das Wort geredet. Begr\u00fcndet wird dies aktuell mit einer notwendigen Losl\u00f6sung von den USA.<\/p>\n<p>Um diese Entwicklung und ihre Vorgeschichte aufzuarbeiten und zu diskutieren, veranstaltet der DFG-VK Landesverband NRW zusammen mit der Gruppe K\u00f6ln und dem Alois-Stoff-Bildungswerk eine Fachtagung unter dem Titel<\/p>\n<p><b>Die EU: Auf dem Weg zur Milit\u00e4rmacht oder ein Friedensprojekt?\u00a0<\/b><\/p>\n<p>Dazu haben wir<\/p>\n<p><strong>J\u00fcrgen Wagner (Informationsstelle Militarisierung IMI) und <\/strong><\/p>\n<p><strong>Dr. Christine Schweitzer (Bund f\u00fcr Soziale Verteidigung BS<\/strong>V)<\/p>\n<p>als sachkundige Referent:innen gewonnen.<\/p>\n<p><img loading=\"lazy\" decoding=\"async\" class=\"size-full wp-image-16981 alignright\" src=\"https:\/\/www.friedenkoeln.de\/wp-content\/uploads\/2021\/11\/EU-Militaermacht-300x286-1.jpg\" alt=\"Ein schwarzer Panzer in einem blauen EU-Sternenbanner \" width=\"300\" height=\"286\" srcset=\"https:\/\/www.friedenkoeln.de\/wp-content\/uploads\/2021\/11\/EU-Militaermacht-300x286-1.jpg 300w, https:\/\/www.friedenkoeln.de\/wp-content\/uploads\/2021\/11\/EU-Militaermacht-300x286-1-200x191.jpg 200w\" sizes=\"auto, (max-width: 300px) 100vw, 300px\" \/><\/p>\n<p>Weitere Info: <a href=\"https:\/\/nrw.dfg-vk.de\/wp-content\/uploads\/sites\/19\/2021\/10\/DFGVK-Flyer-Tagung-EU-MilitaI\u02c6rmacht-v04-WEB-MAIL.pdf\">Flyer<\/a>\u00a0(Achtung &#8211; Ortsangaben sind \u00fcberholt &#8211; Tagung findet nur online statt!).<\/p>\n","protected":false},"excerpt":{"rendered":"<p>Wir laden herzlich zur Online-Fachtagung ein: Samstag, 6. November 2021, 14:00 &#8211; 17:00 Einwahldaten: https:\/\/us06web.zoom.us\/j\/89082987348?pwd=bWpoMTNrZnIxOUVqayszQ3lhNVFPQT09 In den letzten Wochen geistert es immer wieder durch die Medien: Die EU muss eigenst\u00e4ndiger werden. In der WAZ&#46;&#46;&#46;<\/p>\n","protected":false},"author":110,"featured_media":16981,"comment_status":"open","ping_status":"open","sticky":false,"template":"","format":"standard","meta":{"footnotes":""},"categories":[104],"tags":[74],"class_list":["post-16979","post","type-post","status-publish","format-standard","has-post-thumbnail","hentry","category-ankuendigung","tag-eu"],"_links":{"self":[{"href":"https:\/\/www.friedenkoeln.de\/index.php?rest_route=\/wp\/v2\/posts\/16979","targetHints":{"allow":["GET"]}}],"collection":[{"href":"https:\/\/www.friedenkoeln.de\/index.php?rest_route=\/wp\/v2\/posts"}],"about":[{"href":"https:\/\/www.friedenkoeln.de\/index.php?rest_route=\/wp\/v2\/types\/post"}],"author":[{"embeddable":true,"href":"https:\/\/www.friedenkoeln.de\/index.php?rest_route=\/wp\/v2\/users\/110"}],"replies":[{"embeddable":true,"href":"https:\/\/www.friedenkoeln.de\/index.php?rest_route=%2Fwp%2Fv2%2Fcomments&post=16979"}],"version-history":[{"count":2,"href":"https:\/\/www.friedenkoeln.de\/index.php?rest_route=\/wp\/v2\/posts\/16979\/revisions"}],"predecessor-version":[{"id":16982,"href":"https:\/\/www.friedenkoeln.de\/index.php?rest_route=\/wp\/v2\/posts\/16979\/revisions\/16982"}],"wp:featuredmedia":[{"embeddable":true,"href":"https:\/\/www.friedenkoeln.de\/index.php?rest_route=\/wp\/v2\/media\/16981"}],"wp:attachment":[{"href":"https:\/\/www.friedenkoeln.de\/index.php?rest_route=%2Fwp%2Fv2%2Fmedia&parent=16979"}],"wp:term":[{"taxonomy":"category","embeddable":true,"href":"https:\/\/www.friedenkoeln.de\/index.php?rest_route=%2Fwp%2Fv2%2Fcategories&post=16979"},{"taxonomy":"post_tag","embeddable":true,"href":"https:\/\/www.friedenkoeln.de\/index.php?rest_route=%2Fwp%2Fv2%2Ftags&post=16979"}],"curies":[{"name":"wp","href":"https:\/\/api.w.org\/{rel}","templated":true}]}}