{"id":17022,"date":"2021-12-23T21:52:05","date_gmt":"2021-12-23T20:52:05","guid":{"rendered":"https:\/\/www.friedenkoeln.de\/?p=17022"},"modified":"2022-01-04T23:16:26","modified_gmt":"2022-01-04T22:16:26","slug":"ist-protest-gegen-atomwaffen-auf-bundeswehr-gelaende-in-buechel-rechtmaessig","status":"publish","type":"post","link":"https:\/\/www.friedenkoeln.de\/?p=17022","title":{"rendered":"Ist Protest gegen Atomwaffen auf Bundeswehr-Gel\u00e4nde in B\u00fcchel rechtm\u00e4\u00dfig?"},"content":{"rendered":"<h4>Landgericht Koblenz befindet am 6.1.2021 \u00fcber Berufung einer K\u00f6lner Journalistin<\/h4>\n<p><em>Koblenz \/ K\u00f6ln, 20.12.2021<\/em>. Das Landgericht Koblenz wird am 6. Januar 2022 ab 8:30 Uhr im Berufungsverfahren dar\u00fcber befinden, ob das Amtsgericht Cochem die K\u00f6lner Friedensaktivistin und Journalistin Ariane Dettloff zu Unrecht wegen wiederholtem \u201eHausfriedensbruch\u201c auf dem Bundeswehr-Flugplatz B\u00fcchel (Eifel) zu 40 Tagess\u00e4tzen verurteilt hat.<\/p>\n<p>Dettloff, die am Tag der Verhandlung ihren 78. Geburtstag feiern wird, hatte am 30.4.2019 gemeinsam mit sechzehn weiteren Menschen das Bundeswehr-Gel\u00e4nde betreten. Mit einem \u201eatombombenfreien Picknick\u201c und einem \u201eSit-In\u201c unterbrach die Gruppe \u201eB\u00fcchel17\u201c den \u00dcbungsbetrieb des Luftwaffengeschwaders 33 der Bundeswehr, der auch Atomkriegs\u00fcbungen umfasst. Sie verlangte den Abzug der US-Atombomben aus Deutschland und den Beitritt Deutschlands zum Atomwaffenverbotsvertrag der Vereinten Nationen.<\/p>\n<p>Mit Blick auf den Koalitionsvertrag der Bundesregierung warnt die Journalistin vor dem Festhalten an Atombomben:<\/p>\n<blockquote><p>Die Ampel-Koalition hat versprochen, dass Deutschland konstruktiv als Beobachter an der Staatenkonferenz des Atomwaffenverbotsvertrags teilnehmen wird. Aber sie will auch neue Tr\u00e4gerflugzeuge f\u00fcr die US-Atombomben beschaffen. Sie will also im Kriegsfall weiterhin die Verf\u00fcgungsgewalt \u00fcber Atomwaffen haben. Das ist v\u00f6lkerrechtswidrig. Es verst\u00f6\u00dft gegen den von der Bundesrepublik Deutschland unterzeichneten Atomwaffensperrvertrag (NPT).<\/p><\/blockquote>\n<p>Schon die Drohung mit einem Atomkrieg missachte das Recht auf Leben und k\u00f6rperliche Unversehrtheit gem\u00e4\u00df Artikel 2 des Grundgesetzes der Bundesrepublik Deutschland, so Dettloff. Eine unmittelbare Gefahr bestehe durch einen jederzeit m\u00f6glichen Atomkrieg aus Versehen, wie der Informatiker Prof. Karl Hans Bl\u00e4sius bezeugen werde, den Dettloff als Zeugen einlade. Gerade die gegenw\u00e4rtig gestiegene Spannung zwischen NATO und Russland erh\u00f6he diese Gefahr.<\/p>\n<div id=\"attachment_16698\" style=\"width: 311px\" class=\"wp-caption alignright\"><img loading=\"lazy\" decoding=\"async\" aria-describedby=\"caption-attachment-16698\" class=\"wp-image-16698 \" src=\"https:\/\/www.friedenkoeln.de\/wp-content\/uploads\/2021\/04\/DSC_0244-scaled.jpg\" alt=\"Eine h\u00fcbsche \u00e4ltere Dame mit schulterlangen silbergrauen Haaren und frischer Gesichtsfarbe h\u00e4lt fr\u00f6hlich schmunzelnd ein selbst gemaltes Plakat vor sich: &quot;Atomwaffen auf die Anklagebank&quot;. Im Hintergrund eine sommergr\u00fcne Buchenhecke.\" width=\"301\" height=\"452\" srcset=\"https:\/\/www.friedenkoeln.de\/wp-content\/uploads\/2021\/04\/DSC_0244-scaled.jpg 1707w, https:\/\/www.friedenkoeln.de\/wp-content\/uploads\/2021\/04\/DSC_0244-133x200.jpg 133w, https:\/\/www.friedenkoeln.de\/wp-content\/uploads\/2021\/04\/DSC_0244-768x1152.jpg 768w, https:\/\/www.friedenkoeln.de\/wp-content\/uploads\/2021\/04\/DSC_0244-1024x1536.jpg 1024w, https:\/\/www.friedenkoeln.de\/wp-content\/uploads\/2021\/04\/DSC_0244-1365x2048.jpg 1365w\" sizes=\"auto, (max-width: 301px) 100vw, 301px\" \/><p id=\"caption-attachment-16698\" class=\"wp-caption-text\">Ariane Dettloff bei einer Mahnwache vor dem Amtsgericht Cochem: &#8222;Atomwaffen auf die Anklagebank!&#8220;, 24.6.2020. Foto: Stefanie Intveen<\/p><\/div>\n<p>Die 77-j\u00e4hrige blickt mit hohen Erwartungen auf den Prozess und hofft auf einen \u201eMutanfall\u201c des Richters, indem er m\u00f6glicherweise ihrer rechtlichen Argumentation folgen und das Amtsgerichtsurteil aufheben k\u00f6nnte.<\/p>\n<p>Als Pazifistin sieht sie sich aufgerufen, alles ihr M\u00f6gliche zu tun, um einen nuklearen Holocaust abzuwenden. Die Friedensaktivistin, die schon mehrmals am Atomwaffenstandort protestiert hat, fordert mit ihren Aktionen die Beendigung der \u201eNuklearen Teilhabe\u201c.<\/p>\n<p>Unterst\u00fctzt wird Ariane Dettloff u.a. von der DFG-VK (Deutsche Friedensgesellschaft \u2013 Vereinigte Kriegsdienstgegner*innen) und den deutschen Qu\u00e4kern, deren Mitglied sie ist.<\/p>\n<h4>Berufungsverfahren<\/h4>\n<p>Prozessbeginn am 6.1.22 ab 8:30 im<br \/>\nLandgericht Koblenz, Karmeliterstr. 14, Saal 137<br \/>\nMahnwache vor dem Gericht ab 7:30 Uhr.<\/p>\n<h4>Fotos<\/h4>\n<p>Fotos der &#8222;Go\u00a0In&#8220;-Aktion vom 30.4.2019 im Flickr-Album \u201eB\u00fcchel17\u201c:\u00a0https:\/\/flic.kr\/s\/aHsmCTZ3f8\u2028\u2028Ariane Dettloff bei einer Mahnwache\u00a0vor dem Amtsgericht Cochem: &#8222;Atomwaffen auf\u00a0die Anklagebank!&#8220;,\u00a024.6.2020. Foto: Stefanie Intveen:\u00a0https:\/\/flic.kr\/p\/2kRz6E8<\/p>\n<p>Sie k\u00f6nnen alle Fotos bei\u00a0Namensnennung frei verwenden.<\/p>\n<h4>Dokumente<\/h4>\n<p>Ariane Dettloff: Einlassung vor dem\u00a0Amtsgericht Cochem am 12.4.2021:\u2028\u2028https:\/\/www.friedenkoeln.de\/wp-content\/uploads\/2021\/04\/20210406-Einlassung-Ariane-Dettloff-Amtsgericht-Cochem_final.pdf<\/p>\n<p>Informationsseite \u201eAtomkrieg aus\u00a0Versehen\u201c:\u00a0https:\/\/atomkrieg-aus-versehen.de<\/p>\n<h4>Kontakt<\/h4>\n<p>Ariane Dettloff,\u00a0ariane.dettloff@contraste.org, Tel. 0221 315783 oder 0176 53766189<\/p>\n<p>Stefanie Intveen,\u00a0stefanie.intveen@web.de, Tel. 0151 560 949 20<\/p>\n","protected":false},"excerpt":{"rendered":"<p>Landgericht Koblenz befindet am 6.1.2021 \u00fcber Berufung einer K\u00f6lner Journalistin Koblenz \/ K\u00f6ln, 20.12.2021. Das Landgericht Koblenz wird am 6. Januar 2022 ab 8:30 Uhr im Berufungsverfahren dar\u00fcber befinden, ob das Amtsgericht Cochem die&#46;&#46;&#46;<\/p>\n","protected":false},"author":110,"featured_media":16698,"comment_status":"open","ping_status":"open","sticky":false,"template":"","format":"standard","meta":{"footnotes":""},"categories":[105,87],"tags":[33,112,80,91],"class_list":["post-17022","post","type-post","status-publish","format-standard","has-post-thumbnail","hentry","category-bericht","category-pressemitteilung","tag-atomwaffen","tag-atomwaffenverbotsvertrag","tag-rechtsprechung","tag-voelkerrecht"],"_links":{"self":[{"href":"https:\/\/www.friedenkoeln.de\/index.php?rest_route=\/wp\/v2\/posts\/17022","targetHints":{"allow":["GET"]}}],"collection":[{"href":"https:\/\/www.friedenkoeln.de\/index.php?rest_route=\/wp\/v2\/posts"}],"about":[{"href":"https:\/\/www.friedenkoeln.de\/index.php?rest_route=\/wp\/v2\/types\/post"}],"author":[{"embeddable":true,"href":"https:\/\/www.friedenkoeln.de\/index.php?rest_route=\/wp\/v2\/users\/110"}],"replies":[{"embeddable":true,"href":"https:\/\/www.friedenkoeln.de\/index.php?rest_route=%2Fwp%2Fv2%2Fcomments&post=17022"}],"version-history":[{"count":5,"href":"https:\/\/www.friedenkoeln.de\/index.php?rest_route=\/wp\/v2\/posts\/17022\/revisions"}],"predecessor-version":[{"id":17027,"href":"https:\/\/www.friedenkoeln.de\/index.php?rest_route=\/wp\/v2\/posts\/17022\/revisions\/17027"}],"wp:featuredmedia":[{"embeddable":true,"href":"https:\/\/www.friedenkoeln.de\/index.php?rest_route=\/wp\/v2\/media\/16698"}],"wp:attachment":[{"href":"https:\/\/www.friedenkoeln.de\/index.php?rest_route=%2Fwp%2Fv2%2Fmedia&parent=17022"}],"wp:term":[{"taxonomy":"category","embeddable":true,"href":"https:\/\/www.friedenkoeln.de\/index.php?rest_route=%2Fwp%2Fv2%2Fcategories&post=17022"},{"taxonomy":"post_tag","embeddable":true,"href":"https:\/\/www.friedenkoeln.de\/index.php?rest_route=%2Fwp%2Fv2%2Ftags&post=17022"}],"curies":[{"name":"wp","href":"https:\/\/api.w.org\/{rel}","templated":true}]}}