{"id":17037,"date":"2022-01-06T16:24:59","date_gmt":"2022-01-06T15:24:59","guid":{"rendered":"https:\/\/www.friedenkoeln.de\/?p=17037"},"modified":"2022-01-06T16:24:59","modified_gmt":"2022-01-06T15:24:59","slug":"landgericht-koblenz-bestaetigt-verurteilung-der-atomwaffengegnerin-ariane-dettloff","status":"publish","type":"post","link":"https:\/\/www.friedenkoeln.de\/?p=17037","title":{"rendered":"Landgericht Koblenz best\u00e4tigt Verurteilung der Atomwaffengegnerin Ariane Dettloff"},"content":{"rendered":"<h4>Experte f\u00fcr Atomkriegs-Fr\u00fchwarnsysteme erneut nicht als Zeuge angeh\u00f6rt<\/h4>\n<p><em>Koblenz \/ K\u00f6ln, 6.1.2022.<\/em> Das Landgericht Koblenz verwarf heute die Berufung der K\u00f6lner Journalistin Ariane Dettloff (78 J.), die 2019 gemeinsam mit sechzehn weiteren Friedensaktivist*innen auf dem Atomwaffenstationierungsgel\u00e4nde der Bundeswehr in B\u00fcchel (Eifel) den \u00dcbungsbetrieb mit US-Atombomben unterbrochen hatte. Richterin Klein lehnte es ab, den Informatiker Prof. Dr. Karl Hans Bl\u00e4sius, einen Fachmann f\u00fcr K\u00fcnstliche Intelligenz und Fr\u00fchwarnsysteme, als sachverst\u00e4ndigen Zeugen anzuh\u00f6ren. In vorangegangenen Prozessen anderer Friedensaktivist*innen wurde die Anh\u00f6rung von Bl\u00e4sius gleichfalls als irrelevant abgelehnt.<\/p>\n<div id=\"attachment_17035\" style=\"width: 329px\" class=\"wp-caption alignleft\"><img loading=\"lazy\" decoding=\"async\" aria-describedby=\"caption-attachment-17035\" class=\"wp-image-17035 \" src=\"https:\/\/www.friedenkoeln.de\/wp-content\/uploads\/2022\/01\/DSC_0277-scaled.jpg\" alt=\"Eine \u00e4ltere Dame in rotbrauner Hose und rotbraun-grau-gestreiftem Poncho mit schwarzer M\u00fctze h\u00e4lt eine gro\u00dfe Flagge mit wei\u00dfer Friedenstaube auf blauem Grund und strahlt in die Kamera. Es ist dunkel. Hinter ihr ein von innen hell erleuchtetes Verwaltungsgeb\u00e4ude, in dem eine Halle mit Treppenaufg\u00e4ngen zu erkennen ist.\" width=\"319\" height=\"479\" srcset=\"https:\/\/www.friedenkoeln.de\/wp-content\/uploads\/2022\/01\/DSC_0277-scaled.jpg 1707w, https:\/\/www.friedenkoeln.de\/wp-content\/uploads\/2022\/01\/DSC_0277-133x200.jpg 133w, https:\/\/www.friedenkoeln.de\/wp-content\/uploads\/2022\/01\/DSC_0277-768x1152.jpg 768w, https:\/\/www.friedenkoeln.de\/wp-content\/uploads\/2022\/01\/DSC_0277-1024x1536.jpg 1024w, https:\/\/www.friedenkoeln.de\/wp-content\/uploads\/2022\/01\/DSC_0277-1365x2048.jpg 1365w\" sizes=\"auto, (max-width: 319px) 100vw, 319px\" \/><p id=\"caption-attachment-17035\" class=\"wp-caption-text\">Ariane Dettloff vor dem Berufungsverfahren am Landgericht Koblenz am 6.1.2022. Foto: Stefanie Intveen<\/p><\/div>\n<p>Ihren Zivilen Ungehorsam (\u201eHausfriedensbruch\u201c) in B\u00fcchel am 30.4.2019 begr\u00fcndete Dettloff mit v\u00f6lkerrechtlichen, menschenrechtlichen und verfassungsrechtlichen Argumenten. Atomwaffen sind als Massenvernichtungswaffen gem\u00e4\u00df einem Gutachten des Internationalen Gerichtshofs aus 1996 verboten. Deutsche Soldat*innen d\u00fcrfen gem\u00e4\u00df dem Atomwaffensperrvertrag (NPT), den Deutschland unterzeichnet hat, nicht \u00fcber Atomwaffen verf\u00fcgen. Die Bundesregierung muss das grundgesetzlich verb\u00fcrgte Menschenrecht auf Leben und k\u00f6rperliche Unversehrtheit achten.<\/p>\n<p>Der Anwalt der Beklagten Christian Mertens pl\u00e4dierte auf Freispruch und erkl\u00e4rte: \u201eF\u00fcr Deutschland ist das V\u00f6lkerrecht bindend.\u201c Er verwies darauf, dass die USA in ihrer Atomkriegsstrategie \u201eNuclear Posture Review\u201c einen Erstschlag mit Atomwaffen vorsehen. \u201eDas ist illegal\u201c, so Mertens.<\/p>\n<p>Der Staatsanwalt entgegnete: \u201eJeder w\u00fcnscht sich eine Welt ohne Atomwaffen. Straftaten sind jedoch nicht hinnehmbar.\u201c Die Justiz d\u00fcrfe nicht politisiert werden.<\/p>\n<p>Richterin Klein verwarf die Berufung und best\u00e4tigte das Urteil des Amtsgerichts \u00fcber 40 Tagess\u00e4tze, ersatzweise Haft. Dettloff zeigte sich entt\u00e4uscht, dass der erhoffte \u201eMutanfall\u201c des Gerichts und die Weiterentwicklung der deutschen Justiz ausblieb.<\/p>\n<div id=\"attachment_17034\" style=\"width: 2570px\" class=\"wp-caption aligncenter\"><img loading=\"lazy\" decoding=\"async\" aria-describedby=\"caption-attachment-17034\" class=\"wp-image-17034 size-full\" src=\"https:\/\/www.friedenkoeln.de\/wp-content\/uploads\/2022\/01\/DSC_0272-scaled.jpg\" alt=\"Eine Gruppe Menschen h\u00e4lt ein gro\u00dfes wei\u00dfes Transparent &quot;Beherbergungsverbot f\u00fcr Atomwaffen!&quot;, sowie Friedensfahnen. Sie steht im Dunklen vor einem innen hell erleuchteten B\u00fcrogeb\u00e4ude.\" width=\"2560\" height=\"1707\" srcset=\"https:\/\/www.friedenkoeln.de\/wp-content\/uploads\/2022\/01\/DSC_0272-scaled.jpg 2560w, https:\/\/www.friedenkoeln.de\/wp-content\/uploads\/2022\/01\/DSC_0272-200x133.jpg 200w, https:\/\/www.friedenkoeln.de\/wp-content\/uploads\/2022\/01\/DSC_0272-768x512.jpg 768w, https:\/\/www.friedenkoeln.de\/wp-content\/uploads\/2022\/01\/DSC_0272-1536x1024.jpg 1536w, https:\/\/www.friedenkoeln.de\/wp-content\/uploads\/2022\/01\/DSC_0272-2048x1365.jpg 2048w\" sizes=\"auto, (max-width: 2560px) 100vw, 2560px\" \/><p id=\"caption-attachment-17034\" class=\"wp-caption-text\">&#8222;Beherbergungsverbot f\u00fcr Atomwaffen!&#8220; &#8211; Mahnwache vor dem Berufungsverfahren von Ariane Dettloff (2. v. l.) am Landgericht Koblenz am 6.1.2022. Foto: Stefanie Intveen<\/p><\/div>\n","protected":false},"excerpt":{"rendered":"<p>Experte f\u00fcr Atomkriegs-Fr\u00fchwarnsysteme erneut nicht als Zeuge angeh\u00f6rt Koblenz \/ K\u00f6ln, 6.1.2022. Das Landgericht Koblenz verwarf heute die Berufung der K\u00f6lner Journalistin Ariane Dettloff (78 J.), die 2019 gemeinsam mit sechzehn weiteren Friedensaktivist*innen auf&#46;&#46;&#46;<\/p>\n","protected":false},"author":110,"featured_media":17035,"comment_status":"open","ping_status":"open","sticky":false,"template":"","format":"standard","meta":{"footnotes":""},"categories":[87],"tags":[33,112,80,91],"class_list":["post-17037","post","type-post","status-publish","format-standard","has-post-thumbnail","hentry","category-pressemitteilung","tag-atomwaffen","tag-atomwaffenverbotsvertrag","tag-rechtsprechung","tag-voelkerrecht"],"_links":{"self":[{"href":"https:\/\/www.friedenkoeln.de\/index.php?rest_route=\/wp\/v2\/posts\/17037","targetHints":{"allow":["GET"]}}],"collection":[{"href":"https:\/\/www.friedenkoeln.de\/index.php?rest_route=\/wp\/v2\/posts"}],"about":[{"href":"https:\/\/www.friedenkoeln.de\/index.php?rest_route=\/wp\/v2\/types\/post"}],"author":[{"embeddable":true,"href":"https:\/\/www.friedenkoeln.de\/index.php?rest_route=\/wp\/v2\/users\/110"}],"replies":[{"embeddable":true,"href":"https:\/\/www.friedenkoeln.de\/index.php?rest_route=%2Fwp%2Fv2%2Fcomments&post=17037"}],"version-history":[{"count":2,"href":"https:\/\/www.friedenkoeln.de\/index.php?rest_route=\/wp\/v2\/posts\/17037\/revisions"}],"predecessor-version":[{"id":17039,"href":"https:\/\/www.friedenkoeln.de\/index.php?rest_route=\/wp\/v2\/posts\/17037\/revisions\/17039"}],"wp:featuredmedia":[{"embeddable":true,"href":"https:\/\/www.friedenkoeln.de\/index.php?rest_route=\/wp\/v2\/media\/17035"}],"wp:attachment":[{"href":"https:\/\/www.friedenkoeln.de\/index.php?rest_route=%2Fwp%2Fv2%2Fmedia&parent=17037"}],"wp:term":[{"taxonomy":"category","embeddable":true,"href":"https:\/\/www.friedenkoeln.de\/index.php?rest_route=%2Fwp%2Fv2%2Fcategories&post=17037"},{"taxonomy":"post_tag","embeddable":true,"href":"https:\/\/www.friedenkoeln.de\/index.php?rest_route=%2Fwp%2Fv2%2Ftags&post=17037"}],"curies":[{"name":"wp","href":"https:\/\/api.w.org\/{rel}","templated":true}]}}