{"id":17041,"date":"2022-01-19T17:36:08","date_gmt":"2022-01-19T16:36:08","guid":{"rendered":"https:\/\/www.friedenkoeln.de\/?p=17041"},"modified":"2022-01-21T20:08:01","modified_gmt":"2022-01-21T19:08:01","slug":"mithoeren-21-januar-2022-radio-koeln-ausgesprochen-friedlich-podcast-peace","status":"publish","type":"post","link":"https:\/\/www.friedenkoeln.de\/?p=17041","title":{"rendered":"Mith\u00f6ren: 21. Januar 2022 Radio K\u00f6ln &#8211; &#8222;Ausgesprochen friedlich &#8211; Podcast Peace&#8220;"},"content":{"rendered":"<h4>Ein Podcast f\u00fcr den Frieden:\u00a0Atomwaffen, ziviler Ungehorsam, Verbotsvertrag<\/h4>\n<h4><img loading=\"lazy\" decoding=\"async\" class=\" wp-image-17045 alignright\" src=\"https:\/\/www.friedenkoeln.de\/wp-content\/uploads\/2022\/01\/Podcast-Logo-500x500.png\" alt=\"Logo auf dunkelblauem Grund\" width=\"292\" height=\"292\" srcset=\"https:\/\/www.friedenkoeln.de\/wp-content\/uploads\/2022\/01\/Podcast-Logo-500x500.png 500w, https:\/\/www.friedenkoeln.de\/wp-content\/uploads\/2022\/01\/Podcast-Logo-200x200.png 200w, https:\/\/www.friedenkoeln.de\/wp-content\/uploads\/2022\/01\/Podcast-Logo-768x768.png 768w, https:\/\/www.friedenkoeln.de\/wp-content\/uploads\/2022\/01\/Podcast-Logo-1536x1536.png 1536w, https:\/\/www.friedenkoeln.de\/wp-content\/uploads\/2022\/01\/Podcast-Logo-2048x2048.png 2048w, https:\/\/www.friedenkoeln.de\/wp-content\/uploads\/2022\/01\/Podcast-Logo-80x80.png 80w, https:\/\/www.friedenkoeln.de\/wp-content\/uploads\/2022\/01\/Podcast-Logo-320x320.png 320w\" sizes=\"auto, (max-width: 292px) 100vw, 292px\" \/><\/h4>\n<p>Unser erster Podcast wird am 21. Januar 2022 um 20:04 Uhr auf der Frequenz von Radio K\u00f6ln (B\u00fcrgerfunk, in Kooperation mit FLOK, freier Lokalrundfunk K\u00f6ln) gesendet.<\/p>\n<p>G\u00e4ste:<\/p>\n<ul>\n<li><strong>Ariane Dettloff, DFG-VK Gruppe K\u00f6ln<\/strong><\/li>\n<li><strong>Heidi Kassai, Internationale Kampagne f\u00fcr die Abschaffung der Atomwaffen (<a href=\"http:\/\/www.icanw.de\">ICAN<\/a>) Deutschland<\/strong><\/li>\n<\/ul>\n<p>Moderation: Stefanie Intveen<\/p>\n<p>Ariane Detloff, Journalistin aus K\u00f6ln, berichtet \u00fcber ihren Protest auf dem Atomwaffengel\u00e4nde in B\u00fcchel (Eifel) mit zivilem Ungehorsam gegen die Stationierung der US-amerikanischen Atomwaffen. Dort \u00fcben deutsche Soldaten t\u00e4glich den Atomkrieg.<\/p>\n<p>Am 22. Januar 2022 feiern die deutschen und internationalen Friedensorganisationen und -initiativen \u00a0den 1. Jahrestag des Atomwaffenverbotsvertrags der Vereinten Nationen. 122 Staaten haben ihm zugestimmt, Deutschland fehlt bisher. Dazu im Interview Heidi Kassai von ICAN Deutschland.<\/p>\n<p>&#8222;Ausgesprochen friedlich \u2013 Podcast Peace&#8220; erscheint k\u00fcnftig regelm\u00e4\u00dfig und kann nach der Radiosendung bei allen einschl\u00e4gigen Streamingdiensten, sowie hier, auf unserer Website, geh\u00f6rt werden. Inhaltlich geht es um alles in den Themenbereichen Krieg und Frieden, internationale Politik, zivile Konfliktbearbeitung und was wir alle f\u00fcr eine friedlichere Welt tun k\u00f6nnen. Wir freuen uns sehr \u00fcber R\u00fcckmeldungen und nat\u00fcrlich \u00fcber Weiterleitungen.<\/p>\n<p>&nbsp;<\/p>\n<div id=\"attachment_12597\" style=\"width: 1642px\" class=\"wp-caption aligncenter\"><img loading=\"lazy\" decoding=\"async\" aria-describedby=\"caption-attachment-12597\" class=\"wp-image-12597 size-full\" src=\"https:\/\/www.friedenkoeln.de\/wp-content\/uploads\/2018\/08\/signal-2018-07-24-124730.jpg\" alt=\"Eine Gruppe von sechs Personen steht mitten auf einer riesigen asphaltierten Fl\u00e4che und h\u00e4lt ein Transparent der Qu\u00e4ker mit der Aufschrift &quot;Atomwaffen abschaffen jetzt! Miteinander in Frieden leben&quot;.\" width=\"1632\" height=\"1224\" srcset=\"https:\/\/www.friedenkoeln.de\/wp-content\/uploads\/2018\/08\/signal-2018-07-24-124730.jpg 1632w, https:\/\/www.friedenkoeln.de\/wp-content\/uploads\/2018\/08\/signal-2018-07-24-124730-150x113.jpg 150w, https:\/\/www.friedenkoeln.de\/wp-content\/uploads\/2018\/08\/signal-2018-07-24-124730-768x576.jpg 768w\" sizes=\"auto, (max-width: 1632px) 100vw, 1632px\" \/><p id=\"caption-attachment-12597\" class=\"wp-caption-text\">Go-In auf Luftwaffenst\u00fctzpunkt B\u00fcchel am 23.7.2018 mit 7 Friedensaktivist*innen. Foto: privat \/ Atomwaffenfrei jetzt!<\/p><\/div>\n","protected":false},"excerpt":{"rendered":"<p>Ein Podcast f\u00fcr den Frieden:\u00a0Atomwaffen, ziviler Ungehorsam, Verbotsvertrag Unser erster Podcast wird am 21. Januar 2022 um 20:04 Uhr auf der Frequenz von Radio K\u00f6ln (B\u00fcrgerfunk, in Kooperation mit FLOK, freier Lokalrundfunk K\u00f6ln) gesendet.&#46;&#46;&#46;<\/p>\n","protected":false},"author":110,"featured_media":12524,"comment_status":"open","ping_status":"open","sticky":false,"template":"","format":"standard","meta":{"footnotes":""},"categories":[104,102,216],"tags":[33,112,115],"class_list":["post-17041","post","type-post","status-publish","format-standard","has-post-thumbnail","hentry","category-ankuendigung","category-in-eigener-sache","category-podcast","tag-atomwaffen","tag-atomwaffenverbotsvertrag","tag-ziviler-ungehorsam"],"_links":{"self":[{"href":"https:\/\/www.friedenkoeln.de\/index.php?rest_route=\/wp\/v2\/posts\/17041","targetHints":{"allow":["GET"]}}],"collection":[{"href":"https:\/\/www.friedenkoeln.de\/index.php?rest_route=\/wp\/v2\/posts"}],"about":[{"href":"https:\/\/www.friedenkoeln.de\/index.php?rest_route=\/wp\/v2\/types\/post"}],"author":[{"embeddable":true,"href":"https:\/\/www.friedenkoeln.de\/index.php?rest_route=\/wp\/v2\/users\/110"}],"replies":[{"embeddable":true,"href":"https:\/\/www.friedenkoeln.de\/index.php?rest_route=%2Fwp%2Fv2%2Fcomments&post=17041"}],"version-history":[{"count":7,"href":"https:\/\/www.friedenkoeln.de\/index.php?rest_route=\/wp\/v2\/posts\/17041\/revisions"}],"predecessor-version":[{"id":17052,"href":"https:\/\/www.friedenkoeln.de\/index.php?rest_route=\/wp\/v2\/posts\/17041\/revisions\/17052"}],"wp:featuredmedia":[{"embeddable":true,"href":"https:\/\/www.friedenkoeln.de\/index.php?rest_route=\/wp\/v2\/media\/12524"}],"wp:attachment":[{"href":"https:\/\/www.friedenkoeln.de\/index.php?rest_route=%2Fwp%2Fv2%2Fmedia&parent=17041"}],"wp:term":[{"taxonomy":"category","embeddable":true,"href":"https:\/\/www.friedenkoeln.de\/index.php?rest_route=%2Fwp%2Fv2%2Fcategories&post=17041"},{"taxonomy":"post_tag","embeddable":true,"href":"https:\/\/www.friedenkoeln.de\/index.php?rest_route=%2Fwp%2Fv2%2Ftags&post=17041"}],"curies":[{"name":"wp","href":"https:\/\/api.w.org\/{rel}","templated":true}]}}