{"id":17064,"date":"2022-02-20T18:03:26","date_gmt":"2022-02-20T17:03:26","guid":{"rendered":"https:\/\/www.friedenkoeln.de\/?p=17064"},"modified":"2022-02-20T23:39:20","modified_gmt":"2022-02-20T22:39:20","slug":"jetzt-song-einreichen-4-deutscher-friedenssong-wettbewerb-2022","status":"publish","type":"post","link":"https:\/\/www.friedenkoeln.de\/?p=17064","title":{"rendered":"Jetzt Song einreichen: 4. Deutscher-Friedenssong-Wettbewerb 2022"},"content":{"rendered":"<h4>4. Deutscher-Friedenssong-Wettbewerb 2022 \/ Schirmherr: Konstantin Wecker<\/h4>\n<p>Reicht Euren Song bis zum 31.03.2022 ein!<\/p>\n<p>Die Deutsche Friedensgesellschaft &#8211; Vereinigte KriegsdienstgegnerInnen (DFG-VK) veranstaltet 2022 zum vierten Mal den Deutschen-Friedenssong-Wettbewerb. Gesucht werden wieder neue Friedenslieder bzw. Antikriegslieder.<\/p>\n<p>Sinn des Wettbewerbs ist es, politische oder pers\u00f6nliche Botschaften \u00fcber den Frieden bzw. gegen Kriege in einen pr\u00e4gnanten Text zu fassen und in einer ansprechenden Musik zu pr\u00e4sentieren. Der Song soll Friedensaktivisten in ihrer Arbeit best\u00e4rken und m\u00f6glichst viele Menschen anregen, sich an gewaltlosen Aktionen gegen Kriege und f\u00fcr den Frieden zu beteiligen.<\/p>\n<h4><img loading=\"lazy\" decoding=\"async\" class=\"size-full wp-image-17066 alignright\" src=\"https:\/\/www.friedenkoeln.de\/wp-content\/uploads\/2022\/02\/Plakat-Deutscher-Friedenssong_2022_v6.jpeg\" alt=\"Plakat &quot;Songs f\u00fcr den Frieden&quot;. Ein mit Gr\u00fcnzeug getarnter Panzer mit einem Kanonenrohr, das in einen bunten Notenschl\u00fcssel ausl\u00e4uft.\" width=\"480\" height=\"480\" srcset=\"https:\/\/www.friedenkoeln.de\/wp-content\/uploads\/2022\/02\/Plakat-Deutscher-Friedenssong_2022_v6.jpeg 480w, https:\/\/www.friedenkoeln.de\/wp-content\/uploads\/2022\/02\/Plakat-Deutscher-Friedenssong_2022_v6-200x200.jpeg 200w, https:\/\/www.friedenkoeln.de\/wp-content\/uploads\/2022\/02\/Plakat-Deutscher-Friedenssong_2022_v6-80x80.jpeg 80w, https:\/\/www.friedenkoeln.de\/wp-content\/uploads\/2022\/02\/Plakat-Deutscher-Friedenssong_2022_v6-320x320.jpeg 320w\" sizes=\"auto, (max-width: 480px) 100vw, 480px\" \/><\/h4>\n<p>Texter, Komponisten und Musiker, auch wenn sie abseits der Mainstream-Musikindustrie arbeiten, sind aufgerufen sich am Wettbewerb zu beteiligen. Blues, Pop, Rap, Jazz, Reggae, Rock usw., jedes Musikgenre ist zugelassen und es gibt keine Altersbegrenzung. Willkommen sind auch Ch\u00f6re und Musikschulen.<\/p>\n<p>Wichtige Wettbewerbsvoraussetzung ist allerdings, dass die Urheber des Textes und der Komposition nicht bei der GEMA oder einer anderen Verwertungsfirma angemeldet sind und der Song dadurch GEMA-frei ist. Denn f\u00fcr die Zahlung von GEMA-Geb\u00fchren haben die Veranstalter kein Geld zur Verf\u00fcgung. Wer den Song singt und spielt ist in Bezug auf die GEMA nicht relevant. Es k\u00f6nnen also auch bekannte S\u00e4ngerinnen und S\u00e4nger bzw. Musiker bei der Performance dabei sein.<\/p>\n<p><a href=\"https:\/\/wecker.de\/\">Konstantin Wecker<\/a> \u00a0ist auch diesmal wieder Schirmherr des Wettbewerbs. Eine unabh\u00e4ngige Fachjury wird die besten 5 Songs ermitteln, f\u00fcr die folgende Preise vorgesehen sind:<\/p>\n<p>1. Preis 2.000,- \u20ac<br \/>\n2. Preis 1.500,- \u20ac<br \/>\n3. Preis 1.000,- \u20ac<br \/>\n4. Preis 750,- \u20ac\u20285. Preis 500,- \u20ac<\/p>\n<p>Die 5 Gewinner und weitere Teilnehmer werden eingeladen, ihre Songs live auf dem Abschlusskonzert am 24.9.2022 in Br\u00fcckenforum Bonn zu pr\u00e4sentieren.<\/p>\n<p>Wettbewerbsbeitr\u00e4ge k\u00f6nnen bis zum 31.03.2022 digital eingereicht werden.<br \/>\nWo und wie? Auf der Webseite https:\/\/www.friedensmusik.de<\/p>\n<p>Alle eingereichten Songs k\u00f6nnen auf der Webseite www.friedensmusik.de angeh\u00f6rt sowie heruntergeladen werden. Wer sich anmeldet, kann die Songs auch bewerten und kommentieren.<\/p>\n<p>Weitere Informationen findet ihr auf der Webseite https:\/\/www.friedensmusik.de<\/p>\n","protected":false},"excerpt":{"rendered":"<p>4. Deutscher-Friedenssong-Wettbewerb 2022 \/ Schirmherr: Konstantin Wecker Reicht Euren Song bis zum 31.03.2022 ein! Die Deutsche Friedensgesellschaft &#8211; Vereinigte KriegsdienstgegnerInnen (DFG-VK) veranstaltet 2022 zum vierten Mal den Deutschen-Friedenssong-Wettbewerb. Gesucht werden wieder neue Friedenslieder bzw.&#46;&#46;&#46;<\/p>\n","protected":false},"author":110,"featured_media":17066,"comment_status":"open","ping_status":"open","sticky":false,"template":"","format":"standard","meta":{"footnotes":""},"categories":[116,105],"tags":[57],"class_list":["post-17064","post","type-post","status-publish","format-standard","has-post-thumbnail","hentry","category-aufruf","category-bericht","tag-musik"],"_links":{"self":[{"href":"https:\/\/www.friedenkoeln.de\/index.php?rest_route=\/wp\/v2\/posts\/17064","targetHints":{"allow":["GET"]}}],"collection":[{"href":"https:\/\/www.friedenkoeln.de\/index.php?rest_route=\/wp\/v2\/posts"}],"about":[{"href":"https:\/\/www.friedenkoeln.de\/index.php?rest_route=\/wp\/v2\/types\/post"}],"author":[{"embeddable":true,"href":"https:\/\/www.friedenkoeln.de\/index.php?rest_route=\/wp\/v2\/users\/110"}],"replies":[{"embeddable":true,"href":"https:\/\/www.friedenkoeln.de\/index.php?rest_route=%2Fwp%2Fv2%2Fcomments&post=17064"}],"version-history":[{"count":3,"href":"https:\/\/www.friedenkoeln.de\/index.php?rest_route=\/wp\/v2\/posts\/17064\/revisions"}],"predecessor-version":[{"id":17068,"href":"https:\/\/www.friedenkoeln.de\/index.php?rest_route=\/wp\/v2\/posts\/17064\/revisions\/17068"}],"wp:featuredmedia":[{"embeddable":true,"href":"https:\/\/www.friedenkoeln.de\/index.php?rest_route=\/wp\/v2\/media\/17066"}],"wp:attachment":[{"href":"https:\/\/www.friedenkoeln.de\/index.php?rest_route=%2Fwp%2Fv2%2Fmedia&parent=17064"}],"wp:term":[{"taxonomy":"category","embeddable":true,"href":"https:\/\/www.friedenkoeln.de\/index.php?rest_route=%2Fwp%2Fv2%2Fcategories&post=17064"},{"taxonomy":"post_tag","embeddable":true,"href":"https:\/\/www.friedenkoeln.de\/index.php?rest_route=%2Fwp%2Fv2%2Ftags&post=17064"}],"curies":[{"name":"wp","href":"https:\/\/api.w.org\/{rel}","templated":true}]}}