{"id":17075,"date":"2022-02-26T14:00:13","date_gmt":"2022-02-26T13:00:13","guid":{"rendered":"https:\/\/www.friedenkoeln.de\/?p=17075"},"modified":"2022-02-26T14:04:55","modified_gmt":"2022-02-26T13:04:55","slug":"stoppt-den-krieg-in-der-ukraine-%d0%be%d1%81%d1%82%d0%b0%d0%bd%d0%be%d0%b2%d0%b8%d1%82%d0%b5-%d0%b2%d0%be%d0%b9%d0%bd%d1%83","status":"publish","type":"post","link":"https:\/\/www.friedenkoeln.de\/?p=17075","title":{"rendered":"Stoppt den Krieg in der Ukraine! \u041e\u0441\u0442\u0430\u043d\u043e\u0432\u0438\u0442\u0435 \u0432\u043e\u0439\u043d\u0443!"},"content":{"rendered":"<p><em>Pressemitteilung des Bundessprecher*innenkreises der Deutschen Friedensgesellschaft \u2013 Vereinigte KriegsdienstgegnerInnen (DFG-VK) vom 24.02.22:<\/em><\/p>\n<hr \/>\n<h3>Stoppt den Krieg in der Ukraine! \u041e\u0441\u0442\u0430\u043d\u043e\u0432\u0438\u0442\u0435 \u0432\u043e\u0439\u043d\u0443!<\/h3>\n<p><a href=\"https:\/\/dfg-vk.de\/stoppt-den-krieg-in-der-ukraine-\u043e\u0441\u0442\u0430\u043d\u043e\u0432\u0438\u0442\u0435-\u0432\u043e\u0439\u043d\u0443\/#Pressestatement\">Press release available in English \/\u00a0\u041f\u0440\u0435\u0441\u0441-\u0440\u0435\u043b\u0438\u0437 \u0434\u043e\u0441\u0442\u0443\u043f\u0435\u043d \u043d\u0430 \u0440\u0443\u0441\u0441\u043a\u043e\u043c \u044f\u0437\u044b\u043a\u0435.<\/a><\/p>\n<p>Nach der Entsendung russischer Truppen in die Separatistenregionen Luhansk und Donezk und deren Anerkennung als unabh\u00e4ngige Staaten durch Russland am Dienstag folgte Donnerstagmorgen auf Befehl des russischen Staatspr\u00e4sidenten Wladimir Putin der v\u00f6lkerrechtswidrige Einmarsch Russlands in weitere Teile der Ukraine. Unsere Solidarit\u00e4t gilt den Menschen in der Ukraine und allen, die an den Folgen dieses Krieges leiden werden.<\/p>\n<h4>Russische Invasion muss gestoppt werden<\/h4>\n<p>Wir fordern den sofortigen Stopp der Angriffe auf die Ukraine, den R\u00fcckzug russischer Truppen und eine R\u00fcckkehr an die Verhandlungstische.<\/p>\n<p>Wir rufen alle Soldat*innen auf, die Waffen niederzulegen und einen Kriegseinsatz zu verweigern.<\/p>\n<p>Von der Europ\u00e4ischen Union fordern wir, dass sie ihre Grenzen f\u00fcr Gefl\u00fcchtete \u00f6ffnet und die Visafreiheit f\u00fcr Ukrainer*innen bestehen bleibt. Die Bundesregierung muss Deserteur*innen und Kriegsdienstverweiger*innen aus der Ukraine und Russland aufnehmen und unterst\u00fctzen.<\/p>\n<h4>Weiterhin keine deutschen Waffenlieferungen<\/h4>\n<p>Wir lehnen Waffenlieferungen in Krisen- und Kriegsgebiete, auch in die Ukraine, strikt ab. Diese sind kontraproduktiv und verunm\u00f6glichen dringend notwendige Friedensverhandlungen.<\/p>\n<p>Es gibt keine Trennung zwischen Defensiv- und Offensivwaffen. Jede Waffe kann immer auch als Unterst\u00fctzung f\u00fcr einen eigenen Angriff oder Gegenangriff genutzt werden. Mehr Waffen f\u00fchren nicht zu Frieden, sie gie\u00dfen vielmehr \u00d6l ins Feuer dieses Konfliktes.<\/p>\n<p>Forderungen aus Deutschland nach milit\u00e4rischer Aufr\u00fcstung oder Beteiligung weisen wir entschieden zur\u00fcck.<\/p>\n<h4>Russland bricht V\u00f6lkerrecht<\/h4>\n<p>Wir fordern alle L\u00e4nder dazu auf, den Bruch des V\u00f6lkerrechts durch Russland zur\u00fcckzuweisen. Die Billigung der russischen Invasion durch einzelne Staaten emp\u00f6rt uns.<\/p>\n<p>Wir treten ein f\u00fcr die \u00c4chtung und das Verbot von Angriffskriegen weltweit und rechtliche Konsequenzen f\u00fcr die Verantwortlichen.<\/p>\n<h4>Weitere Eskalation muss verhindert werden<\/h4>\n<p>Wir rufen in dieser schwierigen Lage zur Besonnenheit auf, um eine weitere Eskalation des Krieges zu verhindern.<\/p>\n<p>Russlands Pr\u00e4sident droht bei einer Einmischung mit Konsequenzen, wie sie in der Geschichte noch nie erlebt wurden. Die Drohungen Putins insbesondere mit Blick auf die Atomwaffenarsenale dieser Welt erf\u00fcllen uns mit Sorge. Die Lage verdeutlicht die Notwendigkeit des Atomwaffenverbotsvertrags.<\/p>\n<p>Die Vision einer gesamteurop\u00e4ischen Friedensordnung r\u00fcckt durch den Einmarsch der russischen Truppen in weite Ferne. Nur durch die Einstellung der Kampfhandlungen und die Erarbeitung nachhaltiger L\u00f6sungen k\u00f6nnen Perspektiven f\u00fcr ein friedliches Zusammenleben wiederhergestellt werden.<\/p>\n<h4>Geplante Demonstrationen<\/h4>\n<p>Wir begr\u00fc\u00dfen alle gewaltfreien Proteste in Russland, der Ukraine und anderen Teilen der Welt, die die Einstellung der Kriegshandlungen fordern und sich f\u00fcr friedliche L\u00f6sungen einsetzen.<\/p>\n<p>Wir rufen dazu auf, in den n\u00e4chsten Tagen weiter auf die Stra\u00dfe zu gehen und laden insbesondere zu der von uns mit veranstalteten <a href=\"https:\/\/dfg-vk.de\/menschenkette-zum-ukraine-konflikt-am-27-februar\/\">Gro\u00dfdemo am Sonntag, den 27.2.2022 an der Siegess\u00e4ule in Berlin<\/a> ein.<\/p>\n<div id=\"attachment_16911\" style=\"width: 1206px\" class=\"wp-caption alignright\"><img loading=\"lazy\" decoding=\"async\" aria-describedby=\"caption-attachment-16911\" class=\"size-full wp-image-16911\" src=\"https:\/\/www.friedenkoeln.de\/wp-content\/uploads\/2021\/08\/5.8.21-Kotsaba-4.jpg\" alt=\"Vier Personen halten ein Transparent.\" width=\"1196\" height=\"897\" srcset=\"https:\/\/www.friedenkoeln.de\/wp-content\/uploads\/2021\/08\/5.8.21-Kotsaba-4.jpg 1196w, https:\/\/www.friedenkoeln.de\/wp-content\/uploads\/2021\/08\/5.8.21-Kotsaba-4-200x150.jpg 200w, https:\/\/www.friedenkoeln.de\/wp-content\/uploads\/2021\/08\/5.8.21-Kotsaba-4-768x576.jpg 768w\" sizes=\"auto, (max-width: 1196px) 100vw, 1196px\" \/><p id=\"caption-attachment-16911\" class=\"wp-caption-text\">Kundgebung f\u00fcr den ukrainischen Pazifisten und Kriegsdienstverweigerer Ruslan Kotsaba, 8.8.2021. Foto: privat<\/p><\/div>\n","protected":false},"excerpt":{"rendered":"<p>Pressemitteilung des Bundessprecher*innenkreises der Deutschen Friedensgesellschaft \u2013 Vereinigte KriegsdienstgegnerInnen (DFG-VK) vom 24.02.22: Stoppt den Krieg in der Ukraine! \u041e\u0441\u0442\u0430\u043d\u043e\u0432\u0438\u0442\u0435 \u0432\u043e\u0439\u043d\u0443! Press release available in English \/\u00a0\u041f\u0440\u0435\u0441\u0441-\u0440\u0435\u043b\u0438\u0437 \u0434\u043e\u0441\u0442\u0443\u043f\u0435\u043d \u043d\u0430 \u0440\u0443\u0441\u0441\u043a\u043e\u043c \u044f\u0437\u044b\u043a\u0435. Nach der Entsendung russischer&#46;&#46;&#46;<\/p>\n","protected":false},"author":110,"featured_media":16911,"comment_status":"open","ping_status":"open","sticky":false,"template":"","format":"standard","meta":{"footnotes":""},"categories":[87],"tags":[120,161,117,218,37,91],"class_list":["post-17075","post","type-post","status-publish","format-standard","has-post-thumbnail","hentry","category-pressemitteilung","tag-abschreckung","tag-angriffskrieg","tag-flucht","tag-kriegsdienstverweigerung","tag-ruestungsexporte","tag-voelkerrecht"],"_links":{"self":[{"href":"https:\/\/www.friedenkoeln.de\/index.php?rest_route=\/wp\/v2\/posts\/17075","targetHints":{"allow":["GET"]}}],"collection":[{"href":"https:\/\/www.friedenkoeln.de\/index.php?rest_route=\/wp\/v2\/posts"}],"about":[{"href":"https:\/\/www.friedenkoeln.de\/index.php?rest_route=\/wp\/v2\/types\/post"}],"author":[{"embeddable":true,"href":"https:\/\/www.friedenkoeln.de\/index.php?rest_route=\/wp\/v2\/users\/110"}],"replies":[{"embeddable":true,"href":"https:\/\/www.friedenkoeln.de\/index.php?rest_route=%2Fwp%2Fv2%2Fcomments&post=17075"}],"version-history":[{"count":3,"href":"https:\/\/www.friedenkoeln.de\/index.php?rest_route=\/wp\/v2\/posts\/17075\/revisions"}],"predecessor-version":[{"id":17082,"href":"https:\/\/www.friedenkoeln.de\/index.php?rest_route=\/wp\/v2\/posts\/17075\/revisions\/17082"}],"wp:featuredmedia":[{"embeddable":true,"href":"https:\/\/www.friedenkoeln.de\/index.php?rest_route=\/wp\/v2\/media\/16911"}],"wp:attachment":[{"href":"https:\/\/www.friedenkoeln.de\/index.php?rest_route=%2Fwp%2Fv2%2Fmedia&parent=17075"}],"wp:term":[{"taxonomy":"category","embeddable":true,"href":"https:\/\/www.friedenkoeln.de\/index.php?rest_route=%2Fwp%2Fv2%2Fcategories&post=17075"},{"taxonomy":"post_tag","embeddable":true,"href":"https:\/\/www.friedenkoeln.de\/index.php?rest_route=%2Fwp%2Fv2%2Ftags&post=17075"}],"curies":[{"name":"wp","href":"https:\/\/api.w.org\/{rel}","templated":true}]}}