{"id":17078,"date":"2022-02-26T13:51:30","date_gmt":"2022-02-26T12:51:30","guid":{"rendered":"https:\/\/www.friedenkoeln.de\/?p=17078"},"modified":"2022-02-26T13:51:30","modified_gmt":"2022-02-26T12:51:30","slug":"joachim-schramm-dfg-vk-nrw-und-mdb-andrej-hunko-angriff-auf-die-ukraine-stoppen-verhandeln-statt-schiessen","status":"publish","type":"post","link":"https:\/\/www.friedenkoeln.de\/?p=17078","title":{"rendered":"Joachim Schramm (DFG-VK NRW) und MdB Andrej Hunko: &#8222;Angriff auf die Ukraine stoppen! Verhandeln statt schie\u00dfen!&#8220;"},"content":{"rendered":"<p>Die DFG-VK NRW veranstaltete am 25.2.2022 eine Kundgebung in D\u00fcsseldorf &#8222;Entspannungspolitik jetzt! Frieden in Europa! Angriff auf die Ukraine stoppen! Verhandeln statt schie\u00dfen!&#8220;. Joachim Schramm, Landesgesch\u00e4ftsf\u00fchrer NRW, verurteilte den russischen Angriff in seiner <a href=\"https:\/\/nrw.dfg-vk.de\/wp-content\/uploads\/sites\/19\/2022\/02\/Rede-Kundgebung-Entspannungspolitik-jetzt250222.pdf\">Rede<\/a> und warnte vor einer weiteren Militarisierung der westlichen Politik:<\/p>\n<blockquote><p>Frieden und Sicherheit in Europa wird nicht durch Aufr\u00fcstung und milit\u00e4rische Konfrontation erreicht. Diese Erfahrung haben wir doch in der Zeit des Kalten Krieges gemacht. Frieden und\u00a0Sicher<\/p>\n<p>heit entsteht durch vertrauensbildende Ma\u00dfnahmen, durch Vertr\u00e4ge, durch Abr\u00fcstungsvereinbarungen, nicht durch Aufr\u00fcstung und Krieg.<\/p><\/blockquote>\n<div id=\"attachment_16663\" style=\"width: 294px\" class=\"wp-caption alignleft\"><img loading=\"lazy\" decoding=\"async\" aria-describedby=\"caption-attachment-16663\" class=\" wp-image-16663\" src=\"https:\/\/www.friedenkoeln.de\/wp-content\/uploads\/2021\/04\/DSC_0247-scaled.jpg\" alt=\"Ein gro\u00dfer Mann mit grauen Haaren und dunklem Blazer spricht in ein Mikro. Im Hintergrund das Modell einer Kampfdrohnen und zuh\u00f6rende Menschen.\" width=\"284\" height=\"426\" srcset=\"https:\/\/www.friedenkoeln.de\/wp-content\/uploads\/2021\/04\/DSC_0247-scaled.jpg 1707w, https:\/\/www.friedenkoeln.de\/wp-content\/uploads\/2021\/04\/DSC_0247-133x200.jpg 133w, https:\/\/www.friedenkoeln.de\/wp-content\/uploads\/2021\/04\/DSC_0247-768x1152.jpg 768w, https:\/\/www.friedenkoeln.de\/wp-content\/uploads\/2021\/04\/DSC_0247-1024x1536.jpg 1024w, https:\/\/www.friedenkoeln.de\/wp-content\/uploads\/2021\/04\/DSC_0247-1365x2048.jpg 1365w\" sizes=\"auto, (max-width: 284px) 100vw, 284px\" \/><p id=\"caption-attachment-16663\" class=\"wp-caption-text\">Andrej Hunko bei einer Kundgebung am 3.4.2021 in K\u00f6ln. Foto: Stefanie Intveen<\/p><\/div>\n<p>Der Bundestagsabgeordnete Andrej Hunko verurteilte den v\u00f6lkerrechtswidrigen Angriff auf die Ukraine und kritisierte gleichzeitig die westliche Politik (<a href=\"https:\/\/youtu.be\/5-hfj6A5W4c\">Mitschnitt auf YouTube<\/a>).<\/p>\n<p>Informationen zu weiteren Kundgebungen finden sich auf den Seiten der <a href=\"https:\/\/nrw.dfg-vk.de\">DFG-VK NRW<\/a>\u00a0und beim <a href=\"https:\/\/www.friedenskooperative.de\/aktuelles\/jetzt-fuer-frieden-auf-die-strasse-gehen\">Netzwerk Friedenskooperative<\/a>.<\/p>\n<p>&nbsp;<\/p>\n<p>&nbsp;<\/p>\n","protected":false},"excerpt":{"rendered":"<p>Die DFG-VK NRW veranstaltete am 25.2.2022 eine Kundgebung in D\u00fcsseldorf &#8222;Entspannungspolitik jetzt! Frieden in Europa! Angriff auf die Ukraine stoppen! Verhandeln statt schie\u00dfen!&#8220;. Joachim Schramm, Landesgesch\u00e4ftsf\u00fchrer NRW, verurteilte den russischen Angriff in seiner Rede&#46;&#46;&#46;<\/p>\n","protected":false},"author":110,"featured_media":16663,"comment_status":"open","ping_status":"open","sticky":false,"template":"","format":"standard","meta":{"footnotes":""},"categories":[111],"tags":[98,119,217,214,91],"class_list":["post-17078","post","type-post","status-publish","format-standard","has-post-thumbnail","hentry","category-rede","tag-entspannungspolitik","tag-kalter-krieg","tag-sanktionen","tag-ukraine","tag-voelkerrecht"],"_links":{"self":[{"href":"https:\/\/www.friedenkoeln.de\/index.php?rest_route=\/wp\/v2\/posts\/17078","targetHints":{"allow":["GET"]}}],"collection":[{"href":"https:\/\/www.friedenkoeln.de\/index.php?rest_route=\/wp\/v2\/posts"}],"about":[{"href":"https:\/\/www.friedenkoeln.de\/index.php?rest_route=\/wp\/v2\/types\/post"}],"author":[{"embeddable":true,"href":"https:\/\/www.friedenkoeln.de\/index.php?rest_route=\/wp\/v2\/users\/110"}],"replies":[{"embeddable":true,"href":"https:\/\/www.friedenkoeln.de\/index.php?rest_route=%2Fwp%2Fv2%2Fcomments&post=17078"}],"version-history":[{"count":3,"href":"https:\/\/www.friedenkoeln.de\/index.php?rest_route=\/wp\/v2\/posts\/17078\/revisions"}],"predecessor-version":[{"id":17081,"href":"https:\/\/www.friedenkoeln.de\/index.php?rest_route=\/wp\/v2\/posts\/17078\/revisions\/17081"}],"wp:featuredmedia":[{"embeddable":true,"href":"https:\/\/www.friedenkoeln.de\/index.php?rest_route=\/wp\/v2\/media\/16663"}],"wp:attachment":[{"href":"https:\/\/www.friedenkoeln.de\/index.php?rest_route=%2Fwp%2Fv2%2Fmedia&parent=17078"}],"wp:term":[{"taxonomy":"category","embeddable":true,"href":"https:\/\/www.friedenkoeln.de\/index.php?rest_route=%2Fwp%2Fv2%2Fcategories&post=17078"},{"taxonomy":"post_tag","embeddable":true,"href":"https:\/\/www.friedenkoeln.de\/index.php?rest_route=%2Fwp%2Fv2%2Ftags&post=17078"}],"curies":[{"name":"wp","href":"https:\/\/api.w.org\/{rel}","templated":true}]}}