{"id":17116,"date":"2022-03-12T14:29:02","date_gmt":"2022-03-12T13:29:02","guid":{"rendered":"https:\/\/www.friedenkoeln.de\/?p=17116"},"modified":"2022-03-13T11:15:26","modified_gmt":"2022-03-13T10:15:26","slug":"margot-kaessmann-zum-ukraine-krieg-christinninnen-sollen-widerstaendig-bleiben-gegen-die-logik-des-krieges","status":"publish","type":"post","link":"https:\/\/www.friedenkoeln.de\/?p=17116","title":{"rendered":"Margot K\u00e4\u00dfmann zum Ukraine-Krieg: &#8222;Christ*innen sollen widerst\u00e4ndig bleiben gegen die Logik des Krieges!&#8220;"},"content":{"rendered":"<h4>&#8222;Sicherheit neu denken&#8220;\u00a0mit ziviler Konfliktl\u00f6sung und die Invasion in der Ukraine<\/h4>\n<div id=\"attachment_17128\" style=\"width: 393px\" class=\"wp-caption alignleft\"><img loading=\"lazy\" decoding=\"async\" aria-describedby=\"caption-attachment-17128\" class=\" wp-image-17128\" src=\"https:\/\/www.friedenkoeln.de\/wp-content\/uploads\/2022\/03\/@Julia-Baumgarten1-scaled.jpg\" alt=\"Eine Dame mit kurzen dunklen Haaren in roter sportlich-schicker Jacke und wei\u00dfem Shirt schaut freundlich in die Kamera.\" width=\"383\" height=\"255\" srcset=\"https:\/\/www.friedenkoeln.de\/wp-content\/uploads\/2022\/03\/@Julia-Baumgarten1-scaled.jpg 2560w, https:\/\/www.friedenkoeln.de\/wp-content\/uploads\/2022\/03\/@Julia-Baumgarten1-200x133.jpg 200w, https:\/\/www.friedenkoeln.de\/wp-content\/uploads\/2022\/03\/@Julia-Baumgarten1-768x512.jpg 768w, https:\/\/www.friedenkoeln.de\/wp-content\/uploads\/2022\/03\/@Julia-Baumgarten1-1536x1024.jpg 1536w, https:\/\/www.friedenkoeln.de\/wp-content\/uploads\/2022\/03\/@Julia-Baumgarten1-2048x1365.jpg 2048w\" sizes=\"auto, (max-width: 383px) 100vw, 383px\" \/><p id=\"caption-attachment-17128\" class=\"wp-caption-text\">Margot K\u00e4\u00dfmann, 2.8.2020. Foto: Julia Baumgarten<\/p><\/div>\n<p>Die evangelische Theologin Margot K\u00e4\u00dfmann spricht in unserem <a href=\"https:\/\/dfgvk.podcaster.de\/ausgesprochen-friedlich\/media\/Ausgesprochen_Friedlich_03.mp3\">zweiten Podcast &#8222;Ausgesprochen friedlich &#8211; Podcast Peace&#8220;<\/a> mit unserem K\u00f6lner DFG-VK-Mitglied Kurt Luckhardt \u00fcber den Ukraine-Krieg.<\/p>\n<p>Wie kann Frieden entstehen? Welche Friedenskr\u00e4fte gibt es? Wie stehen die orthodoxen Kirchen zum russischen Einmarsch in die Ukraine? Was sollten Christinnen und Christen nun tun, und wie h\u00e4ngen Frieden und Sicherheit miteinander zusammen?<\/p>\n<p>Frau K\u00e4\u00dfmann unterst\u00fctzt die &#8222;Initiative Sicherheit neu denken&#8220;:<\/p>\n<blockquote><p>Mich begeistern die konkreten Schritte und die positive Vision von Sicherheit neu denken. Deshalb unterst\u00fctze ich den Aufruf zur gleichnamigen Bildungskampagne. Friedenspolitik ist weitaus realistischer als herk\u00f6mmliche \u201aRealpolitik\u2018.<\/p><\/blockquote>\n<p>Sie ist Mitglied der DFG-VK.<\/p>\n<hr \/>\n<p><em>Margot K\u00e4\u00dfmann (Jg. 1958) studierte Theologie in T\u00fcbingen, Edinburgh, G\u00f6ttingen und Marburg. 1985 wurde sie ordiniert und schloss 1989 ihre Promotion an der Ruhr-Universit\u00e4t Bochum ab.<\/em><\/p>\n<p><em>Nach ihrer T\u00e4tigkeit als Pfarrerin und sp\u00e4ter Generalsekret\u00e4rin des Deutschen Evangelischen Kirchentages war die vierfache Mutter von 1999 bis 2010 Landesbisch\u00f6fin der Evangelisch-Lutherischen Landeskirche Hannovers. 2002 erhielt sie die Ehrendoktorw\u00fcrde der Universit\u00e4t Hannover. 2002\u20132011 war sie Pr\u00e4sidentin der Zentralstelle f\u00fcr Recht und Schutz der Kriegsdienstverweigerer aus Gewissensgr\u00fcnden. 2009\/2010 war sie Vorsitzende des Rates der Evangelischen Kirche in Deutschland (EKD). Ab August bis Dezember 2010 nahm sie eine Gastprofessur an der Emory-Universit\u00e4t in Atlanta (USA) wahr. In der Zeit von Januar 2011 bis M\u00e4rz 2012 unterrichtete und forschte sie als Gastprofessorin f\u00fcr \u00d6kumene und Sozialethik an der Ruhr-Universit\u00e4t Bochum (Max Imdahl-Gastprofessur). Von April 2012 bis Juni 2018 war sie als Botschafterin des Rates der EKD f\u00fcr das Reformationsjubil\u00e4um 2017 t\u00e4tig.<\/em><\/p>\n<p><em>Seit Juli 2018 ist Margot K\u00e4\u00dfmann im Ruhestand und widmet sich vor allem dem Schreiben von B\u00fcchern. Daneben engagiert sie sich in ausgew\u00e4hlten Projekten wie etwa dem internationalen Kinderhilfswerk terre des hommes oder dem sozialen Stra\u00dfenmagazin Asphalt.<\/em><\/p>\n<p><em>\u00a0Sie ist zur Zeit im Weltkirchenrat f\u00fcr den Frieden t\u00e4tig.<\/em><\/p>\n","protected":false},"excerpt":{"rendered":"<p>&#8222;Sicherheit neu denken&#8220;\u00a0mit ziviler Konfliktl\u00f6sung und die Invasion in der Ukraine Die evangelische Theologin Margot K\u00e4\u00dfmann spricht in unserem zweiten Podcast &#8222;Ausgesprochen friedlich &#8211; Podcast Peace&#8220; mit unserem K\u00f6lner DFG-VK-Mitglied Kurt Luckhardt \u00fcber den&#46;&#46;&#46;<\/p>\n","protected":false},"author":110,"featured_media":17128,"comment_status":"open","ping_status":"open","sticky":false,"template":"","format":"standard","meta":{"footnotes":""},"categories":[216],"tags":[59,219,214,4],"class_list":["post-17116","post","type-post","status-publish","format-standard","has-post-thumbnail","hentry","category-podcast","tag-kirche","tag-russland","tag-ukraine","tag-zivile-konfliktloesung"],"_links":{"self":[{"href":"https:\/\/www.friedenkoeln.de\/index.php?rest_route=\/wp\/v2\/posts\/17116","targetHints":{"allow":["GET"]}}],"collection":[{"href":"https:\/\/www.friedenkoeln.de\/index.php?rest_route=\/wp\/v2\/posts"}],"about":[{"href":"https:\/\/www.friedenkoeln.de\/index.php?rest_route=\/wp\/v2\/types\/post"}],"author":[{"embeddable":true,"href":"https:\/\/www.friedenkoeln.de\/index.php?rest_route=\/wp\/v2\/users\/110"}],"replies":[{"embeddable":true,"href":"https:\/\/www.friedenkoeln.de\/index.php?rest_route=%2Fwp%2Fv2%2Fcomments&post=17116"}],"version-history":[{"count":12,"href":"https:\/\/www.friedenkoeln.de\/index.php?rest_route=\/wp\/v2\/posts\/17116\/revisions"}],"predecessor-version":[{"id":17132,"href":"https:\/\/www.friedenkoeln.de\/index.php?rest_route=\/wp\/v2\/posts\/17116\/revisions\/17132"}],"wp:featuredmedia":[{"embeddable":true,"href":"https:\/\/www.friedenkoeln.de\/index.php?rest_route=\/wp\/v2\/media\/17128"}],"wp:attachment":[{"href":"https:\/\/www.friedenkoeln.de\/index.php?rest_route=%2Fwp%2Fv2%2Fmedia&parent=17116"}],"wp:term":[{"taxonomy":"category","embeddable":true,"href":"https:\/\/www.friedenkoeln.de\/index.php?rest_route=%2Fwp%2Fv2%2Fcategories&post=17116"},{"taxonomy":"post_tag","embeddable":true,"href":"https:\/\/www.friedenkoeln.de\/index.php?rest_route=%2Fwp%2Fv2%2Ftags&post=17116"}],"curies":[{"name":"wp","href":"https:\/\/api.w.org\/{rel}","templated":true}]}}