{"id":17154,"date":"2022-04-16T11:33:50","date_gmt":"2022-04-16T09:33:50","guid":{"rendered":"https:\/\/www.friedenkoeln.de\/?p=17154"},"modified":"2022-04-16T12:04:53","modified_gmt":"2022-04-16T10:04:53","slug":"heute-ostermarsch-in-koeln","status":"publish","type":"post","link":"https:\/\/www.friedenkoeln.de\/?p=17154","title":{"rendered":"Heute: Ostermarsch in K\u00f6ln"},"content":{"rendered":"<p style=\"text-align: center;\"><strong>11:00 Uhr Auftaktkundgebung am Deserteursdenkmal, Appellhofplatz K\u00f6ln, anschlie\u00dfend Demonstration und Abschlusskundgebung am Roncalli-Platz<\/strong><\/p>\n<p>mit:<\/p>\n<ul>\n<li><strong>Kathrin Vogler<\/strong>, MdB f\u00fcr Die.Linke<\/li>\n<li><strong>Elvira H\u00f6gemann<\/strong>, K\u00f6lner Friedensforum<\/li>\n<li><strong>Eva Aras<\/strong>, K\u00f6ln-Wolgograd St\u00e4dtepartnerschaftsverein<\/li>\n<li><strong>Matthias-W. Engelke<\/strong>, Vers\u00f6hnungsbund<\/li>\n<li><strong>Cornelia Senne<\/strong>, von der Initiative \u201eDie Kirche(n) im Dorf lassen\u201c (L\u00fctzerath)<\/li>\n<li><strong>Steven<\/strong> f\u00fcr die \u201aJugend gegen Krieg\u2018<\/li>\n<\/ul>\n<p>und Musik von<\/p>\n<ul>\n<li><strong>Gerd Schinkel<\/strong><\/li>\n<\/ul>\n<p>Danach gemeinsame Bahnfahrt zum Ostermarsch Rhein Ruhr in D\u00fcsseldorf.<\/p>\n<p>Hier findet Ihr den Aufruf <a href=\"https:\/\/www.friedenskooperative.de\/ostermarsch-2022\/aufrufe\/rhein-ruhr\">\u201eEskalationsspirale durchbrechen \u2013 Atom- und Hochr\u00fcstung stoppen \u2013 Klima sch\u00fctzen!\u201c<\/a> zum Ostermarsch Rhein-Ruhr sowie eine <a href=\"http:\/\/s9y.ostermarsch-ruhr.de\/index.php?\/archives\/25-Ukraine-Erklaerung.html#extended\">erg\u00e4nzende Erkl\u00e4rung zum Ostermarschaufruf<\/a> angesichts des russischen Angriffs auf die Ukraine.<\/p>\n<p>Alle Infos zu den Osterm\u00e4rschen Rhein-Ruhr im <a href=\"https:\/\/www.friedenkoeln.de\/wp-content\/uploads\/2022\/04\/Ostemarsch-2022-Flyer_2.pdf\">Flyer<\/a>.<\/p>\n<p><img loading=\"lazy\" decoding=\"async\" class=\"size-full wp-image-17157 aligncenter\" src=\"https:\/\/www.friedenkoeln.de\/wp-content\/uploads\/2022\/04\/OM_Plakat22-scaled.jpg\" alt=\"\" width=\"1817\" height=\"2560\" srcset=\"https:\/\/www.friedenkoeln.de\/wp-content\/uploads\/2022\/04\/OM_Plakat22-scaled.jpg 1817w, https:\/\/www.friedenkoeln.de\/wp-content\/uploads\/2022\/04\/OM_Plakat22-142x200.jpg 142w, https:\/\/www.friedenkoeln.de\/wp-content\/uploads\/2022\/04\/OM_Plakat22-768x1082.jpg 768w, https:\/\/www.friedenkoeln.de\/wp-content\/uploads\/2022\/04\/OM_Plakat22-1090x1536.jpg 1090w, https:\/\/www.friedenkoeln.de\/wp-content\/uploads\/2022\/04\/OM_Plakat22-1454x2048.jpg 1454w\" sizes=\"auto, (max-width: 1817px) 100vw, 1817px\" \/><\/p>\n","protected":false},"excerpt":{"rendered":"<p>11:00 Uhr Auftaktkundgebung am Deserteursdenkmal, Appellhofplatz K\u00f6ln, anschlie\u00dfend Demonstration und Abschlusskundgebung am Roncalli-Platz mit: Kathrin Vogler, MdB f\u00fcr Die.Linke Elvira H\u00f6gemann, K\u00f6lner Friedensforum Eva Aras, K\u00f6ln-Wolgograd St\u00e4dtepartnerschaftsverein Matthias-W. Engelke, Vers\u00f6hnungsbund Cornelia Senne, von der&#46;&#46;&#46;<\/p>\n","protected":false},"author":110,"featured_media":17157,"comment_status":"open","ping_status":"open","sticky":false,"template":"","format":"standard","meta":{"footnotes":""},"categories":[116],"tags":[180],"class_list":["post-17154","post","type-post","status-publish","format-standard","has-post-thumbnail","hentry","category-aufruf","tag-ostermarsch"],"_links":{"self":[{"href":"https:\/\/www.friedenkoeln.de\/index.php?rest_route=\/wp\/v2\/posts\/17154","targetHints":{"allow":["GET"]}}],"collection":[{"href":"https:\/\/www.friedenkoeln.de\/index.php?rest_route=\/wp\/v2\/posts"}],"about":[{"href":"https:\/\/www.friedenkoeln.de\/index.php?rest_route=\/wp\/v2\/types\/post"}],"author":[{"embeddable":true,"href":"https:\/\/www.friedenkoeln.de\/index.php?rest_route=\/wp\/v2\/users\/110"}],"replies":[{"embeddable":true,"href":"https:\/\/www.friedenkoeln.de\/index.php?rest_route=%2Fwp%2Fv2%2Fcomments&post=17154"}],"version-history":[{"count":3,"href":"https:\/\/www.friedenkoeln.de\/index.php?rest_route=\/wp\/v2\/posts\/17154\/revisions"}],"predecessor-version":[{"id":17159,"href":"https:\/\/www.friedenkoeln.de\/index.php?rest_route=\/wp\/v2\/posts\/17154\/revisions\/17159"}],"wp:featuredmedia":[{"embeddable":true,"href":"https:\/\/www.friedenkoeln.de\/index.php?rest_route=\/wp\/v2\/media\/17157"}],"wp:attachment":[{"href":"https:\/\/www.friedenkoeln.de\/index.php?rest_route=%2Fwp%2Fv2%2Fmedia&parent=17154"}],"wp:term":[{"taxonomy":"category","embeddable":true,"href":"https:\/\/www.friedenkoeln.de\/index.php?rest_route=%2Fwp%2Fv2%2Fcategories&post=17154"},{"taxonomy":"post_tag","embeddable":true,"href":"https:\/\/www.friedenkoeln.de\/index.php?rest_route=%2Fwp%2Fv2%2Ftags&post=17154"}],"curies":[{"name":"wp","href":"https:\/\/api.w.org\/{rel}","templated":true}]}}