{"id":17165,"date":"2022-06-21T15:44:09","date_gmt":"2022-06-21T13:44:09","guid":{"rendered":"https:\/\/www.friedenkoeln.de\/?p=17165"},"modified":"2022-06-23T16:21:09","modified_gmt":"2022-06-23T14:21:09","slug":"mit-dem-zug-am-2-juli-2022-zur-friedensdemo-nach-berlin-wir-zahlen-nicht-fuer-eure-kriege-100-milliarden-fuer-eine-demokratische-zivile-und-soziale-zeitenwende","status":"publish","type":"post","link":"https:\/\/www.friedenkoeln.de\/?p=17165","title":{"rendered":"Mit dem Zug am 2. Juli 2022 zur Friedensdemo nach Berlin: \u201eWir zahlen nicht f\u00fcr eure Kriege! 100 Milliarden f\u00fcr eine demokratische, zivile und soziale Zeitenwende\u201c"},"content":{"rendered":"<h4 style=\"text-align: center;\">Sa., 2. Juli: Bundesweite Friedensdemo in Berlin\u201eWir zahlen nicht f\u00fcr eure Kriege! 100 Milliarden f\u00fcr eine demokratische, zivile und soziale Zeitenwende\u201c<\/h4>\n<p>Zur zentralen Friedensdemo in Berlin am 2. Juli organisiert das K\u00f6lner Friedensforum die gemeinsame Hinfahrt von K\u00f6ln mit dem Zug. Daf\u00fcr hat es bereits ein g\u00fcnstiges Fahrkartenkontingent gebucht:<\/p>\n<p>Preis nur f\u00fcr die Hinfahrt ab K\u00f6ln:<br \/>\n20 Euro erm\u00e4\u00dfigt<br \/>\n25 Euro regul\u00e4r<br \/>\n35 Euro Soli<br \/>\n<strong>Meldet Euch bitte mit den gew\u00fcnschten Preis, der Anzahl an Tickets und die Namen der Mitfahrenden bei: friedensbus@yahoo.com.<\/strong><\/p>\n<table class=\" alignleft\" style=\"height: 317px;\" width=\"319\" cellspacing=\"0\" cellpadding=\"0\">\n<tbody class=\"\">\n<tr class=\"\">\n<td class=\"\" valign=\"middle\">\n<div class=\"\" style=\"text-align: left;\">Abfahrtzeiten<\/div>\n<\/td>\n<td class=\"\" valign=\"middle\">\n<div class=\"\">FlixTrain<\/div>\n<\/td>\n<td class=\"\" valign=\"middle\"><\/td>\n<td class=\"\" valign=\"middle\"><\/td>\n<\/tr>\n<tr class=\"\">\n<td class=\"\" valign=\"middle\">\n<div class=\"\"><b class=\"\">06:45<\/b><\/div>\n<\/td>\n<td class=\"\" colspan=\"2\" valign=\"middle\">\n<div class=\"\"><b class=\"\">K\u00f6ln Hbf (FlixTrain)<\/b><\/div>\n<\/td>\n<td class=\"\" valign=\"middle\">\n<div class=\"\"><\/div>\n<\/td>\n<\/tr>\n<tr class=\"\">\n<td class=\"\" valign=\"middle\">\n<div class=\"\"><b class=\"\">07:12<\/b><\/div>\n<\/td>\n<td class=\"\" colspan=\"2\" valign=\"middle\">\n<div class=\"\"><b class=\"\">D\u00fcsseldorf Hbf (FlixTrain)<\/b><\/div>\n<\/td>\n<td class=\"\" valign=\"middle\">\n<div class=\"\"><\/div>\n<\/td>\n<\/tr>\n<tr class=\"\">\n<td class=\"\" valign=\"middle\">\n<div class=\"\"><b class=\"\">07:28<\/b><\/div>\n<\/td>\n<td class=\"\" colspan=\"2\" valign=\"middle\">\n<div class=\"\"><b class=\"\">Duisburg Hbf (FlixTrain)<\/b><\/div>\n<\/td>\n<td class=\"\" valign=\"middle\">\n<div class=\"\"><\/div>\n<\/td>\n<\/tr>\n<tr class=\"\">\n<td class=\"\" valign=\"middle\">\n<div class=\"\"><b class=\"\">07:42<\/b><\/div>\n<\/td>\n<td class=\"\" colspan=\"2\" valign=\"middle\">\n<div class=\"\"><b class=\"\">Essen Hbf (FlixTrain)<\/b><\/div>\n<\/td>\n<td class=\"\" valign=\"middle\">\n<div class=\"\"><\/div>\n<\/td>\n<\/tr>\n<tr class=\"\">\n<td class=\"\" valign=\"middle\">\n<div class=\"\"><b class=\"\">08:04<\/b><\/div>\n<\/td>\n<td class=\"\" colspan=\"2\" valign=\"middle\">\n<div class=\"\"><b class=\"\">Dortmund Hbf (FlixTrain)<\/b><\/div>\n<\/td>\n<td class=\"\" valign=\"middle\">\n<div class=\"\"><\/div>\n<\/td>\n<\/tr>\n<tr class=\"\">\n<td class=\"\" valign=\"middle\">\n<div class=\"\"><b class=\"\">08:32<\/b><\/div>\n<\/td>\n<td class=\"\" colspan=\"2\" valign=\"middle\">\n<div class=\"\"><b class=\"\">Hamm Hbf (FlixTrain)<\/b><\/div>\n<\/td>\n<td class=\"\" valign=\"middle\">\n<div class=\"\"><\/div>\n<\/td>\n<\/tr>\n<tr class=\"\">\n<td class=\"\" valign=\"middle\">\n<div class=\"\"><b class=\"\">08:53<\/b><\/div>\n<\/td>\n<td class=\"\" colspan=\"2\" valign=\"middle\">\n<div class=\"\"><b class=\"\">G\u00fctersloh Hbf (FlixTrain)<\/b><\/div>\n<\/td>\n<td class=\"\" valign=\"middle\">\n<div class=\"\"><\/div>\n<\/td>\n<\/tr>\n<tr class=\"\">\n<td class=\"\" valign=\"middle\">\n<div class=\"\"><b class=\"\">09:04<\/b><\/div>\n<\/td>\n<td class=\"\" colspan=\"2\" valign=\"middle\">\n<div class=\"\"><b class=\"\">Bielefeld Hbf (FlixTrain)<\/b><\/div>\n<\/td>\n<td class=\"\" valign=\"middle\">\n<div class=\"\"><\/div>\n<\/td>\n<\/tr>\n<tr class=\"\">\n<td class=\"\" valign=\"middle\">\n<div class=\"\"><b class=\"\">10:03<\/b><\/div>\n<\/td>\n<td class=\"\" colspan=\"2\" valign=\"middle\">\n<div class=\"\"><b class=\"\">Hannover Hbf (FlixTrain)<\/b><\/div>\n<\/td>\n<td class=\"\" valign=\"middle\">\n<div class=\"\"><\/div>\n<\/td>\n<\/tr>\n<tr class=\"\">\n<td class=\"\" valign=\"middle\">\n<div class=\"\"><b class=\"\">11:03<\/b><\/div>\n<\/td>\n<td class=\"\" colspan=\"2\" valign=\"middle\">\n<div class=\"\"><b class=\"\">Stendal Bf (FlixTrain)<\/b><\/div>\n<\/td>\n<td class=\"\" valign=\"middle\">\n<div class=\"\"><\/div>\n<\/td>\n<\/tr>\n<tr class=\"\">\n<td class=\"\" valign=\"middle\">\n<div class=\"\"><b class=\"\">11:52<\/b><\/div>\n<\/td>\n<td class=\"\" colspan=\"2\" valign=\"middle\">\n<div class=\"\"><b class=\"\">Berlin Hbf (FlixTrain)<\/b><\/div>\n<\/td>\n<\/tr>\n<\/tbody>\n<\/table>\n<p>Da wir davon ausgehen, dass viele die Gelegenheit n\u00fctzen, \u00fcber das Wochenende in Berlin zu bleiben, wird die Buchung einer R\u00fcckfahrt den TeilnehmerInnen \u00fcberlassen.<\/p>\n<p>Wir haben Flyer gedruckt, wer welche ben\u00f6tigt oder sich an Mobilisierungsaktionen beteiligen will, meldet sich bitte bei Felix: 0177-6990627.<\/p>\n<p>Unter www.zivilezeitenwende.de findet Ihr Aufruf, weitere Materialien und die zahlreichen Unterst\u00fctzer:innen aus dem ganzen Bundesgebiet, welche fortlaufend aktualisiert werden.<strong style=\"text-align: center;\"><img loading=\"lazy\" decoding=\"async\" class=\"size-full wp-image-17170 aligncenter\" src=\"https:\/\/www.friedenkoeln.de\/wp-content\/uploads\/2022\/06\/Logo-scaled-1.jpg\" alt=\"\" width=\"2560\" height=\"1047\" srcset=\"https:\/\/www.friedenkoeln.de\/wp-content\/uploads\/2022\/06\/Logo-scaled-1.jpg 2560w, https:\/\/www.friedenkoeln.de\/wp-content\/uploads\/2022\/06\/Logo-scaled-1-200x82.jpg 200w, https:\/\/www.friedenkoeln.de\/wp-content\/uploads\/2022\/06\/Logo-scaled-1-768x314.jpg 768w, https:\/\/www.friedenkoeln.de\/wp-content\/uploads\/2022\/06\/Logo-scaled-1-1536x628.jpg 1536w, https:\/\/www.friedenkoeln.de\/wp-content\/uploads\/2022\/06\/Logo-scaled-1-2048x838.jpg 2048w\" sizes=\"auto, (max-width: 2560px) 100vw, 2560px\" \/><\/strong><\/p>\n<h4>Der Aufruf<\/h4>\n<p>Wir \u2013 Friedensbewegte in der BRD aus der ganzen Welt \u2013 rufen dazu auf, das angek\u00fcndigte Aufr\u00fcstungspaket von 100 Milliarden Euro im Grundgesetz gemeinsam zu stoppen und f\u00fcr die Umwidmung der Mittel zum Ausbau des Sozialstaats zu k\u00e4mpfen. Die Aufr\u00fcstungspolitik ist grundfalsch, hochgef\u00e4hrlich und zynisch, weil sie bedeutet, die gesellschaftliche Krise mit Militarismus zu beantworten statt mit sozialem Fortschritt zur Mehrung des Allgemeinwohls. R\u00fcstungs- und Kriegspolitik stehen immer im Gegensatz zur solidarischen Kultivierung der Gesellschaft. Deswegen engagieren wir uns stattdessen f\u00fcr massive \u00f6ffentliche Investitionen und dauerhafte Ausgabenerh\u00f6hungen f\u00fcr Soziales, Gesundheit, Bildung, Kultur und Klima \u2013 zur zivilen, demokratischen und sozialen Wohlentwicklung weltweit.<\/p>\n<h4>Die Waffen nieder!<\/h4>\n<p>Den Krieg in der Ukraine wird diese Aufr\u00fcstung weder stoppen noch verk\u00fcrzen. Vielmehr hat das neue globale Wettr\u00fcsten der vergangenen Jahre die versch\u00e4rfte Konfrontation der gro\u00dfen Machtbl\u00f6cke mit verursacht und eskaliert sie weiter. Auch geht es bei dem Aufr\u00fcstungspaket nicht um Landesverteidigung, sondern um national eigenst\u00e4ndige Kriegsbef\u00e4higung. Die auf der Einkaufsliste stehenden F35-Tarnkappenbomber und Drohnensysteme sind aggressives Angriffskriegsger\u00e4t und sollen zudem die atomare Teilhabe verstetigen. Dagegen ist der einzige Weg zum Frieden: Abr\u00fcstung, Deeskalation, internationale Diplomatie und soziale Gerechtigkeit weltweit!<\/p>\n<h4>Nie wieder Krieg!<\/h4>\n<p>Aufr\u00fcstung geh\u00f6rt nicht ins Grundgesetz. Im Gegenteil: Als Konsequenz aus zwei imperialistischen Weltkriegen, die von deutschem Boden ausgingen, sowie als Schlussfolgerungen aus der Befreiung vom deutschen Faschismus, flossen ins Grundgesetz das Gebot zum Frieden, zu Gewaltverzicht, V\u00f6lkerverst\u00e4ndigung, Asylrecht und Sozialstaat ein: \u201eHandlungen, die geeignet sind und in der Absicht vorgenommen werden, das friedliche Zusammenleben der V\u00f6lker zu st\u00f6ren, insbesondere die F\u00fchrung eines Angriffskrieges vorzubereiten sind verfassungswidrig\u201c (Art. 26). Ein bis heute und f\u00fcr heute g\u00fcltiges Entwicklungsprogramm, damit nie wieder Krieg von Deutschland ausgehe!<\/p>\n<h4>Gemeinsame Entwicklung statt Aufr\u00fcstung<\/h4>\n<p>Mehr Waffen schaffen keinen Frieden und Sicherheit gibt es nur gemeinsam, nicht gegeneinander! Das Potential f\u00fcr zivile, demokratische und soziale Wohlentwicklung f\u00fcr alle ist vorhanden. Eine gerechte Ressourcenverteilung w\u00fcrde die Hungerkrisen insbesondere im globalen S\u00fcden beenden; der Umstieg auf erneuerbare Energien f\u00fcr eine nachhaltige Klimapolitik ist technologisch m\u00f6glich; eine umfassende Gesundheitsversorgung kann f\u00fcr alle gew\u00e4hrleistet und solidarische Entfaltung durch vern\u00fcnftige Arbeit, soziale Sicherheit und demokratisch-offene Bildung und Kultur f\u00fcr Alle geschaffen werden. All dies erfordert globale Kooperation, demokratische Aushandlung und kluge Investitionen f\u00fcr die\u00a0gemeinsame L\u00f6sung von Problemen.<\/p>\n<h4>Gemeinsam sagen wir NEIN zur Aufr\u00fcstung und JA zur Zukunft!<\/h4>\n<p>Das Aufr\u00fcstungspaket ist gegen die Interessen der Mehrheit der Bev\u00f6lkerung weltweit gerichtet. Es geht einher mit gesteigert unsozialer und autorit\u00e4rer Politik, mit Nationalismus und Chauvinismus. Die ohnehin enorme Ungleichheit w\u00e4chst weiter. Profiteure sind einzig die Chefetagen von Banken und R\u00fcstungskonzernen. Statt dieser destruktiven Hinterzimmerpolitik braucht es eine tats\u00e4chlich demokratische, zivile und soziale Zeitenwende \u2013 hervorzubringen von uns Allen in Gewerkschaften, Sch\u00fcler:innen- und Studierendenvertretungen, Friedens-, Antifa-, Umwelt- und sozialen Bewegungen, in Kirche und Kultur-, Bildungs-, Sozialeinrichtungen sowie in Parteien. Allein mit je 20 Milliarden in die \u00f6ffentliche Energie- und Verkehrsinfrastruktur, in die Sanierung von Schulen und Hochschulen, in den personellen Ausbau des Gesundheitswesens, in sanktionsfreie soziale Mindestsicherungen und in die F\u00f6rderung von Museen, Theatern, Kinos und B\u00fccherhallen w\u00fcrde ein notwendiger Schritt zur L\u00f6sung der vordringlichsten Probleme der Mehrheit getan. Wir rufen daher auf, eine solche Kehrtwende gemeinsam durchzusetzen!<\/p>\n<h4>Kommt zur bundesweiten Demonstration<\/h4>\n<p style=\"text-align: center;\"><strong>am Samstag, den 02.07.2022,<\/strong><br \/>\n<strong>um 14 Uhr, Bebelplatz\u00a0<\/strong><strong>in Berlin!<\/strong><\/p>\n<p style=\"text-align: center;\"><strong>NEIN zur Aufr\u00fcstung \u2013 JA zur zivilen, solidarischen Entwicklung!<\/strong><\/p>\n","protected":false},"excerpt":{"rendered":"<p>Sa., 2. Juli: Bundesweite Friedensdemo in Berlin\u201eWir zahlen nicht f\u00fcr eure Kriege! 100 Milliarden f\u00fcr eine demokratische, zivile und soziale Zeitenwende\u201c Zur zentralen Friedensdemo in Berlin am 2. Juli organisiert das K\u00f6lner Friedensforum die&#46;&#46;&#46;<\/p>\n","protected":false},"author":110,"featured_media":17170,"comment_status":"open","ping_status":"open","sticky":false,"template":"","format":"standard","meta":{"footnotes":""},"categories":[104,116],"tags":[42,153,146,88,4],"class_list":["post-17165","post","type-post","status-publish","format-standard","has-post-thumbnail","hentry","category-ankuendigung","category-aufruf","tag-abruestung","tag-aufruestung","tag-krieg","tag-sozialpolitik","tag-zivile-konfliktloesung"],"_links":{"self":[{"href":"https:\/\/www.friedenkoeln.de\/index.php?rest_route=\/wp\/v2\/posts\/17165","targetHints":{"allow":["GET"]}}],"collection":[{"href":"https:\/\/www.friedenkoeln.de\/index.php?rest_route=\/wp\/v2\/posts"}],"about":[{"href":"https:\/\/www.friedenkoeln.de\/index.php?rest_route=\/wp\/v2\/types\/post"}],"author":[{"embeddable":true,"href":"https:\/\/www.friedenkoeln.de\/index.php?rest_route=\/wp\/v2\/users\/110"}],"replies":[{"embeddable":true,"href":"https:\/\/www.friedenkoeln.de\/index.php?rest_route=%2Fwp%2Fv2%2Fcomments&post=17165"}],"version-history":[{"count":5,"href":"https:\/\/www.friedenkoeln.de\/index.php?rest_route=\/wp\/v2\/posts\/17165\/revisions"}],"predecessor-version":[{"id":17171,"href":"https:\/\/www.friedenkoeln.de\/index.php?rest_route=\/wp\/v2\/posts\/17165\/revisions\/17171"}],"wp:featuredmedia":[{"embeddable":true,"href":"https:\/\/www.friedenkoeln.de\/index.php?rest_route=\/wp\/v2\/media\/17170"}],"wp:attachment":[{"href":"https:\/\/www.friedenkoeln.de\/index.php?rest_route=%2Fwp%2Fv2%2Fmedia&parent=17165"}],"wp:term":[{"taxonomy":"category","embeddable":true,"href":"https:\/\/www.friedenkoeln.de\/index.php?rest_route=%2Fwp%2Fv2%2Fcategories&post=17165"},{"taxonomy":"post_tag","embeddable":true,"href":"https:\/\/www.friedenkoeln.de\/index.php?rest_route=%2Fwp%2Fv2%2Ftags&post=17165"}],"curies":[{"name":"wp","href":"https:\/\/api.w.org\/{rel}","templated":true}]}}