{"id":17174,"date":"2022-06-24T12:10:05","date_gmt":"2022-06-24T10:10:05","guid":{"rendered":"https:\/\/www.friedenkoeln.de\/?p=17174"},"modified":"2022-06-24T12:15:20","modified_gmt":"2022-06-24T10:15:20","slug":"einladung-zum-csd-in-koeln-am-2-7-2022-queer-feministische-sicherheitspolitik-werteorientierte-aussenpolitik-oder-menschenrechtsimperialismus","status":"publish","type":"post","link":"https:\/\/www.friedenkoeln.de\/?p=17174","title":{"rendered":"Einladung zum CSD in K\u00f6ln am 2.7.2022: Queer-Feministische Sicherheitspolitik: \u201eWerteorientierte Au\u00dfenpolitik\u201c oder \u201cMenschenrechtsimperialismus\u201c?"},"content":{"rendered":"<p><em>Wir laden herzlich zur Podiumsdiskussion beim Stra\u00dfenfest zum Christopher-Street-Day in K\u00f6ln ein:<\/em><\/p>\n<hr \/>\n<p><strong>Dr. Lale Akg\u00fcn<\/strong>, ehemaliges Mitglied des Deutschen Bundestages (SPD) und erste direkt in den Bundestag gew\u00e4hlte Frau mit Migrationshintergrund,<\/p>\n<p>und<\/p>\n<p><strong>Kathrin Vogler<\/strong>, Mitglied des Deutschen Bundestages (Die Linke) und Pazifistin,<\/p>\n<p>diskutieren \u00fcber<\/p>\n<p style=\"text-align: center;\"><strong>Queer-Feministische Sicherheitspolitik: <\/strong><\/p>\n<p style=\"text-align: center;\"><strong>\u201eWerteorientierte Au\u00dfenpolitik\u201c oder \u201cMenschenrechtsimperialismus\u201c?<\/strong><\/p>\n<p>Es moderiert: <strong>Timon Delawari<\/strong>, ehemaliger Stv. Bezirksb\u00fcrgermeister in K\u00f6ln und ehemaliger Bundesvorstand des Lesben- und Schwulenverband (LSVD) e.V., Mitglied der DFG-VK Gruppe K\u00f6ln<\/p>\n<p style=\"text-align: center;\"><strong>am\u00a02.7.2022, von\u00a018.10 bis\u00a018.40 Uhr<\/strong><\/p>\n<p style=\"text-align: center;\"><strong>auf der\u00a0Politurb\u00fchne, Alter Markt, K\u00f6ln<\/strong><\/p>\n<p>Leider erleben wir weltweit die gr\u00f6\u00dfte Fl\u00fcchtlingsbewegung seit Jahrzehnten und die h\u00f6chsten Ausgaben f\u00fcr R\u00fcstung, Krieg und Verteidigung. Armut und Fl\u00fcchtlings- und Gesundheitskrisen betreffen weltweit \u00fcberwiegend Frauen, Kinder und vulnerable Gruppen.<br \/>\nGleichzeitig erleben wir immense Fortschritte bei der Emanzipation von LGBTI und eine st\u00e4rkere politische Beteiligung von Frauen und LGBTI in zahlreichen L\u00e4ndern, darunter in Deutschland.<\/p>\n<p>Die Wahrung der Menschenrechte ist ein weltweit unstrittiges Anliegen. Immer wieder wird damit jedoch der Einsatz milit\u00e4rischer Gewalt begr\u00fcndet.<br \/>\nWie passen diese Widerspr\u00fcche zusammen? Wie k\u00f6nnte eine friedlichere, gewaltfreie und eine emanzipatorische Politik aussehen?<\/p>\n<div id=\"attachment_17177\" style=\"width: 2058px\" class=\"wp-caption alignnone\"><img loading=\"lazy\" decoding=\"async\" aria-describedby=\"caption-attachment-17177\" class=\"size-full wp-image-17177\" src=\"https:\/\/www.friedenkoeln.de\/wp-content\/uploads\/2022\/06\/Cologne_Germany_Cologne-Gay-Pride-2015_Parade-13.jpg\" alt=\"Eine Gruppe bunt und sommerlich gekleideter Demonanstrant*innen zeigen fr\u00f6hlich Schilder und ein Transparent &quot;Vielfalt macht uns stark! LSVD NRW - Die Lobby f\u00fcr Lesben &amp; Schwule&quot;\" width=\"2048\" height=\"1365\" srcset=\"https:\/\/www.friedenkoeln.de\/wp-content\/uploads\/2022\/06\/Cologne_Germany_Cologne-Gay-Pride-2015_Parade-13.jpg 2048w, https:\/\/www.friedenkoeln.de\/wp-content\/uploads\/2022\/06\/Cologne_Germany_Cologne-Gay-Pride-2015_Parade-13-200x133.jpg 200w, https:\/\/www.friedenkoeln.de\/wp-content\/uploads\/2022\/06\/Cologne_Germany_Cologne-Gay-Pride-2015_Parade-13-768x512.jpg 768w, https:\/\/www.friedenkoeln.de\/wp-content\/uploads\/2022\/06\/Cologne_Germany_Cologne-Gay-Pride-2015_Parade-13-1536x1024.jpg 1536w\" sizes=\"auto, (max-width: 2048px) 100vw, 2048px\" \/><p id=\"caption-attachment-17177\" class=\"wp-caption-text\">Cologne Pride-Parade am 5.7.2015 in K\u00f6ln. Foto: CEphoto, Uwe Aranas<\/p><\/div>\n<hr \/>\n<p><em>Wir sind mit am 1.-3. Juli 2022 einem Stand auf dem Alter Markt vertreten &#8211; kommt vorbei und diskutiert weiter mit uns!<\/em><\/p>\n","protected":false},"excerpt":{"rendered":"<p>Wir laden herzlich zur Podiumsdiskussion beim Stra\u00dfenfest zum Christopher-Street-Day in K\u00f6ln ein: Dr. Lale Akg\u00fcn, ehemaliges Mitglied des Deutschen Bundestages (SPD) und erste direkt in den Bundestag gew\u00e4hlte Frau mit Migrationshintergrund, und Kathrin Vogler,&#46;&#46;&#46;<\/p>\n","protected":false},"author":110,"featured_media":17177,"comment_status":"open","ping_status":"open","sticky":false,"template":"","format":"standard","meta":{"footnotes":""},"categories":[104],"tags":[118,210,28,221,223,99,222,144],"class_list":["post-17174","post","type-post","status-publish","format-standard","has-post-thumbnail","hentry","category-ankuendigung","tag-asyl","tag-feminismus","tag-fluchtlingen","tag-friedenspolitik","tag-lgbti","tag-menschenrechte","tag-sicherheit","tag-sicherheitspolitik"],"_links":{"self":[{"href":"https:\/\/www.friedenkoeln.de\/index.php?rest_route=\/wp\/v2\/posts\/17174","targetHints":{"allow":["GET"]}}],"collection":[{"href":"https:\/\/www.friedenkoeln.de\/index.php?rest_route=\/wp\/v2\/posts"}],"about":[{"href":"https:\/\/www.friedenkoeln.de\/index.php?rest_route=\/wp\/v2\/types\/post"}],"author":[{"embeddable":true,"href":"https:\/\/www.friedenkoeln.de\/index.php?rest_route=\/wp\/v2\/users\/110"}],"replies":[{"embeddable":true,"href":"https:\/\/www.friedenkoeln.de\/index.php?rest_route=%2Fwp%2Fv2%2Fcomments&post=17174"}],"version-history":[{"count":4,"href":"https:\/\/www.friedenkoeln.de\/index.php?rest_route=\/wp\/v2\/posts\/17174\/revisions"}],"predecessor-version":[{"id":17179,"href":"https:\/\/www.friedenkoeln.de\/index.php?rest_route=\/wp\/v2\/posts\/17174\/revisions\/17179"}],"wp:featuredmedia":[{"embeddable":true,"href":"https:\/\/www.friedenkoeln.de\/index.php?rest_route=\/wp\/v2\/media\/17177"}],"wp:attachment":[{"href":"https:\/\/www.friedenkoeln.de\/index.php?rest_route=%2Fwp%2Fv2%2Fmedia&parent=17174"}],"wp:term":[{"taxonomy":"category","embeddable":true,"href":"https:\/\/www.friedenkoeln.de\/index.php?rest_route=%2Fwp%2Fv2%2Fcategories&post=17174"},{"taxonomy":"post_tag","embeddable":true,"href":"https:\/\/www.friedenkoeln.de\/index.php?rest_route=%2Fwp%2Fv2%2Ftags&post=17174"}],"curies":[{"name":"wp","href":"https:\/\/api.w.org\/{rel}","templated":true}]}}