{"id":17188,"date":"2022-07-21T12:47:04","date_gmt":"2022-07-21T10:47:04","guid":{"rendered":"https:\/\/www.friedenkoeln.de\/?p=17188"},"modified":"2022-07-21T12:50:16","modified_gmt":"2022-07-21T10:50:16","slug":"mitmachen-friedensfahrradtour-nrw-22-fuer-frieden-in-der-ukraine-gegen-atomkriegsgefahr","status":"publish","type":"post","link":"https:\/\/www.friedenkoeln.de\/?p=17188","title":{"rendered":"MITMACHEN: Friedensfahrradtour NRW 22 \u2013 F\u00fcr Frieden in der Ukraine, gegen Atomkriegsgefahr"},"content":{"rendered":"<p><em>Die <a href=\"https:\/\/nrw.dfg-vk.de\/\">DFG-VK NRW<\/a> l\u00e4dt ein zur Friedensfahrradtour 2022 #FFTNRW22, vom 30.07-07.08 (Buir, N\u00f6rvenich, Aachen, M\u00f6nchengladbach, Ysselsteyn (NL), Volkel (NL), Uedem, Xanten, Bochold, Borken, Enschede):<\/em><\/p>\n<hr \/>\n<h4>Gemeinsam f\u00fcr unsere Zukunft \u2013 f\u00fcr eine andere Politik!<\/h4>\n<p>Krieg, wirtschaftliche Not, Klimawandel, Fluchtbewegungen: Gerade in diesem Jahr erleben wir diese negativen Entwicklungen besonders drastisch. Deshalb sind wir wieder eine Woche mit dem Rad durch NRW unterwegs, auf Achse f\u00fcr Frieden und Abr\u00fcstung.<\/p>\n<h4>Gemeinsame Sicherheit statt Kriegs- und Konfrontationspolitik!<\/h4>\n<div id=\"attachment_12580\" style=\"width: 503px\" class=\"wp-caption alignright\"><img loading=\"lazy\" decoding=\"async\" aria-describedby=\"caption-attachment-12580\" class=\" wp-image-12580\" src=\"https:\/\/www.friedenkoeln.de\/wp-content\/uploads\/2018\/08\/fullsizeoutput_afa.jpeg\" alt=\"Eine Radfahrerin ist von hinten zu sehen. Eine gro\u00dfe regenbogenfarbene PACE-Fahne, die am Hinterrad angebracht ist, wird vom Wind nach rechts getrieben, so dass man die Aufschrift gut sieht.\" width=\"493\" height=\"411\" srcset=\"https:\/\/www.friedenkoeln.de\/wp-content\/uploads\/2018\/08\/fullsizeoutput_afa.jpeg 736w, https:\/\/www.friedenkoeln.de\/wp-content\/uploads\/2018\/08\/fullsizeoutput_afa-150x125.jpeg 150w\" sizes=\"auto, (max-width: 493px) 100vw, 493px\" \/><p id=\"caption-attachment-12580\" class=\"wp-caption-text\">\u201ePACE\u201c \u2013 Die Friedensfahne. Foto: Bodo Schmitz, www.mutbuergerdokus.de<\/p><\/div>\n<p>Nach dem Jugoslawienkrieg in den 90er Jahren erleben wir gerade zum zweiten Mal nach Ende des Kalten Krieges einen schrecklichen Krieg in Europa. Das T\u00f6ten dauert nun schon fast ein halbes Jahr an. Wir setzen uns ein f\u00fcr ein sofortiges Ende des Krieges durch eine Verhandlungsl\u00f6sung! Unseren Protest gegen den Krieg \u00e4u\u00dfern wir u.a. in Form eines Stra\u00dfentheaters bei unseren Kundgebungen in M\u00f6nchengladbach und Bocholt.<br \/>\nIm August j\u00e4hren sich die beiden ersten Atombombenabw\u00fcrfe auf Hiroshima und Nagasaki. Trotz dieser schrecklichen Erfahrungen wurden im Krieg in der Ukraine Atomwaffen in Alarmbereitschaft versetzt, hat schon l\u00e4ngst ein neues atomares Wettr\u00fcsten begonnen. Der Schritt vom konventionellen zum Atomkrieg erscheint nicht mehr undenkbar. Am Atombomber-St\u00fctzpunkt N\u00f6rvenich und dem niederl\u00e4ndischen Atomwaffen-St\u00fctzpunkt Volkel demonstrieren wir gegen das neue atomare Wettr\u00fcsten und die Atomkriegsgefahr.<\/p>\n<p><em>Weitere Infos auf der <a href=\"https:\/\/nrw.dfg-vk.de\/friedensfahrradtour-nrw-22-fuer-friedenin-der-ukraine-gegen-atomkriegsgefahr\/\">Seite des Landesverbandes NRW<\/a>.<\/em><\/p>\n","protected":false},"excerpt":{"rendered":"<p>Die DFG-VK NRW l\u00e4dt ein zur Friedensfahrradtour 2022 #FFTNRW22, vom 30.07-07.08 (Buir, N\u00f6rvenich, Aachen, M\u00f6nchengladbach, Ysselsteyn (NL), Volkel (NL), Uedem, Xanten, Bochold, Borken, Enschede): Gemeinsam f\u00fcr unsere Zukunft \u2013 f\u00fcr eine andere Politik! Krieg,&#46;&#46;&#46;<\/p>\n","protected":false},"author":110,"featured_media":12580,"comment_status":"open","ping_status":"open","sticky":false,"template":"","format":"standard","meta":{"footnotes":""},"categories":[2,104],"tags":[109,224,197,219,214],"class_list":["post-17188","post","type-post","status-publish","format-standard","has-post-thumbnail","hentry","category-aktionen","category-ankuendigung","tag-fahrrad","tag-fahrradtour","tag-frieden","tag-russland","tag-ukraine"],"_links":{"self":[{"href":"https:\/\/www.friedenkoeln.de\/index.php?rest_route=\/wp\/v2\/posts\/17188","targetHints":{"allow":["GET"]}}],"collection":[{"href":"https:\/\/www.friedenkoeln.de\/index.php?rest_route=\/wp\/v2\/posts"}],"about":[{"href":"https:\/\/www.friedenkoeln.de\/index.php?rest_route=\/wp\/v2\/types\/post"}],"author":[{"embeddable":true,"href":"https:\/\/www.friedenkoeln.de\/index.php?rest_route=\/wp\/v2\/users\/110"}],"replies":[{"embeddable":true,"href":"https:\/\/www.friedenkoeln.de\/index.php?rest_route=%2Fwp%2Fv2%2Fcomments&post=17188"}],"version-history":[{"count":9,"href":"https:\/\/www.friedenkoeln.de\/index.php?rest_route=\/wp\/v2\/posts\/17188\/revisions"}],"predecessor-version":[{"id":17197,"href":"https:\/\/www.friedenkoeln.de\/index.php?rest_route=\/wp\/v2\/posts\/17188\/revisions\/17197"}],"wp:featuredmedia":[{"embeddable":true,"href":"https:\/\/www.friedenkoeln.de\/index.php?rest_route=\/wp\/v2\/media\/12580"}],"wp:attachment":[{"href":"https:\/\/www.friedenkoeln.de\/index.php?rest_route=%2Fwp%2Fv2%2Fmedia&parent=17188"}],"wp:term":[{"taxonomy":"category","embeddable":true,"href":"https:\/\/www.friedenkoeln.de\/index.php?rest_route=%2Fwp%2Fv2%2Fcategories&post=17188"},{"taxonomy":"post_tag","embeddable":true,"href":"https:\/\/www.friedenkoeln.de\/index.php?rest_route=%2Fwp%2Fv2%2Ftags&post=17188"}],"curies":[{"name":"wp","href":"https:\/\/api.w.org\/{rel}","templated":true}]}}