{"id":17198,"date":"2022-07-27T15:07:58","date_gmt":"2022-07-27T13:07:58","guid":{"rendered":"https:\/\/www.friedenkoeln.de\/?p=17198"},"modified":"2022-07-27T15:07:58","modified_gmt":"2022-07-27T13:07:58","slug":"mitreden-bilderstoeckchen-spricht-frieden-schaffen-mit-mehr-waffen-am-14-august-2022-im-bluecherpark","status":"publish","type":"post","link":"https:\/\/www.friedenkoeln.de\/?p=17198","title":{"rendered":"Mitreden: &#8222;Bilderst\u00f6ckchen spricht: Frieden schaffen mit mehr Waffen!?&#8220; am 14. August 2022 im Bl\u00fccherpark"},"content":{"rendered":"<p><em>&#8222;Bilderst\u00f6ckchen spricht&#8220; hat sechs Fachleute eingeladen, die sich an jeweils einem K\u00fcchentisch auf den Austausch zu &#8222;Frieden schaffen mit mehr Waffen!?&#8220; freuen. Unser Mitglied Kurt Luckardt ist f\u00fcr die Bildungskampagne &#8222;Sicherheit neu denken&#8220; dabei.<\/em><\/p>\n<hr \/>\n<p>\u201eBilderst\u00f6cken spricht\u201c dieses Mal am K\u00fcchentisch:<\/p>\n<p style=\"text-align: center;\"><strong> Speakers\u2018 Corner im Bl\u00fccherpark K\u00f6ln &#8211; Sonntag, 14.08. 2022, 15 bis 17 Uhr<\/strong><\/p>\n<p>Frieden schaffen mit mehr Waffen!? Der einstige Wahlspruch der Friedensbewegung \u201eFrieden schaffen ohne Waffen\u201c scheint sich mit Ausbruch des Krieges in der Ukraine beinahe \u00fcber Nacht umgekehrt zu haben: \u201eFrieden schaffen mit mehr Waffen\u201c gilt nun als Losung der Stunde. Die von der Bundesregierung proklamierte Zeitenwende manifestiert sich u.a. in dem Beschluss, die Bundeswehr mit einem sogenannten Sonderverm\u00f6gen in H\u00f6he von 100 Milliarden Euro auszustatten sowie dar\u00fcber hinaus den Verteidigungsetat dauerhaft um mindestens 50 Prozent zu erh\u00f6hen.<\/p>\n<p>In einer ARD-Umfrage im M\u00e4rz dieses Jahres beurteilten rund 70 Prozent der Befragten diese Ma\u00dfnahme als richtig. Inzwischen werden auch Zweifel lauter. Wie stehst Du dazu? Ist Pazifismus \u00fcberholt? Was macht Dir Sorge oder Angst; was gibt Dir Hoffnung? Welche Werte siehst Du bedroht oder gesch\u00fctzt? Welcher Institution traust Du zu, diese Werte zu sch\u00fctzen? Den Nationalstaaten, der EU, der NATO? Wie soll eine Zukunft aussehen, in der Bl\u00f6cke, hoch ger\u00fcstet, sich gegenseitig als Feinde bedrohen?<\/p>\n<p>Auch sprachlich wird bei dem Thema aktuell weiter aufger\u00fcstet. Wir wollen bei der Speakers\u2018 Corner im Bl\u00fccherpark jedoch nicht zum verbalen S\u00e4belrasseln, sondern zum offenen und nachdenklichen Gespr\u00e4ch einladen, bei dem sich jede*r eingeladen f\u00fchlt, Gedanken und Bef\u00fcrchtungen zu teilen. Und wo l\u00e4sst sich das besser tun als am K\u00fcchentisch? Wir stellen 6 K\u00fcchentische in den Bl\u00fccherpark, um die herum wir alle als Diskutant*innen Platz nehmen. An den Tischen erwartet Euch jeweils 1 Speaker*in, der bzw. die nicht das gro\u00dfe<\/p>\n<p>Wort f\u00fchren will, sondern sich auf den Austausch freut:<\/p>\n<ul>\n<li><strong>Max Beckhaus<\/strong> (Fraktionsvorsitzender Gr\u00fcne BV Nippes, K\u00f6ln)<\/li>\n<li><strong>Stephan Gr\u00fcnewald<\/strong> (Psychologe, Gr\u00fcnder des Rheingold Instituts)<\/li>\n<li><strong>Kurt Luckardt<\/strong> (Initiative \u201eSicherheit neu denken\u201c)<\/li>\n<li><strong>Henning Meier<\/strong> (SPD, stellv. Bezirksb\u00fcrgermeister Nippes)<\/li>\n<li><strong>Hannelore Ruppert<\/strong> (Initiative \u201eSicherheit neu denken\u201c)<\/li>\n<li><strong>Peter Schreiber<\/strong> (Journalist, Ex-TV-Korrespondent Moskau\/Nairobi)<\/li>\n<\/ul>\n<p>Die generationen\u00fcbergreifende Speakers\u2018 Corner \u201eBilderst\u00f6ckchen spricht\u201c ist eine private Initiative von Miriam Haller und Chris Weber, unterst\u00fctzt von Freundinnen und Freunden.<\/p>\n<p><em><img loading=\"lazy\" decoding=\"async\" class=\"size-full wp-image-17201 aligncenter\" src=\"https:\/\/www.friedenkoeln.de\/wp-content\/uploads\/2022\/07\/Bilderstoeckchen-spricht_Flyer_20220814.jpg\" alt=\"&quot;Frieden schaffen mit mehr Waffen!?&quot; - Plakat von &quot;Bilderst\u00f6ckchen spricht&quot; f\u00fcr die Veranstaltung am 14.8.2022 im Bl\u00fccherpark K\u00f6ln. Hintergrund: Foto einer sommerlichen Parklandschaft.\" width=\"1772\" height=\"2504\" srcset=\"https:\/\/www.friedenkoeln.de\/wp-content\/uploads\/2022\/07\/Bilderstoeckchen-spricht_Flyer_20220814.jpg 1772w, https:\/\/www.friedenkoeln.de\/wp-content\/uploads\/2022\/07\/Bilderstoeckchen-spricht_Flyer_20220814-142x200.jpg 142w, https:\/\/www.friedenkoeln.de\/wp-content\/uploads\/2022\/07\/Bilderstoeckchen-spricht_Flyer_20220814-768x1085.jpg 768w, https:\/\/www.friedenkoeln.de\/wp-content\/uploads\/2022\/07\/Bilderstoeckchen-spricht_Flyer_20220814-1087x1536.jpg 1087w, https:\/\/www.friedenkoeln.de\/wp-content\/uploads\/2022\/07\/Bilderstoeckchen-spricht_Flyer_20220814-1449x2048.jpg 1449w\" sizes=\"auto, (max-width: 1772px) 100vw, 1772px\" \/><\/em><\/p>\n<p>Der Bl\u00fccherpark liegt am Parkg\u00fcrtel in Bilderst\u00f6ckchen zwischen Ehrenfeld und Nippes. Der beste Eingang, um die Speakers\u2018 Corner-Wiese am Springbrunnen zu erreichen, befindet sich gegen\u00fcber dem Geb\u00e4ude der Rheinenergie, Parkg\u00fcrtel 24. Parkpl\u00e4tze gibt es unter der Stra\u00dfenbahnhochtrasse. Umweltfreundlicher erreichen Sie den Bl\u00fccherpark mit den KVB-Linien 5 (Haltestelle: Nu\u00dfbaumer Stra\u00dfe) oder 13 (Haltestelle: Escher Stra\u00dfe). Sitzm\u00f6glichkeiten sind vorhanden! Nach der Veranstaltung k\u00f6nnen wir den Nachmittag im Biergarten ausklingen lassen.<\/p>\n<p><strong>Bei Regen findet die Veranstaltung in der Evangelischen Kirche Nathanael, Escher Str.\/Parkg\u00fcrtel (Haltestelle: Escher Stra\u00dfe) statt.<\/strong> Weitere Einzelheiten: https:\/\/bilderstoeckchenspricht.wordpress.com\/ facebook: @bilderstoeckchenspricht R\u00fcckfragen 0173 2834763<\/p>\n","protected":false},"excerpt":{"rendered":"<p>&#8222;Bilderst\u00f6ckchen spricht&#8220; hat sechs Fachleute eingeladen, die sich an jeweils einem K\u00fcchentisch auf den Austausch zu &#8222;Frieden schaffen mit mehr Waffen!?&#8220; freuen. Unser Mitglied Kurt Luckardt ist f\u00fcr die Bildungskampagne &#8222;Sicherheit neu denken&#8220; dabei.&#46;&#46;&#46;<\/p>\n","protected":false},"author":110,"featured_media":17201,"comment_status":"open","ping_status":"open","sticky":false,"template":"","format":"standard","meta":{"footnotes":""},"categories":[104],"tags":[153,48,94,222,144],"class_list":["post-17198","post","type-post","status-publish","format-standard","has-post-thumbnail","hentry","category-ankuendigung","tag-aufruestung","tag-bundeswehr","tag-nato","tag-sicherheit","tag-sicherheitspolitik"],"_links":{"self":[{"href":"https:\/\/www.friedenkoeln.de\/index.php?rest_route=\/wp\/v2\/posts\/17198","targetHints":{"allow":["GET"]}}],"collection":[{"href":"https:\/\/www.friedenkoeln.de\/index.php?rest_route=\/wp\/v2\/posts"}],"about":[{"href":"https:\/\/www.friedenkoeln.de\/index.php?rest_route=\/wp\/v2\/types\/post"}],"author":[{"embeddable":true,"href":"https:\/\/www.friedenkoeln.de\/index.php?rest_route=\/wp\/v2\/users\/110"}],"replies":[{"embeddable":true,"href":"https:\/\/www.friedenkoeln.de\/index.php?rest_route=%2Fwp%2Fv2%2Fcomments&post=17198"}],"version-history":[{"count":3,"href":"https:\/\/www.friedenkoeln.de\/index.php?rest_route=\/wp\/v2\/posts\/17198\/revisions"}],"predecessor-version":[{"id":17202,"href":"https:\/\/www.friedenkoeln.de\/index.php?rest_route=\/wp\/v2\/posts\/17198\/revisions\/17202"}],"wp:featuredmedia":[{"embeddable":true,"href":"https:\/\/www.friedenkoeln.de\/index.php?rest_route=\/wp\/v2\/media\/17201"}],"wp:attachment":[{"href":"https:\/\/www.friedenkoeln.de\/index.php?rest_route=%2Fwp%2Fv2%2Fmedia&parent=17198"}],"wp:term":[{"taxonomy":"category","embeddable":true,"href":"https:\/\/www.friedenkoeln.de\/index.php?rest_route=%2Fwp%2Fv2%2Fcategories&post=17198"},{"taxonomy":"post_tag","embeddable":true,"href":"https:\/\/www.friedenkoeln.de\/index.php?rest_route=%2Fwp%2Fv2%2Ftags&post=17198"}],"curies":[{"name":"wp","href":"https:\/\/api.w.org\/{rel}","templated":true}]}}