{"id":17204,"date":"2022-08-03T18:40:40","date_gmt":"2022-08-03T16:40:40","guid":{"rendered":"https:\/\/www.friedenkoeln.de\/?p=17204"},"modified":"2022-08-03T18:47:00","modified_gmt":"2022-08-03T16:47:00","slug":"mitmachen-kundgebung-zum-77-jahrestags-des-atombombenabwurfs-auf-hiroshima","status":"publish","type":"post","link":"https:\/\/www.friedenkoeln.de\/?p=17204","title":{"rendered":"MITMACHEN: Kundgebung zum 77. Jahrestags des Atombombenabwurfs auf Hiroshima"},"content":{"rendered":"<h3>Am 77. Jahrestag des Atombombenabwurfs auf Hiroshima rufen wir zu einer Kundgebung f\u00fcr die Menschlichkeit und die Abschaffung aller Atomwaffen auf!<\/h3>\n<p><strong>Am Samstag, den 6. August 2022, 18.00 Uhr, Treffpunkt und Auftakt: Hiroshima Nagasaki Park<\/strong>, Aachener Weiher, N\u00e4he Biergarten, Richard-Wagner-Stra\u00dfe (KVB Linien 1, 7, 9 bis Moltkestra\u00dfe)<\/p>\n<p>Gemeinsamer Gang zum Mahnmal \u201eAtomwaffen abschaffen!\u201c im Hiroshima Nagasaki-Park.<\/p>\n<p>Gedenken an die Opfer der Atombombenangriffe auf die japanischen St\u00e4dte Hiroshima und Nagasaki am 6. und 9. August 1945 wird gestaltet von:<\/p>\n<p>\u2022 Arbeitskreis Hiroshima Nagasaki, K\u00f6ln<br \/>\n\u2022 K\u00f6lner Friedensforum<br \/>\n\u2022 Deutsche Friedensgesellschaft-Vereinigte Kriegsdienstgegnerinnen, K\u00f6ln<br \/>\n\u2022 AK Zivilklausel, Universit\u00e4t K\u00f6ln<br \/>\n\u2022 Fachschaft Physik, Universit\u00e4t K\u00f6ln<br \/>\n\u2022 Greenpeace, K\u00f6ln<br \/>\n\u2022 Dr. Ralph Elster, stellvertretener B\u00fcrgermeister von OB H. Reker, K\u00f6ln<br \/>\n\u2022 Markus Fr\u00f6hlich, Musik<br \/>\n\u2022 Yoshiro Simizu, trad. Japanisches Instrument<\/p>\n<div id=\"attachment_10329\" style=\"width: 552px\" class=\"wp-caption alignright\"><img loading=\"lazy\" decoding=\"async\" aria-describedby=\"caption-attachment-10329\" class=\"wp-image-10329\" src=\"https:\/\/www.friedenkoeln.de\/wp-content\/uploads\/2017\/02\/Gedenkstein-Foto_von_Konrad_2007_wp.jpg\" alt=\"Gedenkstein im Hiroshima-Nagasaki-Park\" width=\"542\" height=\"361\" srcset=\"https:\/\/www.friedenkoeln.de\/wp-content\/uploads\/2017\/02\/Gedenkstein-Foto_von_Konrad_2007_wp.jpg 1300w, https:\/\/www.friedenkoeln.de\/wp-content\/uploads\/2017\/02\/Gedenkstein-Foto_von_Konrad_2007_wp-320x213.jpg 320w, https:\/\/www.friedenkoeln.de\/wp-content\/uploads\/2017\/02\/Gedenkstein-Foto_von_Konrad_2007_wp-634x423.jpg 634w, https:\/\/www.friedenkoeln.de\/wp-content\/uploads\/2017\/02\/Gedenkstein-Foto_von_Konrad_2007_wp-924x616.jpg 924w, https:\/\/www.friedenkoeln.de\/wp-content\/uploads\/2017\/02\/Gedenkstein-Foto_von_Konrad_2007_wp-139x94.jpg 139w\" sizes=\"auto, (max-width: 542px) 100vw, 542px\" \/><p id=\"caption-attachment-10329\" class=\"wp-caption-text\">Gedenkstein im Hiroshima-Nagasaki-Park K\u00f6ln. Foto: Konrad H\u00f6cker, 5.8.2007.<\/p><\/div>\n<p>Die Atombombenabw\u00fcrfe auf Hiroshima und Nagasaki j\u00e4hren sich zum 77. Mal: Am 6. August 1945 warf die US-Luftwaffe eine Uranbombe auf die Stadt Hiroshima, am 9. August folgte die Bombardierung der Stadt Nagasaki mit einer Plutoniumbombe. In beiden St\u00e4dten wurden Zehntausende Menschen unmittelbar qualvoll get\u00f6tet, Hunderttausende erlagen ihren Verletzungen und starben an den Folgen der atomaren Verstrahlung.<\/p>\n<p>Nach Ende des 2. Weltkriegs gelang es nicht, das Wettr\u00fcsten zu stoppen. Der Uranbergbau, die Waffenproduktion und die tausendfachen Testexplosionen forderten ungez\u00e4hlte weitere Opfer, vielfach unter indigenen V\u00f6lkern. Auch heute richtet die milit\u00e4rische und zivile Atomindustrie Sch\u00e4den an Menschen und Natur an.<\/p>\n<p>2022 befindet sich die Menschheit an einer Weggabelung: Der russische Angriff auf die Ukraine und die unverhohlene Drohung mit Atomwaffen l\u00e4sst nur einen Schluss zu: die \u00c4chtung dieser Massenvernichtungswaffen voranzutreiben. Die atomare Abschreckung gilt es zu \u00fcberwinden, denn sie bietet nur eine scheinbare Sicherheit. Statt neuer Hochr\u00fcstung braucht es endlich wieder Kooperation und Abr\u00fcstung. Es braucht Prozessr\u00e4ume, um wieder Vertrauen herzustellen.<\/p>\n<p>Weltweit engagieren sich seitdem Menschen f\u00fcr die Abschaffung aller Atomwaffen. Die Friedensbewegung geht Hand in Hand mit der Naturschutz- und Klimabewegung. Beide erzielten gro\u00dfe Erfolge durch den Abschluss v\u00f6lkerrechtlicher Abkommen. Die Internationale Kampagne zur Abschaffung von Atomwaffen (ICAN) erhielt 2017 den Friedensnobelpreis f\u00fcr ihr Engagement f\u00fcr einen globalen Atomwaffenverbotsvertrag (AVV). Dieser Vertrag wurde von 122 Staaten der Vereinten Nationen beschlossen und trat am 22. Januar 2021 in Kraft. Er wurde mittlerweile von 86 L\u00e4ndern unterzeichnet.<\/p>\n<p>Leider geh\u00f6rt Deutschland bisher nicht zu den Unterzeichnern, obwohl 127 deutsche St\u00e4dte die Bundesregierung zur Unterzeichnung aufgerufen haben, darunter auch die Stadt K\u00f6ln. Gerade Deutschland k\u00f6nnte einen wichtigen Impuls f\u00fcr atomare Abr\u00fcstung und Entspannungspolitik setzen.<\/p>\n<p>\u00dcber 90% der Bev\u00f6lkerung lehnt die Stationierung der US-Atombomben auf dem<br \/>\nBundeswehr-Flugplatz B\u00fcchel (Eifel), 90 Kilometer Luftlinie von K\u00f6ln entfernt, ab. Die \u201eNukleare Teilhabe\u201c Deutschlands ist auch offen umstritten.<\/p>\n<p>Wir fordern eine menschliche und menschenrechtsorientierte Au\u00dfenpolitik und nehmen nicht hin, dass eine Bundesregierung anderen V\u00f6lkern mit dem Atomtod droht und dies als Sicherheitspolitik bezeichnet. Es muss m\u00f6glich sein, die Sicherheit der Menschen ohne das Drohpotenzial eines Atomkrieges zu gew\u00e4hrleisten!<\/p>\n<p>Die L\u00f6sung der zivilisatorischen Zukunftsfragen, der Erhalt der nat\u00fcrlichen Lebensgrundlagen, die Sicherung von Ern\u00e4hrung und Gesundheit, die St\u00e4rkung von Demokratie und sozialer Gerechtigkeit erfordern Abr\u00fcstung und Sozialaufbau, globale Zusammenarbeit statt nationaler Machtpolitik. Die Sicherheit vor einem Atomkrieg und vor einer Klimakatastrophe ist ein globales \u00f6ffentliches Gut \u2013 sie betrifft alle Menschen und muss zugunsten aller Menschen bewahrt werden!<\/p>\n<h4>Die US-Atombomben m\u00fcssen aus B\u00fcchel abgezogen werden!<br \/>\nDeutschland muss dem Atomwaffenverbotsvertrag der Vereinten Nationen beitreten!<\/h4>\n","protected":false},"excerpt":{"rendered":"<p>Am 77. Jahrestag des Atombombenabwurfs auf Hiroshima rufen wir zu einer Kundgebung f\u00fcr die Menschlichkeit und die Abschaffung aller Atomwaffen auf! Am Samstag, den 6. August 2022, 18.00 Uhr, Treffpunkt und Auftakt: Hiroshima Nagasaki&#46;&#46;&#46;<\/p>\n","protected":false},"author":110,"featured_media":10329,"comment_status":"open","ping_status":"open","sticky":false,"template":"","format":"standard","meta":{"footnotes":""},"categories":[2,104],"tags":[33,112,34],"class_list":["post-17204","post","type-post","status-publish","format-standard","has-post-thumbnail","hentry","category-aktionen","category-ankuendigung","tag-atomwaffen","tag-atomwaffenverbotsvertrag","tag-hiroshima"],"_links":{"self":[{"href":"https:\/\/www.friedenkoeln.de\/index.php?rest_route=\/wp\/v2\/posts\/17204","targetHints":{"allow":["GET"]}}],"collection":[{"href":"https:\/\/www.friedenkoeln.de\/index.php?rest_route=\/wp\/v2\/posts"}],"about":[{"href":"https:\/\/www.friedenkoeln.de\/index.php?rest_route=\/wp\/v2\/types\/post"}],"author":[{"embeddable":true,"href":"https:\/\/www.friedenkoeln.de\/index.php?rest_route=\/wp\/v2\/users\/110"}],"replies":[{"embeddable":true,"href":"https:\/\/www.friedenkoeln.de\/index.php?rest_route=%2Fwp%2Fv2%2Fcomments&post=17204"}],"version-history":[{"count":8,"href":"https:\/\/www.friedenkoeln.de\/index.php?rest_route=\/wp\/v2\/posts\/17204\/revisions"}],"predecessor-version":[{"id":17212,"href":"https:\/\/www.friedenkoeln.de\/index.php?rest_route=\/wp\/v2\/posts\/17204\/revisions\/17212"}],"wp:featuredmedia":[{"embeddable":true,"href":"https:\/\/www.friedenkoeln.de\/index.php?rest_route=\/wp\/v2\/media\/10329"}],"wp:attachment":[{"href":"https:\/\/www.friedenkoeln.de\/index.php?rest_route=%2Fwp%2Fv2%2Fmedia&parent=17204"}],"wp:term":[{"taxonomy":"category","embeddable":true,"href":"https:\/\/www.friedenkoeln.de\/index.php?rest_route=%2Fwp%2Fv2%2Fcategories&post=17204"},{"taxonomy":"post_tag","embeddable":true,"href":"https:\/\/www.friedenkoeln.de\/index.php?rest_route=%2Fwp%2Fv2%2Ftags&post=17204"}],"curies":[{"name":"wp","href":"https:\/\/api.w.org\/{rel}","templated":true}]}}