{"id":17215,"date":"2022-08-20T14:06:49","date_gmt":"2022-08-20T12:06:49","guid":{"rendered":"https:\/\/www.friedenkoeln.de\/?p=17215"},"modified":"2022-08-20T14:15:58","modified_gmt":"2022-08-20T12:15:58","slug":"im-wunderbaren-lichtend-klaren","status":"publish","type":"post","link":"https:\/\/www.friedenkoeln.de\/?p=17215","title":{"rendered":"Im Wunderbaren, lichtend Klaren&#8230;"},"content":{"rendered":"<div><em>Ein Gedicht von Werner Otto von Boehlen-Schneider (copyright):<\/em><\/div>\n<div>\n<hr \/>\n<\/div>\n<div><\/div>\n<div>Im Wunderbaren, lichtend Klaren<\/div>\n<div><\/div>\n<div>Erhabenen und Ewigen<\/div>\n<div><\/div>\n<div>Entbergen sich ein Pfad zum Wahren<\/div>\n<div><\/div>\n<div>Des Sch\u00f6nen Tons bewegenden<\/div>\n<div><\/div>\n<div>Erahnens F\u00fclle, das erschaffen<\/div>\n<div><\/div>\n<div>Worin wir einig-sanft erbl\u00fchn<\/div>\n<div><\/div>\n<div>Zum Leben fern von Hass und Waffen<\/div>\n<div>\n<p>Des Idealen Kreise ziehn.<\/p>\n<div id=\"attachment_10873\" style=\"width: 3082px\" class=\"wp-caption aligncenter\"><img loading=\"lazy\" decoding=\"async\" aria-describedby=\"caption-attachment-10873\" class=\"size-full wp-image-10873\" src=\"https:\/\/www.friedenkoeln.de\/wp-content\/uploads\/2017\/05\/DSC_0288.jpg\" alt=\"Im Vordergrund sind wei\u00dfe Bl\u00fctendolden und Gr\u00e4ser im morgendlichen Sonnenlicht - im schattigen Hintergrund der hohe Sicherheitszaun und das Heck eines dahinter patrouillierenden Milit\u00e4rfahrzeugs.\" width=\"3072\" height=\"4608\" srcset=\"https:\/\/www.friedenkoeln.de\/wp-content\/uploads\/2017\/05\/DSC_0288.jpg 3072w, https:\/\/www.friedenkoeln.de\/wp-content\/uploads\/2017\/05\/DSC_0288-768x1152.jpg 768w, https:\/\/www.friedenkoeln.de\/wp-content\/uploads\/2017\/05\/DSC_0288-683x1024.jpg 683w\" sizes=\"auto, (max-width: 3072px) 100vw, 3072px\" \/><p id=\"caption-attachment-10873\" class=\"wp-caption-text\">Fr\u00fchlingsblumen in der Morgensonne vor dem Atombombenlager in B\u00fcchel \/ Eifel, Mai 2017. Foto: Stefanie Intveen.<\/p><\/div>\n<\/div>\n<div>\n<hr \/>\n<\/div>\n<div><em>Werner Otto von Boehlen-Schneider ist Philosoph und lebt in K\u00f6ln. Wir bedanken uns f\u00fcr das Recht der Ver\u00f6ffentlichung seines Gedichtes.\u00a0<\/em><\/div>\n","protected":false},"excerpt":{"rendered":"<p>Ein Gedicht von Werner Otto von Boehlen-Schneider (copyright): Im Wunderbaren, lichtend Klaren Erhabenen und Ewigen Entbergen sich ein Pfad zum Wahren Des Sch\u00f6nen Tons bewegenden Erahnens F\u00fclle, das erschaffen Worin wir einig-sanft erbl\u00fchn Zum&#46;&#46;&#46;<\/p>\n","protected":false},"author":110,"featured_media":10873,"comment_status":"open","ping_status":"open","sticky":false,"template":"","format":"standard","meta":{"footnotes":""},"categories":[226,225],"tags":[],"class_list":["post-17215","post","type-post","status-publish","format-standard","has-post-thumbnail","hentry","category-gedicht","category-kunst"],"_links":{"self":[{"href":"https:\/\/www.friedenkoeln.de\/index.php?rest_route=\/wp\/v2\/posts\/17215","targetHints":{"allow":["GET"]}}],"collection":[{"href":"https:\/\/www.friedenkoeln.de\/index.php?rest_route=\/wp\/v2\/posts"}],"about":[{"href":"https:\/\/www.friedenkoeln.de\/index.php?rest_route=\/wp\/v2\/types\/post"}],"author":[{"embeddable":true,"href":"https:\/\/www.friedenkoeln.de\/index.php?rest_route=\/wp\/v2\/users\/110"}],"replies":[{"embeddable":true,"href":"https:\/\/www.friedenkoeln.de\/index.php?rest_route=%2Fwp%2Fv2%2Fcomments&post=17215"}],"version-history":[{"count":5,"href":"https:\/\/www.friedenkoeln.de\/index.php?rest_route=\/wp\/v2\/posts\/17215\/revisions"}],"predecessor-version":[{"id":17220,"href":"https:\/\/www.friedenkoeln.de\/index.php?rest_route=\/wp\/v2\/posts\/17215\/revisions\/17220"}],"wp:featuredmedia":[{"embeddable":true,"href":"https:\/\/www.friedenkoeln.de\/index.php?rest_route=\/wp\/v2\/media\/10873"}],"wp:attachment":[{"href":"https:\/\/www.friedenkoeln.de\/index.php?rest_route=%2Fwp%2Fv2%2Fmedia&parent=17215"}],"wp:term":[{"taxonomy":"category","embeddable":true,"href":"https:\/\/www.friedenkoeln.de\/index.php?rest_route=%2Fwp%2Fv2%2Fcategories&post=17215"},{"taxonomy":"post_tag","embeddable":true,"href":"https:\/\/www.friedenkoeln.de\/index.php?rest_route=%2Fwp%2Fv2%2Ftags&post=17215"}],"curies":[{"name":"wp","href":"https:\/\/api.w.org\/{rel}","templated":true}]}}