{"id":17227,"date":"2022-09-24T07:00:48","date_gmt":"2022-09-24T05:00:48","guid":{"rendered":"https:\/\/www.friedenkoeln.de\/?p=17227"},"modified":"2022-09-23T16:07:11","modified_gmt":"2022-09-23T14:07:11","slug":"demo-in-kalkar-uedem-am-3-oktober-2022-fuer-entspannung-statt-krieg-und-konfrontation","status":"publish","type":"post","link":"https:\/\/www.friedenkoeln.de\/?p=17227","title":{"rendered":"Demo in Kalkar\/Uedem am 3. Oktober 2022 f\u00fcr Entspannung statt Krieg und Konfrontation!"},"content":{"rendered":"<p><em>M\u00f6chtest Du bequem mit dem Bus am\u00a03.10.2022, 8:45 Uhr, ab Hans-B\u00f6ckler-Platz, K\u00f6ln zur Demo in Kalkar\/Uedem mitfahren? Melde Dich jetzt bei Michael S\u00fcnner, Tel. 0174 9509932, an!<\/em><\/p>\n<hr \/>\n<h4>Auf nach Kalkar\/Uedem!<br \/>\nF\u00fcr Entspannung statt Krieg und Konfrontation!<\/h4>\n<p>Mit:<\/p>\n<ul>\n<li><strong>\u00d6zlem Demirel (MdEP Die LINKE)<\/strong><\/li>\n<li><strong>Bernhard Trautvetter (Friedensversammlung RheinRuhr)<\/strong><\/li>\n<li><strong>Peter B\u00fcrger (Theologe und Autor)<\/strong><\/li>\n<\/ul>\n<p>Unsere Demo reiht sich ein in den bundesweiten Aktionstag \u201eKeinen Euro f\u00fcr Krieg und Zerst\u00f6rung! Statt dessen Milliarden f\u00fcr eine soziale, gerechte und \u00f6kologische Friedenspolitik!\u201c rund um den 1. Oktober.<\/p>\n<p>Seit vielen Jahren protestiert die Friedensbewegung an Rhein und Ruhr am 3. Oktober, dem \u201eTag der Deutschen Einheit\u201c an einer der gro\u00dfen Drehscheiben der NATO, an der Luftleitzentrale der Bundesluftwaffe und NATO in Kalkar\/Uedem am Niederrhein.<\/p>\n<p>Die dortige Milit\u00e4ranlage ist zentrales Element der Aufkl\u00e4rung \u00fcber Luftbewegungen im Gebiet zwischen Atlantik und dem Ural. Noch im letzten Februar fand dort das NATO-Man\u00f6ver \u201eKalkar Sky 2022\u201c statt, das einer m\u00f6glichen NATO-Reaktion auf den jetzigen Ukraine-Krieg erschreckend \u00e4hnelt.<\/p>\n<div id=\"attachment_15437\" style=\"width: 1290px\" class=\"wp-caption aligncenter\"><img loading=\"lazy\" decoding=\"async\" aria-describedby=\"caption-attachment-15437\" class=\"size-full wp-image-15437\" src=\"https:\/\/www.friedenkoeln.de\/wp-content\/uploads\/2020\/09\/20161003-_D3X8499.jpeg\" alt=\"Ein Demozug mit Friedensfahnen und Transparenten.\" width=\"1280\" height=\"799\" srcset=\"https:\/\/www.friedenkoeln.de\/wp-content\/uploads\/2020\/09\/20161003-_D3X8499.jpeg 1280w, https:\/\/www.friedenkoeln.de\/wp-content\/uploads\/2020\/09\/20161003-_D3X8499-150x94.jpeg 150w, https:\/\/www.friedenkoeln.de\/wp-content\/uploads\/2020\/09\/20161003-_D3X8499-768x479.jpeg 768w, https:\/\/www.friedenkoeln.de\/wp-content\/uploads\/2020\/09\/20161003-_D3X8499-80x50.jpeg 80w\" sizes=\"auto, (max-width: 1280px) 100vw, 1280px\" \/><p id=\"caption-attachment-15437\" class=\"wp-caption-text\">Kundgebung f\u00fcr Frieden und Abr\u00fcstung zum Tag der Deutschen Einheit am 7.10.2016 in Kalkar. Foto: Herbert Sauerwein<\/p><\/div>\n<p>In diesen Wochen besch\u00e4ftigt viele besonders der Krieg in der Ukraine, den wir entschieden verurteilen und dessen sofortige Beendigung wir fordern.<\/p>\n<p>Wir demonstrieren auch gegen alle ma\u00dfgeblich von NATO und Verb\u00fcndeten gef\u00fchrten und unterst\u00fctzen Kriege wie z.B. im Jemen. Wir wenden uns gegen die doppelten Standards in der \u00f6ffentlichen Diskussion, mit denen diese verschiedenen Kriege bewertet werden.<\/p>\n<p>Mit dem Ukrainekrieg erreicht die Eskalation der Spannungen zwischen der NATO und Russland in den letzten Jahren ihren vorl\u00e4ufigen H\u00f6hepunkt. Die Luftwaffenkommandozentrale Kalkar\/Uedem ist Bestandteil dieser gef\u00e4hrlichen Politik der Konfrontation und Waffengewalt, die eine massive Gefahr f\u00fcr die Menschen in ganz Europa darstellt. Und noch immer steht die Drohung einer Eskalation im Raum: Die Ausweitung des Krieges auch auf Staaten der NATO, schlimmstenfalls unter Einsatz von Atomwaffen.<\/p>\n<p>Wir wenden uns gegen die Militarisierung der Weltpolitik, gegen die neue Hoch- und Atomr\u00fcstung sowie das Vorhaben, die deutschen R\u00fcstungsausgaben auf den dritten Platz in der Welt anzuheben.<\/p>\n<p>Am Tag der deutschen Einheit weisen wir darauf hin, dass der Einigungsvertrag von 1990 Deutschland und die vier Siegerm\u00e4chte des zweiten Weltkrieges zu einer Friedenspolitik und zu einer gesamteurop\u00e4ischen Friedensordnung verpflichtet, die die Sicherheitsinteressen &#8222;eines jeden&#8220; Landes, also auch die der Ukraine und Russlands respektiert.<\/p>\n<p>Heute tr\u00e4gt die deutsche Politik zur gewaltsamen Eskalation in der Ukraine bei. Schwere Waffen in das Land zu liefern, verl\u00e4ngert das Leiden der Bev\u00f6lkerung. Die durch den Krieg denkbare Zerst\u00f6rung einer der 15 Atomreaktoren in der Ukraine gef\u00e4hrdet zus\u00e4tzlich die Bev\u00f6lkerung vor Ort sowie in ganz Europa.<\/p>\n<h4><strong>Die Politik der Konfrontation kann sich die Menschheit nicht leisten<\/strong><\/h4>\n<div id=\"attachment_14440\" style=\"width: 426px\" class=\"wp-caption alignright\"><img loading=\"lazy\" decoding=\"async\" aria-describedby=\"caption-attachment-14440\" class=\" wp-image-14440\" src=\"https:\/\/www.friedenkoeln.de\/wp-content\/uploads\/2019\/12\/fullsizeoutput_15de.jpeg\" alt=\"Ein Schild und eine Fahne mit Aufschriften verdecken den Blick auf die B\u00fchne.\" width=\"416\" height=\"536\" srcset=\"https:\/\/www.friedenkoeln.de\/wp-content\/uploads\/2019\/12\/fullsizeoutput_15de.jpeg 1467w, https:\/\/www.friedenkoeln.de\/wp-content\/uploads\/2019\/12\/fullsizeoutput_15de-116x150.jpeg 116w, https:\/\/www.friedenkoeln.de\/wp-content\/uploads\/2019\/12\/fullsizeoutput_15de-768x990.jpeg 768w, https:\/\/www.friedenkoeln.de\/wp-content\/uploads\/2019\/12\/fullsizeoutput_15de-1192x1536.jpeg 1192w\" sizes=\"auto, (max-width: 416px) 100vw, 416px\" \/><p id=\"caption-attachment-14440\" class=\"wp-caption-text\">&#8222;Euch gehen die Ausreden aus, uns die Zeit&#8220; und &#8222;Pace&#8220; bei Demo #NeustartKlima auf dem Hohenzollernring, K\u00f6ln, am 29.11.2019. Foto: Stefanie Intveen<\/p><\/div>\n<p>Die Politik der Konfrontation kann sich die Menschheit nicht leisten. Das neue Wettr\u00fcsten untergr\u00e4bt zudem alle Bem\u00fchungen um eine Abwendung der Klimagefahren.<\/p>\n<p>Als Folge des Krieges werden CO<sub>2<\/sub>-intensive Kohlkraftwerke reaktiviert. Die Verl\u00e4ngerung der Atomkraft, der gef\u00e4hrlichsten Energiequelle, wird gefordert. Der Klimawandel kann nicht gestoppt werden, wenn wir uns in Europa in Kriege und Konflikte verstricken, statt gemeinsam f\u00fcr eine L\u00f6sung einzutreten. Es wird keine Friedensordnung und keinen Klimaschutz in Europa geben ohne das gr\u00f6\u00dfte Land Europas, Russland!<\/p>\n<h4><strong>Das Aufr\u00fcstungspaket ist gegen die Interessen der Bev\u00f6lkerung gerichtet<\/strong><\/h4>\n<p>Das 100-Mrd-Aufr\u00fcstungsprogramm f\u00fcr die Bundeswehr wird als Solidarit\u00e4t mit der Ukraine verkauft, obwohl es zum Beispiel allein 10 Milliarden \u20ac f\u00fcr die Tarnkappenbomber enth\u00e4lt, die die Beteiligung der Bundesluftwaffe an einem Atomkrieg erm\u00f6glichen sollen.<\/p>\n<p>Mit jeweils 20 Milliarden aus dem 100-Mrd-Aufr\u00fcstungsprogramm in die \u00f6ffentliche Energie- und Verkehrsinfrastruktur, in die Sanierung von Schulen und Hochschulen, in den personellen Ausbau des Gesundheitswesens, in sanktionsfreie soziale Mindestsicherungen und in die F\u00f6rderung von Museen, Theatern, Kinos und B\u00fccherhallen w\u00fcrde ein notwendiger Schritt zur L\u00f6sung der vordringlichsten Probleme in unserem Land getan.<\/p>\n<p>Wir fordern von der Bundesregierung:<\/p>\n<ul>\n<li>Das Eintreten f\u00fcr ein sofortiges Ende des Krieges in der Ukraine<\/li>\n<li>Einen konsequenten Einsatz f\u00fcr Diplomatie,\u00a0Unterst\u00fctzung der Bem\u00fchungen des UNO-Generalsekret\u00e4rs f\u00fcr Verhandlungen statt Eskalation<\/li>\n<li>Abr\u00fcstung statt Aufr\u00fcstung! Stopp der Hochr\u00fcstung und des Kriegswaffenexports!<\/li>\n<li>Beitritt Deutschlands zum UN-Atomwaffenverbotsvertrag, keine Atombomber f\u00fcr die Bundeswehr, keine nukleare Teilhabe Deutschlands!<\/li>\n<li>Ma\u00dfnahmen f\u00fcr eine neue Entspannungspolitik mit dem Ziel einer gesamteurop\u00e4ischen Sicherheits\u00adordnung, die die Interessen aller Staaten des Kontinents ber\u00fccksichtigt, aufbauend auf der OSZE!<\/li>\n<li>Umwandlung des Zentrum Luftoperationen in Kalkar\/Uedem und anderer NATO-Einrichtungen in Nordrhein-Westfalen zu Institutionen des Friedens!<\/li>\n<li>Aufbau einer Friedens-Akademie in Kalkar\/Uedem, die konkret zivile Konfliktl\u00f6sungsstrategien und die Friedenssicherung ohne Milit\u00e4r weiterentwickeln und dem Frieden in Europa dienen soll!<\/li>\n<li>St\u00e4rkung der zivilen Wirtschafts- und Infrastruktur im Raum Kalkar (z.B. im Gesundheitssektor) statt des weiteren Ausbaus der Milit\u00e4ranlagen!<\/li>\n<\/ul>\n<p><a href=\"https:\/\/www.friedenkoeln.de\/wp-content\/uploads\/2022\/09\/Flyer-Kalkar-Uedem-22.pdf\">Flyer zum Download<\/a><\/p>\n","protected":false},"excerpt":{"rendered":"<p>M\u00f6chtest Du bequem mit dem Bus am\u00a03.10.2022, 8:45 Uhr, ab Hans-B\u00f6ckler-Platz, K\u00f6ln zur Demo in Kalkar\/Uedem mitfahren? Melde Dich jetzt bei Michael S\u00fcnner, Tel. 0174 9509932, an! Auf nach Kalkar\/Uedem! F\u00fcr Entspannung statt Krieg&#46;&#46;&#46;<\/p>\n","protected":false},"author":110,"featured_media":15437,"comment_status":"open","ping_status":"open","sticky":false,"template":"","format":"standard","meta":{"footnotes":""},"categories":[104],"tags":[153,98,94,219],"class_list":["post-17227","post","type-post","status-publish","format-standard","has-post-thumbnail","hentry","category-ankuendigung","tag-aufruestung","tag-entspannungspolitik","tag-nato","tag-russland"],"_links":{"self":[{"href":"https:\/\/www.friedenkoeln.de\/index.php?rest_route=\/wp\/v2\/posts\/17227","targetHints":{"allow":["GET"]}}],"collection":[{"href":"https:\/\/www.friedenkoeln.de\/index.php?rest_route=\/wp\/v2\/posts"}],"about":[{"href":"https:\/\/www.friedenkoeln.de\/index.php?rest_route=\/wp\/v2\/types\/post"}],"author":[{"embeddable":true,"href":"https:\/\/www.friedenkoeln.de\/index.php?rest_route=\/wp\/v2\/users\/110"}],"replies":[{"embeddable":true,"href":"https:\/\/www.friedenkoeln.de\/index.php?rest_route=%2Fwp%2Fv2%2Fcomments&post=17227"}],"version-history":[{"count":8,"href":"https:\/\/www.friedenkoeln.de\/index.php?rest_route=\/wp\/v2\/posts\/17227\/revisions"}],"predecessor-version":[{"id":17274,"href":"https:\/\/www.friedenkoeln.de\/index.php?rest_route=\/wp\/v2\/posts\/17227\/revisions\/17274"}],"wp:featuredmedia":[{"embeddable":true,"href":"https:\/\/www.friedenkoeln.de\/index.php?rest_route=\/wp\/v2\/media\/15437"}],"wp:attachment":[{"href":"https:\/\/www.friedenkoeln.de\/index.php?rest_route=%2Fwp%2Fv2%2Fmedia&parent=17227"}],"wp:term":[{"taxonomy":"category","embeddable":true,"href":"https:\/\/www.friedenkoeln.de\/index.php?rest_route=%2Fwp%2Fv2%2Fcategories&post=17227"},{"taxonomy":"post_tag","embeddable":true,"href":"https:\/\/www.friedenkoeln.de\/index.php?rest_route=%2Fwp%2Fv2%2Ftags&post=17227"}],"curies":[{"name":"wp","href":"https:\/\/api.w.org\/{rel}","templated":true}]}}