{"id":17275,"date":"2022-09-23T16:43:55","date_gmt":"2022-09-23T14:43:55","guid":{"rendered":"https:\/\/www.friedenkoeln.de\/?p=17275"},"modified":"2022-09-23T16:43:55","modified_gmt":"2022-09-23T14:43:55","slug":"schluss-mit-dem-krieg-kundgebung-und-demo-am-1-oktober-2022-in-koeln","status":"publish","type":"post","link":"https:\/\/www.friedenkoeln.de\/?p=17275","title":{"rendered":"Schluss mit dem Krieg \u2013 Kundgebung und Demo am 1. Oktober 2022 in K\u00f6ln"},"content":{"rendered":"<h4>Schluss mit dem Krieg \u2013 Kundgebung und Demo am 1. Oktober im Rahmen des bundesweiten Aktionstages der Friedensbewegung<\/h4>\n<p><a href=\"https:\/\/www.friedenkoeln.de\/wp-content\/uploads\/2022\/09\/Aufruf-Flyer-1.10.2022.pdf\">Flyer zur Demo<\/a> | <a href=\"https:\/\/www.friedenkoeln.de\/wp-content\/uploads\/2022\/09\/facebook_cover_72dpi_s4a.jpg\" data-rel=\"lightbox-image-0\" data-rl_title=\"\" data-rl_caption=\"\" title=\"\">Facebook-Header zur Demo<\/a><\/p>\n<p><strong>Kundgebung und Demo: Sa., 1. Oktober 2022, 12 Uhr, Heumarkt, K\u00f6ln<\/strong><\/p>\n<p>Mit (Stand 23.September):<\/p>\n<ul>\n<li><strong>Joachim Schramm<\/strong>, DFG-VK NRW<\/li>\n<li><strong>Ulrich Frey<\/strong>, langj\u00e4hriger Gesch\u00e4ftsf\u00fchrer der Aktionsgemeinschaft Dienst f\u00fcr den Frieden (AGDF), Mitorganisator der Friedensdemonstration 1981 im Bonner Hofgarten, aktiv in der Friedensarbeit u.a. der Evangelischen Kirche im Rheinland.<\/li>\n<li><strong>Rene R\u00f6spel<\/strong>, ehm. MdB der SPD, Mitunterzeichner des Aufrufs \u201eDie Waffen m\u00fcssen schweigen\u201c<\/li>\n<li>B\u00fcndnis \u201eJugend gegen Krieg\u201c, NN<\/li>\n<\/ul>\n<h4>Schluss mit dem Krieg!<\/h4>\n<h4>Sofortiger Waffenstillstand \u2013 Verhandeln statt Schie\u00dfen!<\/h4>\n<h4>Keinen Euro f\u00fcr Krieg und Zerst\u00f6rung, sondern Milliarden f\u00fcr eine weltweite soziale, gerechte und \u00f6kologische Friedenspolitik!<\/h4>\n<p>F\u00fcr das Erreichen dieser Ziele verlangen wir Abr\u00fcstung statt Aufr\u00fcstung und die Abkehr von jeglicher kriegerischer Eskalation!<\/p>\n<p>Die bundesweiten Netzwerke \u201eBundesausschuss Friedens\u00adratschlag\u201c und \u201eKoopera\u00adtion f\u00fcr den Frie\u00adden\u201c rufen gemeinsam die Bev\u00f6lkerung auf, sich am bundesweiten dezentralen Aktionstag zu be\u00adtei\u00adli\u00adgen und entschieden den Politikwechsel hin zu Frie\u00adden und Abr\u00fcstung zu fordern. Wir fordern<\/p>\n<ul>\n<li>Waffenstillstand und Verhandlungen \u2013 Waffen\u00adliefe\u00adrun\u00adgen eskalieren und verl\u00e4ngern den Krieg \u2013 nur Dip\u00adlo\u00admatie, Dialog und Kooperation k\u00f6nnen den Krieg in der Ukraine und die Kriege \u00fcberall auf der Welt beenden und weitere verhindern<\/li>\n<li>Gegenseitige Sicherheitsgarantien zwischen Russland und der NATO unter Ber\u00fccksichtigung der Sicherheitsinteressen der Ukraine<\/li>\n<li>Keine 2% des Bruttoinlandsprodukts f\u00fcr den j\u00e4hrlichen R\u00fcstungshaushalt sowie Umwidmung des 100 Milliarden Aufr\u00fcstungspakets in ein Investitions\u00adprogramm f\u00fcr Soziales, Umwelt, Gesundheit und Bildung<\/li>\n<li>Abzug der US-Atomwaffen aus Deutschland und die Unterzeichnung des Atomwaffenverbotsvertrags durch die Bundesregierung<\/li>\n<li>Internationale Kooperation in Europa und weltweit als Grundlage f\u00fcr eine Politik der gemeinsamen Sicherheit und zur notwendigen Bek\u00e4mpfung der Klimakatastrophe und der Armut<\/li>\n<li>Stopp der katastrophalen Wirtschafts- und Finanzblockaden, unter denen die Menschen weltweit leiden<\/li>\n<\/ul>\n<p><img loading=\"lazy\" decoding=\"async\" class=\"size-full wp-image-17278 aligncenter\" src=\"https:\/\/www.friedenkoeln.de\/wp-content\/uploads\/2022\/09\/facebook_cover_72dpi_s4a.jpg\" alt=\"Facebook-Header f\u00fcr Friedensdemo am 1.10.2022 in K\u00f6ln\" width=\"851\" height=\"315\" srcset=\"https:\/\/www.friedenkoeln.de\/wp-content\/uploads\/2022\/09\/facebook_cover_72dpi_s4a.jpg 851w, https:\/\/www.friedenkoeln.de\/wp-content\/uploads\/2022\/09\/facebook_cover_72dpi_s4a-200x74.jpg 200w, https:\/\/www.friedenkoeln.de\/wp-content\/uploads\/2022\/09\/facebook_cover_72dpi_s4a-768x284.jpg 768w\" sizes=\"auto, (max-width: 851px) 100vw, 851px\" \/><\/p>\n<p>Es rufen auf:<\/p>\n<ul>\n<li>K\u00f6lner Friedensforum<\/li>\n<li>Friedensforum Bonn<\/li>\n<li>Friedensb\u00fcndnis M\u00f6nchengladbach<\/li>\n<li>FriedensGruppe D\u00fcren<\/li>\n<li>Deutsche Friedensgesellschaft \u2013 Vereinigte KriegsdienstgegnerInnen Gruppe K\u00f6ln<\/li>\n<li>Internationaler Vers\u00f6hnungsbund \u2013 Regionalgruppe K\u00f6ln<\/li>\n<li>Vereinigung der Verfolgten des Nazi-Regimes-Bund der Antifaschistinnen und Antifaschisten K\u00f6ln<\/li>\n<li>S\u00fclz\/Klettenberg gegen Rechts<\/li>\n<li>F\u00f6deration Demokratischer Arbeitervereine K\u00f6ln<\/li>\n<li>Mala Kurda K\u00f6ln-Deutschland<\/li>\n<li>Freundschaftsgesellschaft BRD-Kuba<\/li>\n<li>ethecon \u2013 Stiftung Ethik &amp; \u00d6konomie<\/li>\n<li>Kreisverband der Linke K\u00f6ln<\/li>\n<li>DKP Bezirk Rheinland-Westfalen<\/li>\n<li>SDAJ Rheinland-Westfalen<\/li>\n<li>Industriegewerkschaft Bauen-Agrar-Umwelt K\u00f6ln<\/li>\n<\/ul>\n<p>Weitere Unterst\u00fctzerInnen und RednerInnen werden auf der <a href=\"https:\/\/koelner-friedensforum.org\/schluss-mit-dem-krieg-kundgebung-und-demo-am-1-oktober-im-rahmen-des-bundesweiten-aktionstages-der-friedensbewegung\/\">Website des K\u00f6lner Friedensforums<\/a> zeitnah bekannt gegeben und aktualisiert.<\/p>\n<div id=\"attachment_15425\" style=\"width: 2058px\" class=\"wp-caption aligncenter\"><img loading=\"lazy\" decoding=\"async\" aria-describedby=\"caption-attachment-15425\" class=\"size-full wp-image-15425\" src=\"https:\/\/www.friedenkoeln.de\/wp-content\/uploads\/2020\/09\/Klaus-Mueller_Flagge-MfP-Rathausturm-Koeln_20160708_P2060810_2.jpg\" alt=\"\" width=\"2048\" height=\"1608\" srcset=\"https:\/\/www.friedenkoeln.de\/wp-content\/uploads\/2020\/09\/Klaus-Mueller_Flagge-MfP-Rathausturm-Koeln_20160708_P2060810_2.jpg 2048w, https:\/\/www.friedenkoeln.de\/wp-content\/uploads\/2020\/09\/Klaus-Mueller_Flagge-MfP-Rathausturm-Koeln_20160708_P2060810_2-150x118.jpg 150w, https:\/\/www.friedenkoeln.de\/wp-content\/uploads\/2020\/09\/Klaus-Mueller_Flagge-MfP-Rathausturm-Koeln_20160708_P2060810_2-768x603.jpg 768w, https:\/\/www.friedenkoeln.de\/wp-content\/uploads\/2020\/09\/Klaus-Mueller_Flagge-MfP-Rathausturm-Koeln_20160708_P2060810_2-1536x1206.jpg 1536w, https:\/\/www.friedenkoeln.de\/wp-content\/uploads\/2020\/09\/Klaus-Mueller_Flagge-MfP-Rathausturm-Koeln_20160708_P2060810_2-100x80.jpg 100w\" sizes=\"auto, (max-width: 2048px) 100vw, 2048px\" \/><p id=\"caption-attachment-15425\" class=\"wp-caption-text\">Flagge der Mayors for Peace vor dem Rathausturm K\u00f6ln. 8.7.2017. Foto: Klaus Reinhard M\u00fcller (CC BY-SA 4.0)<\/p><\/div>\n","protected":false},"excerpt":{"rendered":"<p>Schluss mit dem Krieg \u2013 Kundgebung und Demo am 1. Oktober im Rahmen des bundesweiten Aktionstages der Friedensbewegung Flyer zur Demo | Facebook-Header zur Demo Kundgebung und Demo: Sa., 1. Oktober 2022, 12 Uhr,&#46;&#46;&#46;<\/p>\n","protected":false},"author":110,"featured_media":17278,"comment_status":"open","ping_status":"open","sticky":false,"template":"","format":"standard","meta":{"footnotes":""},"categories":[116],"tags":[42,33,133,98,36],"class_list":["post-17275","post","type-post","status-publish","format-standard","has-post-thumbnail","hentry","category-aufruf","tag-abruestung","tag-atomwaffen","tag-diplomatie","tag-entspannungspolitik","tag-oekologie-und-frieden"],"_links":{"self":[{"href":"https:\/\/www.friedenkoeln.de\/index.php?rest_route=\/wp\/v2\/posts\/17275","targetHints":{"allow":["GET"]}}],"collection":[{"href":"https:\/\/www.friedenkoeln.de\/index.php?rest_route=\/wp\/v2\/posts"}],"about":[{"href":"https:\/\/www.friedenkoeln.de\/index.php?rest_route=\/wp\/v2\/types\/post"}],"author":[{"embeddable":true,"href":"https:\/\/www.friedenkoeln.de\/index.php?rest_route=\/wp\/v2\/users\/110"}],"replies":[{"embeddable":true,"href":"https:\/\/www.friedenkoeln.de\/index.php?rest_route=%2Fwp%2Fv2%2Fcomments&post=17275"}],"version-history":[{"count":5,"href":"https:\/\/www.friedenkoeln.de\/index.php?rest_route=\/wp\/v2\/posts\/17275\/revisions"}],"predecessor-version":[{"id":17282,"href":"https:\/\/www.friedenkoeln.de\/index.php?rest_route=\/wp\/v2\/posts\/17275\/revisions\/17282"}],"wp:featuredmedia":[{"embeddable":true,"href":"https:\/\/www.friedenkoeln.de\/index.php?rest_route=\/wp\/v2\/media\/17278"}],"wp:attachment":[{"href":"https:\/\/www.friedenkoeln.de\/index.php?rest_route=%2Fwp%2Fv2%2Fmedia&parent=17275"}],"wp:term":[{"taxonomy":"category","embeddable":true,"href":"https:\/\/www.friedenkoeln.de\/index.php?rest_route=%2Fwp%2Fv2%2Fcategories&post=17275"},{"taxonomy":"post_tag","embeddable":true,"href":"https:\/\/www.friedenkoeln.de\/index.php?rest_route=%2Fwp%2Fv2%2Ftags&post=17275"}],"curies":[{"name":"wp","href":"https:\/\/api.w.org\/{rel}","templated":true}]}}