{"id":17286,"date":"2022-10-12T18:42:26","date_gmt":"2022-10-12T16:42:26","guid":{"rendered":"https:\/\/www.friedenkoeln.de\/?p=17286"},"modified":"2022-10-12T18:42:26","modified_gmt":"2022-10-12T16:42:26","slug":"demonstration-am-22-oktober-2022-in-noervenich-atomkriegsmanoever-steadfast-noon-absagen","status":"publish","type":"post","link":"https:\/\/www.friedenkoeln.de\/?p=17286","title":{"rendered":"Demonstration am 22. Oktober 2022 in N\u00f6rvenich: Atomkriegsman\u00f6ver Steadfast Noon absagen!"},"content":{"rendered":"<p><em>Wir laden herzlich zur Demo\u00a0am 22. Oktober 2022, 12 Uhr, in N\u00f6rvenich ein.\u00a0<\/em><em>Die Anreise nach N\u00f6rvenich erfolgt von K\u00f6ln aus mit dem RE 9 ab K\u00f6ln Hbf Gleis 8 um 10:47 Uhr.\u00a0Ankunft in D\u00fcren um 11:13 Uhr.<\/em><\/p>\n<p><em>Um 11:30 Uhr gibt es einen Bus-Shuttle ab Busbahnhof D\u00fcren (Parkplatz Nordausgang Hauptbahnhof) nach N\u00f6rvenich zum Schlossplatz, wo die Hauptkundgebung um 12 Uhr beginnt.\u00a0<\/em><em>Nach der Demo und Abschlussaktion gibt es ebenso einen Bus-Shuttle vom Milit\u00e4rflugplatz zur\u00fcck zum Bahnhof D\u00fcren.<\/em><\/p>\n<hr \/>\n<p>Seitdem Russland im Kontext des Ukraine-Krieges mit dem Einsatz von Atomwaffen gedroht hat, nimmt die Atomkriegsgefahr weiter zu. Ein Man\u00f6ver in diesen kritischen Zeiten kann die Eskalationsspirale anheizen oder infolge von Missverst\u00e4ndnissen zu einem Atomkrieg \u201eaus Versehen\u201c f\u00fchren. Jeder Einsatz von Atomwaffen h\u00e4tte verheerende Auswirkungen und kann nie gerechtfertigt werden! Wir setzen uns ein f\u00fcr ein Ende des Ukraine-Krieges und protestieren gegen Man\u00f6ver, die die Gefahr der Eskalation dieses Krieges in sich tragen.<\/p>\n<p>Es ist also ganz besonders dringlich, in dieser Zeit den Kriegsstrategen, die Atomkriegs-Ambitionen hegen, auf allen Seiten entgegenzutreten! Wir d\u00fcrfen nicht schlafen, wenn die Menschheit am Rande einer Atomkriegskatastrophe steht. Im Ukraine-Krieg ist ein\u00a0Einlenken beider Seiten in Richtung Waffenstillstand und Verhandlungsl\u00f6sung dringlicher denn je!<\/p>\n<h4>Mit unserer Demonstration vertreten wir folgende Forderungen:<\/h4>\n<ul>\n<li><strong>Absage der Beteiligung der Bundeswehr am Atomkriegsman\u00f6ver \u201eSteadfast Noon\u201c<\/strong><\/li>\n<li><strong>Beendigung der nuklearen Teilhabe und Beitritt zum Atomwaffenverbotsvertrag<\/strong><\/li>\n<li><strong>Ein Ende der nuklearen Drohungen und ernsthafte Abr\u00fcstungsinitiativen der Atomwaffenstaaten<\/strong><\/li>\n<\/ul>\n<h4>Reden und Musik:<\/h4>\n<p>Bei der Hauptkundgebung werden sprechen:<\/p>\n<ul>\n<li><strong>Heiner Kr\u00fcger<\/strong> (FriedensGruppe D\u00fcren)<\/li>\n<li><strong>Joachim Schramm<\/strong> (DFG-VK NRW)<\/li>\n<li><strong>Bernd Hahnfeld<\/strong> (IALANA)<\/li>\n<li><strong>Marion K\u00fcpker<\/strong> (B\u00fcchel ist \u00fcberall! atomwaffenfrei.jetzt)<\/li>\n<li>Gru\u00dfworte der <strong>B\u00fcrgerinitiative &#8222;Buirer f\u00fcr Buir&#8220;<\/strong><\/li>\n<\/ul>\n<p>Moderation: <strong>Stefanie Intveen<\/strong> (DFG-VK Gruppe K\u00f6ln)<\/p>\n<p>Musik: <strong>Salossi<\/strong><\/p>\n<p><a href=\"https:\/\/www.friedenkoeln.de\/wp-content\/uploads\/2022\/10\/flyer_atomkriegsmanoever_absagen_lq.pdf\">Flyer mit ausf\u00fchrlichen Hintergr\u00fcnden und weiteren Infos zum Ablauf<\/a>.<em><img loading=\"lazy\" decoding=\"async\" class=\"alignnone size-full wp-image-17294\" src=\"https:\/\/www.friedenkoeln.de\/wp-content\/uploads\/2022\/10\/flyer_atomkriegsmanoever_absagen_lq.jpg\" alt=\"Flyer zur Demo am 22.10.2022 in N\u00f6rvenich &quot;Atomkriegsman\u00f6ver Steadfast noon 2022 absagen!&quot;\" width=\"595\" height=\"841\" srcset=\"https:\/\/www.friedenkoeln.de\/wp-content\/uploads\/2022\/10\/flyer_atomkriegsmanoever_absagen_lq.jpg 595w, https:\/\/www.friedenkoeln.de\/wp-content\/uploads\/2022\/10\/flyer_atomkriegsmanoever_absagen_lq-141x200.jpg 141w\" sizes=\"auto, (max-width: 595px) 100vw, 595px\" \/><\/em><\/p>\n<h4>Ablauf:<\/h4>\n<p>Los geht es mit der Hauptkundgebung um 12 Uhr auf dem Schlossplatz in N\u00f6rvenich.<br \/>\nAb 13 Uhr wird sich die Demo in Richtung des Kriegsflugplatzes in Bewegung setzen.<br \/>\nGegen 14 Uhr wird es dort eine Abschlussaktion und Verpflegung vor dem Tor des Flugplatzes geben.<\/p>\n<h4>Spenden:<\/h4>\n<p>Der Protest gegen die Atomkriegs\u00fcbung &#8222;Steadfast Noon&#8220; ist auf Deine Hilfe in Form einer Spende angewiesen. Bitte unterst\u00fctze das B\u00fcndnis mit einer Spende auf das Konto:<\/p>\n<p>F\u00f6rderverein Frieden e.V.<br \/>\nIBAN: DE78 4306 0967 4041 8604 04<br \/>\nStichwort: \u201eN\u00f6rvenich\u201c<\/p>\n<p>F\u00fcr den Fall, dass Du bereits gespendet hast, m\u00f6chten wir Dir ganz herzlich danken! Ohne Dich w\u00e4re die Demo nicht m\u00f6glich!<\/p>\n","protected":false},"excerpt":{"rendered":"<p>Wir laden herzlich zur Demo\u00a0am 22. Oktober 2022, 12 Uhr, in N\u00f6rvenich ein.\u00a0Die Anreise nach N\u00f6rvenich erfolgt von K\u00f6ln aus mit dem RE 9 ab K\u00f6ln Hbf Gleis 8 um 10:47 Uhr.\u00a0Ankunft in D\u00fcren&#46;&#46;&#46;<\/p>\n","protected":false},"author":110,"featured_media":17294,"comment_status":"open","ping_status":"open","sticky":false,"template":"","format":"standard","meta":{"footnotes":""},"categories":[104,116],"tags":[33,48,94],"class_list":["post-17286","post","type-post","status-publish","format-standard","has-post-thumbnail","hentry","category-ankuendigung","category-aufruf","tag-atomwaffen","tag-bundeswehr","tag-nato"],"_links":{"self":[{"href":"https:\/\/www.friedenkoeln.de\/index.php?rest_route=\/wp\/v2\/posts\/17286","targetHints":{"allow":["GET"]}}],"collection":[{"href":"https:\/\/www.friedenkoeln.de\/index.php?rest_route=\/wp\/v2\/posts"}],"about":[{"href":"https:\/\/www.friedenkoeln.de\/index.php?rest_route=\/wp\/v2\/types\/post"}],"author":[{"embeddable":true,"href":"https:\/\/www.friedenkoeln.de\/index.php?rest_route=\/wp\/v2\/users\/110"}],"replies":[{"embeddable":true,"href":"https:\/\/www.friedenkoeln.de\/index.php?rest_route=%2Fwp%2Fv2%2Fcomments&post=17286"}],"version-history":[{"count":8,"href":"https:\/\/www.friedenkoeln.de\/index.php?rest_route=\/wp\/v2\/posts\/17286\/revisions"}],"predecessor-version":[{"id":17298,"href":"https:\/\/www.friedenkoeln.de\/index.php?rest_route=\/wp\/v2\/posts\/17286\/revisions\/17298"}],"wp:featuredmedia":[{"embeddable":true,"href":"https:\/\/www.friedenkoeln.de\/index.php?rest_route=\/wp\/v2\/media\/17294"}],"wp:attachment":[{"href":"https:\/\/www.friedenkoeln.de\/index.php?rest_route=%2Fwp%2Fv2%2Fmedia&parent=17286"}],"wp:term":[{"taxonomy":"category","embeddable":true,"href":"https:\/\/www.friedenkoeln.de\/index.php?rest_route=%2Fwp%2Fv2%2Fcategories&post=17286"},{"taxonomy":"post_tag","embeddable":true,"href":"https:\/\/www.friedenkoeln.de\/index.php?rest_route=%2Fwp%2Fv2%2Ftags&post=17286"}],"curies":[{"name":"wp","href":"https:\/\/api.w.org\/{rel}","templated":true}]}}