{"id":17309,"date":"2022-12-27T12:20:34","date_gmt":"2022-12-27T11:20:34","guid":{"rendered":"https:\/\/www.friedenkoeln.de\/?p=17309"},"modified":"2022-12-27T12:20:34","modified_gmt":"2022-12-27T11:20:34","slug":"dfg-vk-fordert-scharfes-ruestungsexport-kontrollgesetz-statt-eines-ruestungsexport-foerderungsgesetzes","status":"publish","type":"post","link":"https:\/\/www.friedenkoeln.de\/?p=17309","title":{"rendered":"DFG-VK fordert scharfes R\u00fcstungsexport-Kontrollgesetz statt eines R\u00fcstungsexport-F\u00f6rderungsgesetzes!"},"content":{"rendered":"<p>Pressemitteilung der DFG-VK, Deutsche Friedensgesellschaft \u2013 Vereinigte KriegsdienstgegnerInnen<\/p>\n<hr \/>\n<h4>DFG-VK fordert scharfes R\u00fcstungsexport-Kontrollgesetz statt eines R\u00fcstungsexport-F\u00f6rderungsgesetzes!<br \/>\nVerbandsklagerecht zur m\u00f6glichen gerichtlichen Kontrolle dringend vonn\u00f6ten!<\/h4>\n<p>Direkt vor Weihnachten wurden die aktuellen R\u00fcstungsexportzahlen und Empf\u00e4ngerl\u00e4nder deutscher Kriegswaffen und R\u00fcstungsg\u00fcter f\u00fcr 2022 bekannt gegeben. Laut Auskunft des Staatssekret\u00e4rs Sven Giegold im Bundesministerium f\u00fcr Wirtschaft und Klimaschutz (BMWK) betr\u00e4gt der Anteil der Einzelausfuhrgenehmigungen 2022 unglaublich hohe 8,35 Milliarden Euro.<br \/>\nDies ist der zweith\u00f6chste Wert seit Publikation von R\u00fcstungsexportberichten. Schlimmer noch: Mehr als ein Drittel der Kriegswaffen und R\u00fcstungsg\u00fcter wurde seitens der Bundesregierung f\u00fcr sogenannte \u201eDrittl\u00e4nder\u201c genehmigt: neben der Ukraine u.a. auch in die Krisenregion S\u00fcdkorea und an Singapur, trotz der dortigen schweren Menschenrechtsverletzungen.<\/p>\n<blockquote><p>Diese Entwicklung ist kein Zufall, sondern eine Vorwegnahme der Sto\u00dfrichtung des sich in Arbeit befindlichen neuen \u201aR\u00fcstungsexportkontrollgesetzes\u2018,<\/p><\/blockquote>\n<p>kritisiert J\u00fcrgen Gr\u00e4sslin, Bundessprecher der DFG-VK.<\/p>\n<blockquote><p>Hemmungslos hat die Bundesregierung 2022 R\u00fcstungsexporte f\u00fcr die im Jemen kriegf\u00fchrenden L\u00e4nder Saudi-Arabien, Vereinigte Arabische Emirate und \u00c4gypten genehmigt.<\/p><\/blockquote>\n<p>Saudi-Arabien erh\u00e4lt seither wieder Zulieferungen f\u00fcr Ausr\u00fcstung und Bewaffnung sowie Munition f\u00fcr seine Eurofighter und Tornado. Ungeachtet dessen, dass mit genau diesen Kampfflugzeugen in den vergangenen Jahren zivile Ziele im Jemen aus der Luft bombardiert und immens viele Zivilisten ermordet wurden.<\/p>\n<blockquote><p>Das Morden auch mit deutschen Waffen und Munition kann ungehemmt fortgesetzt werden!,<\/p><\/blockquote>\n<p>so Gr\u00e4sslin, der 2022 an allen drei Fachgespr\u00e4chen auf Einladung des BMWK zum neuen \u201aR\u00fcstungsexportkontrollgesetz\u2018 teilgenommen hat.<\/p>\n<blockquote><p>Angesichts dieser Exportpraxis wird auch offenbar, weshalb die Ampelkoalition eine demokratische gerichtliche \u00dcberpr\u00fcfung der Exportgenehmigungen scheut wie der Teufel das Weihwasser. Was im Umwelt- und Behindertenrecht l\u00e4ngst Standard ist, wird durch das BMWK und die Bundesregierung bei Kriegswaffenexporten aktiv verhindert: die Schaffung eines Verbandsklagerechts, das eine demokratisch notwendige gerichtliche Kontrolle erfolgter Genehmigungen erm\u00f6glichen w\u00fcrde.<\/p><\/blockquote>\n<p>Die R\u00fcstungsexportpraxis 2022 \u2013 dem Jahr 1 der Ampelkoalition \u2013 beweist laut Gr\u00e4sslin:<\/p>\n<blockquote><p>In keinem anderen Politikbereich wird seitens der Bundesregierung von SPD, GR\u00dcNEN und FDP mehr geheuchelt und geblendet als bei Waffenexporten. W\u00e4hrend sie von mehr Restriktionen, Menschenrechten und Kontrolle spricht, genehmigt sie zugleich Kriegswaffentransfers an menschenrechtsverletzende und kriegf\u00fchrende Regierungen. Die L\u00f6sung liegt laut DFG-VK in einem scharfen R\u00fcstungsexport-Kontrollgesetz, statt dem sich abzeichnenden R\u00fcstungsexport-F\u00f6rderungsgesetz, wie es das BMWK vorgelegt hat und 2023 seitens der Ampelkoalition verabschieden will!<\/p><\/blockquote>\n<div id=\"attachment_17311\" style=\"width: 1000px\" class=\"wp-caption aligncenter\"><img loading=\"lazy\" decoding=\"async\" aria-describedby=\"caption-attachment-17311\" class=\"size-full wp-image-17311\" src=\"https:\/\/www.friedenkoeln.de\/wp-content\/uploads\/2022\/12\/Klaus-Stuttmann_naturkonferenz_kol_20221208.jpg\" alt=\"Sechs Skizzen von mit Tiernamen bezeichneten Milit\u00e4rpanzerfahrzeugen der Bundeswehr.\" width=\"990\" height=\"691\" srcset=\"https:\/\/www.friedenkoeln.de\/wp-content\/uploads\/2022\/12\/Klaus-Stuttmann_naturkonferenz_kol_20221208.jpg 990w, https:\/\/www.friedenkoeln.de\/wp-content\/uploads\/2022\/12\/Klaus-Stuttmann_naturkonferenz_kol_20221208-200x140.jpg 200w, https:\/\/www.friedenkoeln.de\/wp-content\/uploads\/2022\/12\/Klaus-Stuttmann_naturkonferenz_kol_20221208-768x536.jpg 768w\" sizes=\"auto, (max-width: 990px) 100vw, 990px\" \/><p id=\"caption-attachment-17311\" class=\"wp-caption-text\">Weltnaturkonferenz Montreal: Arten, die vom Aussterben nicht bedroht sind: Leopard, Panther, Gepard, Luchs, Marder, Biber. Karikatur: Klaus Stuttmann, 8.12.2022<\/p><\/div>\n<hr \/>\n<p><em>J\u00fcrgen Gr\u00e4sslin ist Bundessprecher der DFG-VK, Sprecher der Kampagne \u201eAktion Aufschrei \u2013 Stoppt den Waffenhandel!\u201c und Vorsitzender des R\u00fcstungsInformationsB\u00fcros (RIB e.V.)<\/em><\/p>\n<p><em>Kontakt: Tel. 0761-7678208, Mob. 0170-6113759<\/em><\/p>\n<p><em><a class=\"moz-txt-link-abbreviated moz-txt-link-freetext\" href=\"mailto:jg@rib-ev.de\">jg@rib-ev.de<\/a>, <a class=\"moz-txt-link-abbreviated moz-txt-link-freetext\" href=\"mailto:graesslin@dfg-vk.de\">graesslin@dfg-vk.de<\/a><\/em><\/p>\n","protected":false},"excerpt":{"rendered":"<p>Pressemitteilung der DFG-VK, Deutsche Friedensgesellschaft \u2013 Vereinigte KriegsdienstgegnerInnen DFG-VK fordert scharfes R\u00fcstungsexport-Kontrollgesetz statt eines R\u00fcstungsexport-F\u00f6rderungsgesetzes! Verbandsklagerecht zur m\u00f6glichen gerichtlichen Kontrolle dringend vonn\u00f6ten! Direkt vor Weihnachten wurden die aktuellen R\u00fcstungsexportzahlen und Empf\u00e4ngerl\u00e4nder deutscher Kriegswaffen und&#46;&#46;&#46;<\/p>\n","protected":false},"author":110,"featured_media":17311,"comment_status":"open","ping_status":"open","sticky":false,"template":"","format":"standard","meta":{"footnotes":""},"categories":[87],"tags":[99,37],"class_list":["post-17309","post","type-post","status-publish","format-standard","has-post-thumbnail","hentry","category-pressemitteilung","tag-menschenrechte","tag-ruestungsexporte"],"_links":{"self":[{"href":"https:\/\/www.friedenkoeln.de\/index.php?rest_route=\/wp\/v2\/posts\/17309","targetHints":{"allow":["GET"]}}],"collection":[{"href":"https:\/\/www.friedenkoeln.de\/index.php?rest_route=\/wp\/v2\/posts"}],"about":[{"href":"https:\/\/www.friedenkoeln.de\/index.php?rest_route=\/wp\/v2\/types\/post"}],"author":[{"embeddable":true,"href":"https:\/\/www.friedenkoeln.de\/index.php?rest_route=\/wp\/v2\/users\/110"}],"replies":[{"embeddable":true,"href":"https:\/\/www.friedenkoeln.de\/index.php?rest_route=%2Fwp%2Fv2%2Fcomments&post=17309"}],"version-history":[{"count":2,"href":"https:\/\/www.friedenkoeln.de\/index.php?rest_route=\/wp\/v2\/posts\/17309\/revisions"}],"predecessor-version":[{"id":17312,"href":"https:\/\/www.friedenkoeln.de\/index.php?rest_route=\/wp\/v2\/posts\/17309\/revisions\/17312"}],"wp:featuredmedia":[{"embeddable":true,"href":"https:\/\/www.friedenkoeln.de\/index.php?rest_route=\/wp\/v2\/media\/17311"}],"wp:attachment":[{"href":"https:\/\/www.friedenkoeln.de\/index.php?rest_route=%2Fwp%2Fv2%2Fmedia&parent=17309"}],"wp:term":[{"taxonomy":"category","embeddable":true,"href":"https:\/\/www.friedenkoeln.de\/index.php?rest_route=%2Fwp%2Fv2%2Fcategories&post=17309"},{"taxonomy":"post_tag","embeddable":true,"href":"https:\/\/www.friedenkoeln.de\/index.php?rest_route=%2Fwp%2Fv2%2Ftags&post=17309"}],"curies":[{"name":"wp","href":"https:\/\/api.w.org\/{rel}","templated":true}]}}