{"id":17313,"date":"2022-12-28T07:00:34","date_gmt":"2022-12-28T06:00:34","guid":{"rendered":"https:\/\/www.friedenkoeln.de\/?p=17313"},"modified":"2023-01-15T14:34:10","modified_gmt":"2023-01-15T13:34:10","slug":"einladung-ins-kino-ithaka-film-und-diskussion-am-21-1-2023-ueber-den-kampf-um-julian-assange","status":"publish","type":"post","link":"https:\/\/www.friedenkoeln.de\/?p=17313","title":{"rendered":"Einladung ins Kino: &#8222;Ithaka&#8220; &#8211; Film und Diskussion am 21.1.2023 \u00fcber den Kampf um Julian Assange"},"content":{"rendered":"<p><em>Wir laden herzlich ein:<\/em><\/p>\n<hr \/>\n<p style=\"text-align: center;\"><strong>Film + Diskussion: Ithaka (Julian Assange)<\/strong><\/p>\n<p style=\"text-align: center;\"><strong>21. Januar 2023 20:00 \u2013 22:30 Uhr<\/strong><br \/>\n<strong>Kino 813 in der BR\u00dcCKE, Hahnenstra\u00dfe 6, 50667 K\u00f6ln<\/strong><\/p>\n<p>Wir laden herzlich ein zur Vorf\u00fchrung des Dokumentarfilms \u201cIthaka | A father. A family. A fight for justice.\u201d \u00fcber den Kampf um Julian Assange mit anschlie\u00dfendem <strong>Publikumsgespr\u00e4ch mit dem Produzenten Adrian Devant<\/strong>. Der Film wird auf Englisch mit deutschen Untertiteln gezeigt; das Filmgespr\u00e4ch findet auf Englisch statt.<\/p>\n<p>Ticketreservierungen per Email an\u00a0reservierung@filmclub813.de (Betreff: &#8222;Ithaka 21.1.&#8220;); Abholung an der Abendkasse (30 Minuten vor Filmbeginn).\u00a0Solidarischer Einheitspreis des Tickets: \u20ac 8,13.<\/p>\n<p>Vor und nach dem Film bietet das Kunstprojekt <a href=\"https:\/\/assange.network\/?page_id=131\">&#8222;BELMARSH LIVE&#8220;<\/a> die M\u00f6glichkeit, ein Modell der Gef\u00e4ngniszelle von Julian Assange zu betreten und von dort live-Botschaften ins Internet zu senden.<\/p>\n<p><em><img loading=\"lazy\" decoding=\"async\" class=\" wp-image-17345 alignleft\" src=\"https:\/\/www.friedenkoeln.de\/wp-content\/uploads\/2023\/01\/Plakat_ithaka_A1.jpg\" alt=\"Filmplakat, das ein Foto von John Shipton, dem Vater von Julian Assange, in dunklem Anzug mit Krawatte zeigt.\" width=\"416\" height=\"587\" srcset=\"https:\/\/www.friedenkoeln.de\/wp-content\/uploads\/2023\/01\/Plakat_ithaka_A1.jpg 1700w, https:\/\/www.friedenkoeln.de\/wp-content\/uploads\/2023\/01\/Plakat_ithaka_A1-142x200.jpg 142w, https:\/\/www.friedenkoeln.de\/wp-content\/uploads\/2023\/01\/Plakat_ithaka_A1-768x1084.jpg 768w, https:\/\/www.friedenkoeln.de\/wp-content\/uploads\/2023\/01\/Plakat_ithaka_A1-1088x1536.jpg 1088w, https:\/\/www.friedenkoeln.de\/wp-content\/uploads\/2023\/01\/Plakat_ithaka_A1-1451x2048.jpg 1451w\" sizes=\"auto, (max-width: 416px) 100vw, 416px\" \/><\/em>Der Film ITHAKA, der \u00fcber zwei Jahre in Gro\u00dfbritannien, Europa und den USA gedreht wurde, folgt dem 76-j\u00e4hrigen pensionierten Bauunternehmer John Shipton, bei seinem unerm\u00fcdlichen Kampf zur Rettung seines Sohnes Julian Assange. Es geht um Verbrechen von Regierungen und einen Mann, der mit seiner Vision von Gerechtigkeit eine Organisation gr\u00fcndete, um genau diese aufzudecken. Dies gelang ihm sehr gut, und genau hier f\u00e4ngt die Problematik an. Denn nicht die Verbrecher sitzen aktuell hinter Gittern, sondern der, der die Verbrechen ver\u00f6ffentlichte. Der ber\u00fchmteste politische Gefangene der Welt, der WikiLeaks-Gr\u00fcnder Julian Assange, ist zum Sinnbild eines internationalen Armdr\u00fcckens um die Freiheit des Journalismus, um Regierungskorruption und unges\u00fchnte Kriegsverbrechen geworden.<\/p>\n<p>Nun, da Julian im Falle einer Auslieferung an die USA eine 175-j\u00e4hrige Haftstrafe droht, sehen sich seine Familienangeh\u00f6rigen mit der Aussicht konfrontiert, Julian f\u00fcr immer an den Abgrund des US-Justizsystems zu verlieren. Dieser David-und-Goliath-Kampf ist pers\u00f6nlich &#8211; und da sich Julians Gesundheitszustand in einem britischen Hochsicherheitsgef\u00e4ngnis verschlechtert und die amerikanische Staatsanwaltschaft versucht, ihn auszuliefern, um ihn in den USA vor Gericht zu stellen, tickt die Uhr.<\/p>\n<p>Der Film, in dem historische Archivaufnahmen und intimes Material hinter den Kulissen miteinander verwoben sind, zeigt Johns Weg an der Seite von Julians Verlobter, Stella Moris, die sich gemeinsam f\u00fcr Julian einsetzen. Wir erleben, wie John sich auf eine Odyssee durch Europa begibt, um ein globales Netzwerk von Unterst\u00fctzern zu sammeln und sich bei Politikern f\u00fcr Julian einsetzt. ITHAKA erinnert zur rechten Zeit an die globalen Fragen, die in diesem Fall auf dem Spiel stehen und gibt einen Einblick in den pers\u00f6nlichen Tribut, den die m\u00fchsame, oft einsame Aufgabe, f\u00fcr eine Sache zu k\u00e4mpfen, die gr\u00f6\u00dfer ist als man selbst, fordert.<\/p>\n<blockquote><p>In 20 Jahren Arbeit mit Opfern von Krieg, Gewalt und politischer Verfolgung habe ich noch nie erlebt, dass sich eine Gruppe demokratischer Staaten zusammengetan hat, um eine einzelne Person \u00fcber einen so langen Zeitraum und mit so wenig R\u00fccksicht auf die Menschenw\u00fcrde und die Rechtsstaatlichkeit absichtlich zu isolieren, zu d\u00e4monisieren und zu misshandeln.<\/p><\/blockquote>\n<p>(Nils Melzer, ehem. UN-Sonderberichterstatter f\u00fcr Folter)<\/p>\n<p>(Quelle: Verleih \/\u00a0<a href=\"https:\/\/www.friedenkoeln.de\/wp-content\/uploads\/2022\/12\/Ithaka-Press-Kit_Sept_22_Ger_v3.pdf\">Hintergrundinformationen zum Film<\/a>)<\/p>\n<hr \/>\n<p><em>Veranstalter: Aktionsb\u00fcndnis Free Assange , DFG-VK Gruppe K\u00f6ln, Amnesty International Bezirk K\u00f6ln<\/em><\/p>\n<p><em>Aktualisierungen am 15.1.2023: Filmplakat, Ticket-Infos.<\/em><\/p>\n","protected":false},"excerpt":{"rendered":"<p>Wir laden herzlich ein: Film + Diskussion: Ithaka (Julian Assange) 21. Januar 2023 20:00 \u2013 22:30 Uhr Kino 813 in der BR\u00dcCKE, Hahnenstra\u00dfe 6, 50667 K\u00f6ln Wir laden herzlich ein zur Vorf\u00fchrung des Dokumentarfilms&#46;&#46;&#46;<\/p>\n","protected":false},"author":110,"featured_media":17345,"comment_status":"open","ping_status":"open","sticky":false,"template":"","format":"standard","meta":{"footnotes":""},"categories":[104],"tags":[85,81,99,165],"class_list":["post-17313","post","type-post","status-publish","format-standard","has-post-thumbnail","hentry","category-ankuendigung","tag-kriegsverbrechen","tag-medien","tag-menschenrechte","tag-pressefreiheit"],"_links":{"self":[{"href":"https:\/\/www.friedenkoeln.de\/index.php?rest_route=\/wp\/v2\/posts\/17313","targetHints":{"allow":["GET"]}}],"collection":[{"href":"https:\/\/www.friedenkoeln.de\/index.php?rest_route=\/wp\/v2\/posts"}],"about":[{"href":"https:\/\/www.friedenkoeln.de\/index.php?rest_route=\/wp\/v2\/types\/post"}],"author":[{"embeddable":true,"href":"https:\/\/www.friedenkoeln.de\/index.php?rest_route=\/wp\/v2\/users\/110"}],"replies":[{"embeddable":true,"href":"https:\/\/www.friedenkoeln.de\/index.php?rest_route=%2Fwp%2Fv2%2Fcomments&post=17313"}],"version-history":[{"count":8,"href":"https:\/\/www.friedenkoeln.de\/index.php?rest_route=\/wp\/v2\/posts\/17313\/revisions"}],"predecessor-version":[{"id":17349,"href":"https:\/\/www.friedenkoeln.de\/index.php?rest_route=\/wp\/v2\/posts\/17313\/revisions\/17349"}],"wp:featuredmedia":[{"embeddable":true,"href":"https:\/\/www.friedenkoeln.de\/index.php?rest_route=\/wp\/v2\/media\/17345"}],"wp:attachment":[{"href":"https:\/\/www.friedenkoeln.de\/index.php?rest_route=%2Fwp%2Fv2%2Fmedia&parent=17313"}],"wp:term":[{"taxonomy":"category","embeddable":true,"href":"https:\/\/www.friedenkoeln.de\/index.php?rest_route=%2Fwp%2Fv2%2Fcategories&post=17313"},{"taxonomy":"post_tag","embeddable":true,"href":"https:\/\/www.friedenkoeln.de\/index.php?rest_route=%2Fwp%2Fv2%2Ftags&post=17313"}],"curies":[{"name":"wp","href":"https:\/\/api.w.org\/{rel}","templated":true}]}}