{"id":17358,"date":"2023-02-11T17:26:55","date_gmt":"2023-02-11T16:26:55","guid":{"rendered":"https:\/\/www.friedenkoeln.de\/?p=17358"},"modified":"2023-02-11T18:05:51","modified_gmt":"2023-02-11T17:05:51","slug":"kundgebung-25-februar-2023-in-koeln-prominente-rednerinnen-den-frieden-gewinnen-nicht-den-krieg","status":"publish","type":"post","link":"https:\/\/www.friedenkoeln.de\/?p=17358","title":{"rendered":"Kundgebung 25. Februar 2023 in K\u00f6ln &#8211; prominente Redner*innen: Den Frieden gewinnen, nicht den Krieg!"},"content":{"rendered":"<p><em>Kommt zu unserer Friedensdemonstration anl\u00e4sslich des Jahrestages russischen Angriffskriegs auf die Ukraine und der Verk\u00fcndigung der milit\u00e4rischen \u201eZeitenwende\u201c durch Bundeskanzler Olaf Scholz:<\/em><\/p>\n<hr \/>\n<h4>Den Frieden gewinnen, nicht den Krieg \u2013 Stoppt das T\u00f6ten in der Ukraine Waffenexporte stoppen, Waffenstillstand und Friedensverhandlungen jetzt!<\/h4>\n<p><a href=\"https:\/\/www.friedenkoeln.de\/wp-content\/uploads\/2023\/02\/Den-Frieden-gewinnen-nicht-den-Krieg-A5-fortlaufend.pdf\">Der Demo Aufruf als pdf<\/a>.<\/p>\n<p>Kundgebung und Demo am Samstag, 25. Februar 2023, 17 Uhr, Alter Markt K\u00f6ln<\/p>\n<p>mit<\/p>\n<ul>\n<li><strong>Margot K\u00e4\u00dfmann, ehemalige Ratsvorsitzende der Evangelischen Kirche<\/strong><\/li>\n<li><strong>Sevim Dagdelen, MdB<\/strong><\/li>\n<li><strong>Karl-Wilhelm Koch, Unabh\u00e4ngige Gr\u00fcne Linke<\/strong><\/li>\n<li><strong>Matthias Engelke, Internationaler Vers\u00f6hnungsbund<\/strong><\/li>\n<\/ul>\n<p>Flyer und Plakate, um in Kiosken, Kneipen, Buchl\u00e4den, dem Laden um die Ecke etc. f\u00fcr die Demo zu mobilisieren, k\u00f6nnt ihr an diesen Orten abholen:<\/p>\n<ul>\n<li>Friedensbildungswerk, Obenmarspforten 7-11: Sa., 11. Februar, 10-19 Uhr, So., 12. Februar, 10-18 Uhr. Meldet euch f\u00fcr weitere Termine bei Michael S\u00fcnner!: 0174 9509932<\/li>\n<li>Kreisgesch\u00e4ftsstelle DIE LINKE. K\u00d6LN, Z\u00fclpicher Str. 58: Mo, Di, Fr 14-18 Uhr<\/li>\n<li>Wahlkreisb\u00fcro Matthias W. Birkwald, Severinswall 37, 50678 K\u00f6ln: Mo, Di, Do, Fr 10-18 Uhr, Mi 10-17 Uhr<\/li>\n<\/ul>\n<p>\u00dcber Karneval sind die B\u00fcros geschlossen.<\/p>\n<h4>Der Aufruf zur Demo:<\/h4>\n<blockquote><p>Sprechen erst die V\u00f6lker selber, werden sie schnell einig sein.<\/p><\/blockquote>\n<p>Bertolt Brecht, Solidarit\u00e4tslied, 1931.<\/p>\n<p>Abscheu gegen den Krieg \u2013 in der Ukraine und weltweit \u2013 treibt uns auf die Stra\u00dfe. Bald ein Jahr nach dem russischen Angriff auf die Ukraine hat dieser Krieg zu hunderttausenden Toten und Verletzten und zu Millionen Gefl\u00fcchteten gef\u00fchrt, die Auswirkungen des Konfliktes und von Wirtschaftssanktionen haben weltweit und auch hierzulande Not und soziale Ungleichheit versch\u00e4rft. Die Bundesregierung als selbst erkl\u00e4rte milit\u00e4rische \u201eF\u00fchrungsmacht\u201c in Europa l\u00e4sst ihre politische Agenda zunehmend durch die Interessen der hiesigen R\u00fcstungsindustrie bestimmen und treibt mit einer in der Geschichte der BRD beispiellosen Hochr\u00fcstung und der Lieferung immer t\u00f6dlicherer Waffensysteme die weitere Eskalation voran.<\/p>\n<p>Wir stellen uns dieser geplanten Fortsetzung des Krieges und der wachsenden Konfrontation zwischen dem nuklear bewaffneten NATO-Block und der Atommacht Russland entgegen und fordern die Bundesregierung auf, sofort eine der zahlreichen Initiativen f\u00fcr eine diplomatische Beendigung des Konfliktes aufzugreifen, wie zuletzt den Vorschlag der Regierung Brasiliens. Dem Sterben muss endlich Einhalt geboten und der Frieden gewonnen werden.<\/p>\n<p>Denn nicht der Pazifismus, sondern das Streben nach wirtschaftlicher und milit\u00e4rischer Dominanz scheitert tagt\u00e4glich angesichts der dr\u00e4ngenden Aufgaben, vor denen wir als Menschheit stehen: Die Beendigung von Armut und Hunger, die \u00dcberwindung der sozialen Ungleichheit, die Abwendung der Klimakrise und die Beendigung von Kriegen. All das l\u00f6sen wir nur in globaler Kooperation und mit gesteigertem zivilgesellschaftlichem Engagement.<\/p>\n<p>Wir demonstrieren daher f\u00fcr:<\/p>\n<ul>\n<li>Den Stopp der Waffenlieferung aus Deutschland insbesondere an die Ukraine, f\u00fcr einen sofortigen Waffenstillstand, Friedensverhandlungen und den Wiederaufbau des vom Krieg zerst\u00f6rten Landes<\/li>\n<li>Die Beendigung aller Sanktionen, die der Verwirklichung der sozialen, kulturellen und wirtschaftlichen Menschenrechte des UN-Sozialpakts entgegenstehen<\/li>\n<li>Umwidmung des 100-Milliarden-Hochr\u00fcstungspakets der Bundeswehr in ein Investitionsprogramm f\u00fcr Kultur, Soziales, Umwelt und internationale humanit\u00e4re Hilfe<\/li>\n<li>Nukleare Abr\u00fcstung und die Abschaffung aller Atomwaffen, insbesondere den Beitritt Deutschlands zum Atomwaffenverbotsvertrag der Vereinten Nationen<\/li>\n<li>V\u00f6lkerverst\u00e4ndigung und eine Kultur des Friedens, d. h. unter anderem die Wiederbelebung der eingefrorenen St\u00e4dtepartnerschaften und des wissenschaftlichen und kulturellen Austausches mit Russland<\/li>\n<li>Asyl f\u00fcr alle Kriegsdienstverweigerer, Deserteure und alle Menschen, die vor Kriegen fliehen und gegen die Wiedereinf\u00fchrung der Wehrpflicht in der Bundesrepublik.<\/li>\n<\/ul>\n<p>Brot, Frieden, Menschenw\u00fcrde \u2013 in der Ukraine und weltweit!<\/p>\n<p>Es rufen auf (Stand 7. Februar):<\/p>\n<ul>\n<li>K\u00f6lner Friedensforum<\/li>\n<li>DFG-VK K\u00f6ln<\/li>\n<li>VVN-BdA K\u00f6ln<\/li>\n<li>AK Zivilklausel K\u00f6ln<\/li>\n<li>DiDf K\u00f6ln<\/li>\n<li>Arbeitskreis Bildung und Erziehung von Attac K\u00f6ln<\/li>\n<li>IG BAU K\u00f6ln<\/li>\n<li>Die.Linke K\u00f6ln<\/li>\n<li>Orga-Team der Unabh\u00e4ngigen Gr\u00fcnen Linken<\/li>\n<\/ul>\n<p>Wer f\u00fcr Frieden eintritt, geht vom Grundsatz gleicher Rechte f\u00fcr alle Menschen aus. Rassismus und Nationalismus sind mit einer Politik des Friedens, der Verst\u00e4ndigung und der Humanit\u00e4t nicht vereinbar. Wir lehnen deshalb eine Zusammenarbeit mit Organisationen und Personen ab, die Menschenrechte nur f\u00fcr sich oder die eigenen Gruppe gelten lassen wollen.<\/p>\n","protected":false},"excerpt":{"rendered":"<p>Kommt zu unserer Friedensdemonstration anl\u00e4sslich des Jahrestages russischen Angriffskriegs auf die Ukraine und der Verk\u00fcndigung der milit\u00e4rischen \u201eZeitenwende\u201c durch Bundeskanzler Olaf Scholz: Den Frieden gewinnen, nicht den Krieg \u2013 Stoppt das T\u00f6ten in der&#46;&#46;&#46;<\/p>\n","protected":false},"author":110,"featured_media":17363,"comment_status":"open","ping_status":"open","sticky":false,"template":"","format":"standard","meta":{"footnotes":""},"categories":[116],"tags":[42,112,40],"class_list":["post-17358","post","type-post","status-publish","format-standard","has-post-thumbnail","hentry","category-aufruf","tag-abruestung","tag-atomwaffenverbotsvertrag","tag-demokratie"],"_links":{"self":[{"href":"https:\/\/www.friedenkoeln.de\/index.php?rest_route=\/wp\/v2\/posts\/17358","targetHints":{"allow":["GET"]}}],"collection":[{"href":"https:\/\/www.friedenkoeln.de\/index.php?rest_route=\/wp\/v2\/posts"}],"about":[{"href":"https:\/\/www.friedenkoeln.de\/index.php?rest_route=\/wp\/v2\/types\/post"}],"author":[{"embeddable":true,"href":"https:\/\/www.friedenkoeln.de\/index.php?rest_route=\/wp\/v2\/users\/110"}],"replies":[{"embeddable":true,"href":"https:\/\/www.friedenkoeln.de\/index.php?rest_route=%2Fwp%2Fv2%2Fcomments&post=17358"}],"version-history":[{"count":4,"href":"https:\/\/www.friedenkoeln.de\/index.php?rest_route=\/wp\/v2\/posts\/17358\/revisions"}],"predecessor-version":[{"id":17365,"href":"https:\/\/www.friedenkoeln.de\/index.php?rest_route=\/wp\/v2\/posts\/17358\/revisions\/17365"}],"wp:featuredmedia":[{"embeddable":true,"href":"https:\/\/www.friedenkoeln.de\/index.php?rest_route=\/wp\/v2\/media\/17363"}],"wp:attachment":[{"href":"https:\/\/www.friedenkoeln.de\/index.php?rest_route=%2Fwp%2Fv2%2Fmedia&parent=17358"}],"wp:term":[{"taxonomy":"category","embeddable":true,"href":"https:\/\/www.friedenkoeln.de\/index.php?rest_route=%2Fwp%2Fv2%2Fcategories&post=17358"},{"taxonomy":"post_tag","embeddable":true,"href":"https:\/\/www.friedenkoeln.de\/index.php?rest_route=%2Fwp%2Fv2%2Ftags&post=17358"}],"curies":[{"name":"wp","href":"https:\/\/api.w.org\/{rel}","templated":true}]}}