{"id":17367,"date":"2023-02-15T07:53:41","date_gmt":"2023-02-15T06:53:41","guid":{"rendered":"https:\/\/www.friedenkoeln.de\/?p=17367"},"modified":"2023-02-15T07:54:16","modified_gmt":"2023-02-15T06:54:16","slug":"harald-fuchs-zur-kritik-herfried-muenklers-am-friedensmanifest-in-einer-reihe-mit-deutschen-militaristen","status":"publish","type":"post","link":"https:\/\/www.friedenkoeln.de\/?p=17367","title":{"rendered":"Harald Fuchs zur Kritik Herfried M\u00fcnklers am &#8222;Friedensmanifest&#8220;: &#8222;In einer Reihe mit deutschen Militaristen&#8220;"},"content":{"rendered":"<p><em>Wir ver\u00f6ffentlichen den Leserbrief unseres Mitglieds Harald Fuchs zum Interview mit Herfried M\u00fcnkler, das unter dem Titel\u00a0&#8222;Ein gewissenloses Manifest&#8220; am 14.2.2023 im K\u00f6lner Stadtanzeiger erschien.<\/em><\/p>\n<hr \/>\n<p>Prof. em. Herfried M\u00fcnkler setzt in seinem Interview &#8222;Ein gewissenloses Manifest&#8220; offensichtlich auf die Unkenntnis vieler Leser \u00fcber die Entwicklung des Pazifismus in Deutschland.<\/p>\n<p>Als pazifistische Menschen mit Gewissen m\u00f6chte er nur diejenigen gelten lassen, die Ende des 19. Jahrhunderts die Konzeption verfolgten, durch die Etablierung eines damals noch utopisch erscheinenden V\u00f6lkerrechts zuk\u00fcnftige Kriege zu verhindern. Die grausame Erfahrung des 1. Weltkrieges brachte dann viele Pazifisten dazu, konsequent jeden Krieg (auch Verteidigungskriege) als &#8222;Verbrechen gegen die Menschheit&#8220; zu sehen und zur Verweigerung aller Kriegsdienste aufzufordern. Vgl. hierzu die Grundsatzerkl\u00e4rung der &#8222;War Resisters International&#8220;, die alle in der gr\u00f6\u00dften und \u00e4ltesten deutschen Friedensorganisation &#8222;DFG-VK&#8220; organisierten Pazifisten unterschrieben haben. Dies erw\u00e4chst z.B. aus der Erkenntnis, dass es f\u00fcr einen toten, schwer verletzten, traumatisierten Soldaten irrelevant wird, in welcher Art von Krieg er massakriert wird. Erst recht gilt dies f\u00fcr die vom Krieg betroffene Zivilbev\u00f6lkerung.<\/p>\n<p>Nur einem militaristisch verengten Denken kann Krieg als die einzige Perspektive des Widerstandes gegen eine milit\u00e4rische Okkupation erscheinen und Ablehnung der Kriegsbeteiligung als Parteinahme f\u00fcr den Okkupanten.<\/p>\n<p>Herr Prof. em. M\u00fcnkler befindet sich in einer Reihe mit all den deutschen Militaristen, die schon immer konsequente Kriegsgegner als B\u00fcndnispartner des milit\u00e4rischen Gegners verunglimpft haben.<\/p>\n<div id=\"attachment_16425\" style=\"width: 498px\" class=\"wp-caption alignright\"><img loading=\"lazy\" decoding=\"async\" aria-describedby=\"caption-attachment-16425\" class=\" wp-image-16425\" src=\"https:\/\/www.friedenkoeln.de\/wp-content\/uploads\/2020\/12\/IMG_20200412_131714648-scaled.jpg\" alt=\"Ein schmaler mann mit wei\u00dfen Haaren und Jeansjacke steht fr\u00f6hlich vor zwei riesigen rosa bl\u00fchenden Mandelb\u00e4umen in einem sonnigen Park und winkt in die Kamera. Neben ihm zwei Fahrr\u00e4der mit Flaggen.\" width=\"488\" height=\"275\" \/><p id=\"caption-attachment-16425\" class=\"wp-caption-text\">Harald Fuchs mit DFG-VK-Flagge beim &#8222;Osterspaziergang&#8220; am 12.4.2020 im Rheinpark K\u00f6ln. Foto: privat<\/p><\/div>\n<p>Indem Her Prof. em. M\u00fcnkler dem &#8222;Manifest f\u00fcr den Frieden&#8220; das Gewissen abspricht, nimmt er eine selbstgerechte und \u00fcberhebliche Haltung gegen\u00fcber Andersdenkenden ein, in der ihm ausgeschlossen zu sein scheint, dass er sich in seiner Meinung \u00fcber Gut und B\u00f6se wie auch in seiner Einsch\u00e4tzung des Risikos eines Atomkrieges vielleicht auch irren k\u00f6nnte. Die Tatsache, dass der R\u00fcckzug der USA aus Vietnam oder der R\u00fcckzug der Sowjetunion aus Afghanistan nicht zu einem Atomkrieg eskalierte beweist nicht, dass ein Verlust der Marinebasen auf der Krim von der heutigen Russischen F\u00f6deration in der selben Weise beantwortet werden w\u00fcrde, s\u00e4he sich dieser Staat am Rande einer umfassenden milit\u00e4rischen Niederlage. Soviel zum &#8222;Faktencheck&#8220; des Herrn Prof. em. M\u00fcnkler. Was nach einem &#8222;konventionellen Vernichtungsschlag&#8220; der NATO gegen die russischen Streitkr\u00e4fte in der Ukraine (inclusive Krim) passieren w\u00fcrde, ist vielleicht auch nicht ganz zu Ende gedacht. Ich pers\u00f6nlich w\u00fcrde in so einem Fall lieber nicht in Deutschland leben.<\/p>\n<p>Im \u00dcbrigen w\u00e4re es eine Frage schlichten b\u00fcrgerlichen Anstandes der Redaktion des K\u00f6lner Stadtanzeigers, den Autorinnen des als &#8222;gewissenlos&#8220; verunglimpften Friedensmanifestes an gleichem Ort Gelegenheit zu einer Replik zu geben. Und dies am besten noch vor der von Alice Schwarzer und Sarah Wagenknecht geplanten Friedenskundgebung in Berlin.<\/p>\n<hr \/>\n<p><em><a href=\"https:\/\/www.change.org\/p\/manifestfuerfrieden-aufstandfuerfrieden\">Das &#8222;Friedensmanifest&#8220; kann hier unterzeichnet werden (Link zu change.org).<\/a>\u00a0<\/em><\/p>\n","protected":false},"excerpt":{"rendered":"<p>Wir ver\u00f6ffentlichen den Leserbrief unseres Mitglieds Harald Fuchs zum Interview mit Herfried M\u00fcnkler, das unter dem Titel\u00a0&#8222;Ein gewissenloses Manifest&#8220; am 14.2.2023 im K\u00f6lner Stadtanzeiger erschien. Prof. em. Herfried M\u00fcnkler setzt in seinem Interview &#8222;Ein&#46;&#46;&#46;<\/p>\n","protected":false},"author":110,"featured_media":16425,"comment_status":"open","ping_status":"open","sticky":false,"template":"","format":"standard","meta":{"footnotes":""},"categories":[107],"tags":[3],"class_list":["post-17367","post","type-post","status-publish","format-standard","has-post-thumbnail","hentry","category-kommentar","tag-pazifismus"],"_links":{"self":[{"href":"https:\/\/www.friedenkoeln.de\/index.php?rest_route=\/wp\/v2\/posts\/17367","targetHints":{"allow":["GET"]}}],"collection":[{"href":"https:\/\/www.friedenkoeln.de\/index.php?rest_route=\/wp\/v2\/posts"}],"about":[{"href":"https:\/\/www.friedenkoeln.de\/index.php?rest_route=\/wp\/v2\/types\/post"}],"author":[{"embeddable":true,"href":"https:\/\/www.friedenkoeln.de\/index.php?rest_route=\/wp\/v2\/users\/110"}],"replies":[{"embeddable":true,"href":"https:\/\/www.friedenkoeln.de\/index.php?rest_route=%2Fwp%2Fv2%2Fcomments&post=17367"}],"version-history":[{"count":5,"href":"https:\/\/www.friedenkoeln.de\/index.php?rest_route=\/wp\/v2\/posts\/17367\/revisions"}],"predecessor-version":[{"id":17372,"href":"https:\/\/www.friedenkoeln.de\/index.php?rest_route=\/wp\/v2\/posts\/17367\/revisions\/17372"}],"wp:featuredmedia":[{"embeddable":true,"href":"https:\/\/www.friedenkoeln.de\/index.php?rest_route=\/wp\/v2\/media\/16425"}],"wp:attachment":[{"href":"https:\/\/www.friedenkoeln.de\/index.php?rest_route=%2Fwp%2Fv2%2Fmedia&parent=17367"}],"wp:term":[{"taxonomy":"category","embeddable":true,"href":"https:\/\/www.friedenkoeln.de\/index.php?rest_route=%2Fwp%2Fv2%2Fcategories&post=17367"},{"taxonomy":"post_tag","embeddable":true,"href":"https:\/\/www.friedenkoeln.de\/index.php?rest_route=%2Fwp%2Fv2%2Ftags&post=17367"}],"curies":[{"name":"wp","href":"https:\/\/api.w.org\/{rel}","templated":true}]}}