{"id":17381,"date":"2023-03-14T16:41:18","date_gmt":"2023-03-14T15:41:18","guid":{"rendered":"https:\/\/www.friedenkoeln.de\/?p=17381"},"modified":"2023-03-14T16:41:18","modified_gmt":"2023-03-14T15:41:18","slug":"mit-uns-am-20-3-2023-ins-kino-hacking-justice-der-fall-assange-eine-chronik","status":"publish","type":"post","link":"https:\/\/www.friedenkoeln.de\/?p=17381","title":{"rendered":"Mit uns am 20.3.2023 ins Kino: &#8222;Hacking Justice &#8211; Der Fall Assange: eine Chronik&#8220;"},"content":{"rendered":"<p><em>Herzliche Einladung:<\/em><\/p>\n<hr \/>\n<p>Wir laden herzlich zur Vorf\u00fchrung des Dokumentarfilms <strong>Hacking Justice &#8211; Der Fall Assange: eine Chronik<\/strong> ein. Der Film gibt Einblick in die Arbeit des juristischen Teams in einem der l\u00e4ngsten und wom\u00f6glich auch folgenschwersten Rechtsstreite unserer Zeit. Anschlie\u00dfend freuen wir uns \u00fcber ein Publikumsgespr\u00e4ch mit der anwesenden <strong>Regisseurin Clara L\u00f3pez Rubio<\/strong>. Der Film wird auf Englisch mit deutschen Untertiteln gezeigt; das Filmgespr\u00e4ch findet auf Deutsch statt.<\/p>\n<p style=\"text-align: center;\"><strong>20. M\u00e4rz 2023 19:45 Uhr<\/strong><br \/>\n<strong>Kino 813 in der BR\u00dcCKE, Hahnenstra\u00dfe 6, 50667 K\u00f6ln<\/strong><\/p>\n<p style=\"text-align: center;\"><strong>HACKING JUSTICE<\/strong><\/p>\n<p style=\"text-align: center;\"><strong>DER FALL ASSANGE: EINE CHRONIK<\/strong><br \/>\n<strong>Dokumentarfilm von Clara L\u00f3pez Rubio und Juan Pancorbo <\/strong><br \/>\n<strong>D, 2021, 90 Min.<\/strong><\/p>\n<p style=\"text-align: center;\"><strong>anschlie\u00dfend Publikumsgespr\u00e4ch mit der\u00a0Regisseurin Clara L\u00f3pez Rubio<\/strong><\/p>\n<p><strong>Reservierung<\/strong>: reservierung@filmclub813.de \u201eHacking Justice 20.3.\u201c Mit der empfangenen Best\u00e4tigung eine halbe Std. vor Filmbeginn die Karten abholen.<br \/>\nSolidarischer Einheitspreis: 8,13 Euro<\/p>\n<p>Veranstalter: Kino 813 in der BR\u00dcCKE<\/p>\n<p>Mitveranstalter: FreeAssangeK\u00f6ln, Amnesty International Bezirk K\u00f6ln, DFG-VK Gruppe K\u00f6ln.<\/p>\n<div id=\"attachment_17383\" style=\"width: 278px\" class=\"wp-caption alignright\"><img loading=\"lazy\" decoding=\"async\" aria-describedby=\"caption-attachment-17383\" class=\" wp-image-17383\" src=\"https:\/\/www.friedenkoeln.de\/wp-content\/uploads\/2023\/03\/603AB33A-7AD0-46AE-9C96-3A1108E5A9CA.jpeg\" alt=\"zwei M\u00e4nner mit wei\u00dfen Haaren sitzen nebeneinander vor einem aufgeklappten Laptop und schauen entspannt und freundlich nach vorn links. Auf dem Laptop-Deckel ein ein Aufkleber mit &quot;Stand with Snowden&quot; zu sehen.\" width=\"268\" height=\"379\" srcset=\"https:\/\/www.friedenkoeln.de\/wp-content\/uploads\/2023\/03\/603AB33A-7AD0-46AE-9C96-3A1108E5A9CA.jpeg 452w, https:\/\/www.friedenkoeln.de\/wp-content\/uploads\/2023\/03\/603AB33A-7AD0-46AE-9C96-3A1108E5A9CA-141x200.jpeg 141w\" sizes=\"auto, (max-width: 268px) 100vw, 268px\" \/><p id=\"caption-attachment-17383\" class=\"wp-caption-text\">Filmplakat: &#8222;Hacking Justice &#8211; Der Fall Julian Assange&#8220;<\/p><\/div>\n<p style=\"text-align: left;\">Aktivist und Agitator oder bedrohter Journalist? F\u00fcr Journalisten- und Menschenrechtsorganisationen gibt es keinen Zweifel: vor den britischen Gerichten wird nicht nur \u00fcber das Schicksal von Julian Assange entschieden, sondern \u00fcber die Zukunft des investigativen Journalismus.<\/p>\n<p style=\"text-align: left;\">Wenn Julian Assange schlie\u00dflich an die Vereinigten Staaten ausgeliefert wird, drohen dem Gr\u00fcnder von WikiLeaks bis zu 175 Jahre Haft wegen der Ver\u00f6ffentlichung geheimer Dokumente. F\u00fcr seinen Anwalt, den weltweit bekannten ehemaligen Richter Baltasar Garz\u00f3n, steht weit mehr als die Freiheit eines Herausgebers auf dem Spiel. Der Chef des juristischen Teams von Assange warnt: der wachsende Einfluss der Geheimdienste gef\u00e4hrdet die Informationsfreiheit und damit die Demokratie.<\/p>\n","protected":false},"excerpt":{"rendered":"<p>Herzliche Einladung: Wir laden herzlich zur Vorf\u00fchrung des Dokumentarfilms Hacking Justice &#8211; Der Fall Assange: eine Chronik ein. Der Film gibt Einblick in die Arbeit des juristischen Teams in einem der l\u00e4ngsten und wom\u00f6glich&#46;&#46;&#46;<\/p>\n","protected":false},"author":110,"featured_media":17383,"comment_status":"open","ping_status":"open","sticky":false,"template":"","format":"standard","meta":{"footnotes":""},"categories":[104],"tags":[40,27,165,80],"class_list":["post-17381","post","type-post","status-publish","format-standard","has-post-thumbnail","hentry","category-ankuendigung","tag-demokratie","tag-kultur","tag-pressefreiheit","tag-rechtsprechung"],"_links":{"self":[{"href":"https:\/\/www.friedenkoeln.de\/index.php?rest_route=\/wp\/v2\/posts\/17381","targetHints":{"allow":["GET"]}}],"collection":[{"href":"https:\/\/www.friedenkoeln.de\/index.php?rest_route=\/wp\/v2\/posts"}],"about":[{"href":"https:\/\/www.friedenkoeln.de\/index.php?rest_route=\/wp\/v2\/types\/post"}],"author":[{"embeddable":true,"href":"https:\/\/www.friedenkoeln.de\/index.php?rest_route=\/wp\/v2\/users\/110"}],"replies":[{"embeddable":true,"href":"https:\/\/www.friedenkoeln.de\/index.php?rest_route=%2Fwp%2Fv2%2Fcomments&post=17381"}],"version-history":[{"count":2,"href":"https:\/\/www.friedenkoeln.de\/index.php?rest_route=\/wp\/v2\/posts\/17381\/revisions"}],"predecessor-version":[{"id":17384,"href":"https:\/\/www.friedenkoeln.de\/index.php?rest_route=\/wp\/v2\/posts\/17381\/revisions\/17384"}],"wp:featuredmedia":[{"embeddable":true,"href":"https:\/\/www.friedenkoeln.de\/index.php?rest_route=\/wp\/v2\/media\/17383"}],"wp:attachment":[{"href":"https:\/\/www.friedenkoeln.de\/index.php?rest_route=%2Fwp%2Fv2%2Fmedia&parent=17381"}],"wp:term":[{"taxonomy":"category","embeddable":true,"href":"https:\/\/www.friedenkoeln.de\/index.php?rest_route=%2Fwp%2Fv2%2Fcategories&post=17381"},{"taxonomy":"post_tag","embeddable":true,"href":"https:\/\/www.friedenkoeln.de\/index.php?rest_route=%2Fwp%2Fv2%2Ftags&post=17381"}],"curies":[{"name":"wp","href":"https:\/\/api.w.org\/{rel}","templated":true}]}}