{"id":17398,"date":"2023-03-24T16:16:09","date_gmt":"2023-03-24T15:16:09","guid":{"rendered":"https:\/\/www.friedenkoeln.de\/?p=17398"},"modified":"2023-03-24T16:17:34","modified_gmt":"2023-03-24T15:17:34","slug":"krysztof-daletski-tochter-als-stanislaw-petrow-die-welt-rettete","status":"publish","type":"post","link":"https:\/\/www.friedenkoeln.de\/?p=17398","title":{"rendered":"Krysztof Daletski &#038; Tochter: Als Stanislaw Petrow die Welt rettete"},"content":{"rendered":"<h4>Als Stanislaw Petrow die Welt rettete<\/h4>\n<p><em>Von Krysztof Daletski &amp; Tochter, 2023:<\/em><\/p>\n<audio class=\"wp-audio-shortcode\" id=\"audio-17398-1\" preload=\"none\" style=\"width: 100%;\" controls=\"controls\"><source type=\"audio\/mpeg\" src=\"https:\/\/www.friedenkoeln.de\/wp-content\/uploads\/2023\/03\/petrov-daletski-2023-02.mp3?_=1\" \/><a href=\"https:\/\/www.friedenkoeln.de\/wp-content\/uploads\/2023\/03\/petrov-daletski-2023-02.mp3\">https:\/\/www.friedenkoeln.de\/wp-content\/uploads\/2023\/03\/petrov-daletski-2023-02.mp3<\/a><\/audio>\n<p>Als Stanislav Petrov die Welt rettete<\/p>\n<p>1983, es war kurz nach Mitternacht,<br \/>\nUnd in S\u00e9rpuchow bei Moskau sa\u00df ein Offizier auf Wacht,<br \/>\nAls die Sonne gerade aufging \u00fcberm andern Teil der Welt,<br \/>\nUnd ein Glitzern in die Wolken brachte hoch am Himmelszelt<br \/>\nAn dem Tag, als Stanislaw Petrow die Welt rettete.<\/p>\n<p>Hunderttausend auf den Stra\u00dfen gegen Bomben aus Uran,<br \/>\nVon Politikern mit Spott als Alarmisten abgetan,<br \/>\nUnd die Protestierer warnten vor dem Schreckensgleichgewicht,<br \/>\nDoch wie recht sie hatten wussten auch die Alarmisten nicht<br \/>\nAn dem Tag, als Stanislaw Petrow die Welt rettete.<\/p>\n<p>Alle Anzeigen im Auge merkte Petrow das Signal<br \/>\nVon gestarteten Raketen, wenn auch nur in kleiner Zahl.<br \/>\nIhm blieb eine Viertelstunde, zu entscheiden was da war,<br \/>\nDoch es schien ihm nicht plausibel und so schloss er: &#8222;Fehlalarm&#8220;.<br \/>\nDas war der Tag, als Stanislaw Petrow die Welt rettete.<\/p>\n<p>Heute steht die Uhr so nah wie nie zuvor an Mitternacht,<br \/>\nDoch anstatt nun zu entspannen wird das Feuer angefacht.<br \/>\nDie Entscheidungszeit ist k\u00fcrzer, an Computer delegiert.<br \/>\nDoch kaum Eine scheints zu st\u00f6ren und kaum einer protestiert,<br \/>\nSo als ob stets ein Stanislaw Petrow die Welt retten wird.<\/p>\n<div id=\"attachment_13081\" style=\"width: 987px\" class=\"wp-caption aligncenter\"><img loading=\"lazy\" decoding=\"async\" aria-describedby=\"caption-attachment-13081\" class=\"size-full wp-image-13081\" src=\"https:\/\/www.friedenkoeln.de\/wp-content\/uploads\/2018\/11\/fullsizeoutput_c38.jpeg\" alt=\"Die Skizze zeigt, wie die Rakete in drei Stufen beschleunigt und die Atmosph\u00e4re durchst\u00f6\u00dft, um beim anschlie\u00dfenden Wiedereintritt den Flugwinkel zu korrigieren und damit den Explosionsradius zu beeinflussen.\" width=\"977\" height=\"987\" srcset=\"https:\/\/www.friedenkoeln.de\/wp-content\/uploads\/2018\/11\/fullsizeoutput_c38.jpeg 977w, https:\/\/www.friedenkoeln.de\/wp-content\/uploads\/2018\/11\/fullsizeoutput_c38-148x150.jpeg 148w, https:\/\/www.friedenkoeln.de\/wp-content\/uploads\/2018\/11\/fullsizeoutput_c38-768x776.jpeg 768w, https:\/\/www.friedenkoeln.de\/wp-content\/uploads\/2018\/11\/fullsizeoutput_c38-120x120.jpeg 120w\" sizes=\"auto, (max-width: 977px) 100vw, 977px\" \/><p id=\"caption-attachment-13081\" class=\"wp-caption-text\">Flugbahn der Mittelstreckenrakete &#8222;Pershing II&#8220;. Grafik der US-Armee aus Juni 1986. Quelle: Wikimedia Commons.<\/p><\/div>\n<hr \/>\n<p><em>Wir bedanken uns sehr herzlich f\u00fcr die M\u00f6glichkeit, dieses neue Lied von\u00a0Krysztof Daletski &amp; Tochter hier ver\u00f6ffentlichen zu k\u00f6nnen!<\/em><\/p>\n","protected":false},"excerpt":{"rendered":"<p>Als Stanislaw Petrow die Welt rettete Von Krysztof Daletski &amp; Tochter, 2023: Als Stanislav Petrov die Welt rettete 1983, es war kurz nach Mitternacht, Und in S\u00e9rpuchow bei Moskau sa\u00df ein Offizier auf Wacht,&#46;&#46;&#46;<\/p>\n","protected":false},"author":110,"featured_media":13081,"comment_status":"open","ping_status":"open","sticky":false,"template":"","format":"standard","meta":{"footnotes":""},"categories":[207],"tags":[33,119],"class_list":["post-17398","post","type-post","status-publish","format-standard","has-post-thumbnail","hentry","category-lied","tag-atomwaffen","tag-kalter-krieg"],"_links":{"self":[{"href":"https:\/\/www.friedenkoeln.de\/index.php?rest_route=\/wp\/v2\/posts\/17398","targetHints":{"allow":["GET"]}}],"collection":[{"href":"https:\/\/www.friedenkoeln.de\/index.php?rest_route=\/wp\/v2\/posts"}],"about":[{"href":"https:\/\/www.friedenkoeln.de\/index.php?rest_route=\/wp\/v2\/types\/post"}],"author":[{"embeddable":true,"href":"https:\/\/www.friedenkoeln.de\/index.php?rest_route=\/wp\/v2\/users\/110"}],"replies":[{"embeddable":true,"href":"https:\/\/www.friedenkoeln.de\/index.php?rest_route=%2Fwp%2Fv2%2Fcomments&post=17398"}],"version-history":[{"count":3,"href":"https:\/\/www.friedenkoeln.de\/index.php?rest_route=\/wp\/v2\/posts\/17398\/revisions"}],"predecessor-version":[{"id":17402,"href":"https:\/\/www.friedenkoeln.de\/index.php?rest_route=\/wp\/v2\/posts\/17398\/revisions\/17402"}],"wp:featuredmedia":[{"embeddable":true,"href":"https:\/\/www.friedenkoeln.de\/index.php?rest_route=\/wp\/v2\/media\/13081"}],"wp:attachment":[{"href":"https:\/\/www.friedenkoeln.de\/index.php?rest_route=%2Fwp%2Fv2%2Fmedia&parent=17398"}],"wp:term":[{"taxonomy":"category","embeddable":true,"href":"https:\/\/www.friedenkoeln.de\/index.php?rest_route=%2Fwp%2Fv2%2Fcategories&post=17398"},{"taxonomy":"post_tag","embeddable":true,"href":"https:\/\/www.friedenkoeln.de\/index.php?rest_route=%2Fwp%2Fv2%2Ftags&post=17398"}],"curies":[{"name":"wp","href":"https:\/\/api.w.org\/{rel}","templated":true}]}}