{"id":17404,"date":"2023-03-31T10:52:06","date_gmt":"2023-03-31T08:52:06","guid":{"rendered":"https:\/\/www.friedenkoeln.de\/?p=17404"},"modified":"2023-03-31T10:52:06","modified_gmt":"2023-03-31T08:52:06","slug":"atomwaffen-in-belarus-verhindern-nukleare-teilhabe-in-der-nato-beenden","status":"publish","type":"post","link":"https:\/\/www.friedenkoeln.de\/?p=17404","title":{"rendered":"Atomwaffen in Belarus verhindern \u2013 Nukleare Teilhabe in der NATO beenden!"},"content":{"rendered":"<p><em>Pressemitteilung der Kampagne &#8222;B\u00fcchel ist \u00fcberall! atomwaffenfrei.jetzt&#8220; vom 27.03.2023:<\/em><\/p>\n<hr \/>\n<p>Die Kampagne \u201e<a href=\"https:\/\/www.atomwaffenfrei.de\/home.html\">B\u00fcchel ist \u00fcberall! atomwaffenfrei.jetzt<\/a>\u201c verurteilt das Vorhaben Russlands, zuk\u00fcnftig Atomwaffen in Belarus zu stationieren. Die Pr\u00e4sidenten Putin und Lukaschenko hatten nach einer belarusischen Gesetzes\u00e4nderung bereits im vergangenen Jahr entsprechende Vereinbarungen getroffen. Pr\u00e4sident Putin hat nun angek\u00fcndigt, ein Lager f\u00fcr taktische Atomwaffen w\u00fcrde im Juli diesen Jahres in Belarus fertiggestellt. Die Stationierung solcher Waffen sei keine Verletzung internationaler Vertr\u00e4ge, da die Verf\u00fcgungsgewalt \u00fcber die Atombomben in russischer Hand bleibe. Bereits ab April sollen belarusische Soldaten den Einsatz der Bomben mit atomwaffenf\u00e4higen Flugzeugen \u00fcben. Die Stationierung taktischer Atomwaffen n\u00e4her an das Gebiet der NATO heran steigert die Gefahr der Eskalation des Ukraine-Krieges in eine atomare Dimension hinein. Deshalb fordern wir Russland und Belarus auf, diese angek\u00fcndigten Ma\u00dfnahmen nicht umzusetzen.<\/p>\n<p>Spiegelbildlich argumentiert die NATO bei der nuklearen Teilhabe, gem\u00e4\u00df derer in f\u00fcnf Staaten Europas US-amerikanische Atombomben stationiert sind, die im Ernstfall von Piloten der Teilhabestaaten in die Ziele geflogen werden sollen. Dies wird im Rahmen der Steadfast-Noon-Man\u00f6ver auch von deutschen Piloten jeden Herbst ge\u00fcbt. Die Atomwaffenfrei-Kampagne hat wiederholt das Ende der nuklearen Teilhabe in der NATO und den Abzug der US-Atombomben aus B\u00fcchel gefordert. <strong>Denn mit der nuklearen Teilhabe wird nach Auffassung der Kampagne der Nichtverbreitungsvertrag f\u00fcr Atomwaffen verletzt, der nicht nur die unmittelbare, sondern auch eine mittelbare Weitergabe von Atomwaffen an Nicht-Atomwaffenstaaten verbietet. Die mittelbare Teilhabe wird zur unmittelbaren Teilhabe \u2013 sowohl in der NATO wie jetzt auch von Russland\/Belarus geplant \u2013, wenn die jeweiligen Soldaten der Teilhabestaaten die Bomben im Ernstfall in ihre Ziele fliegen<\/strong>.<\/p>\n<p>Die Kampagne <strong>fordert die Bundesregierung auf, angesichts der angek\u00fcndigten nuklearen Teilhabe von Belarus an russischen Atombomben die eigene nukleare Teilhabe zu \u00fcberdenken und aufzuk\u00fcndigen. Die Bundesregierung sollte jetzt eine Initiative starten und auf die anderen Teilhabestaaten (Italien, Niederlande, Belgien, T\u00fcrkei) einwirken, gemeinsam die nukleare Teilhabe zu beenden.<\/strong> Dies k\u00f6nnte als Angebot an Russland gerichtet werden, um parallel dessen Verzicht auf die angek\u00fcndigte Neueinrichtung einer nuklearen Teilhabe mit Belarus einzufordern. Ein neues Abkommen zwischen Russland und den USA sollte verbindlich festlegen, dass beide L\u00e4nder generell und dauerhaft darauf verzichten, Atombomben in anderen Staaten zu stationieren.<\/p>\n<div id=\"attachment_10871\" style=\"width: 4618px\" class=\"wp-caption aligncenter\"><img loading=\"lazy\" decoding=\"async\" aria-describedby=\"caption-attachment-10871\" class=\"size-full wp-image-10871\" src=\"https:\/\/www.friedenkoeln.de\/wp-content\/uploads\/2017\/05\/DSC_0298.jpg\" alt=\"Vier Menschen sitzen gut gelaunt im hohen Gras mit dem R\u00fccken zum Gittertor. Eine Frau spielt Gitarre, zwei junge Frauen in der Mitte und ein \u00e4lterer Herr mit blauer Kappe halten ein wei\u00dfes Transparent mit der Aufschrift &quot;Frieden schaffen ohne Waffen&quot; und zwei H\u00e4nden, die ein Gewehr zerbrechen, hoch.\" width=\"4608\" height=\"3072\" srcset=\"https:\/\/www.friedenkoeln.de\/wp-content\/uploads\/2017\/05\/DSC_0298.jpg 4608w, https:\/\/www.friedenkoeln.de\/wp-content\/uploads\/2017\/05\/DSC_0298-768x512.jpg 768w, https:\/\/www.friedenkoeln.de\/wp-content\/uploads\/2017\/05\/DSC_0298-1024x683.jpg 1024w\" sizes=\"auto, (max-width: 4608px) 100vw, 4608px\" \/><p id=\"caption-attachment-10871\" class=\"wp-caption-text\">Pazifist*innen blockieren am 26.5.2017 Tor 7 des Luftwaffenflughafens und Atomwaffenstandorts B\u00fcchel \/ Eifel. Foto: Stefanie Intveen.<\/p><\/div>\n","protected":false},"excerpt":{"rendered":"<p>Pressemitteilung der Kampagne &#8222;B\u00fcchel ist \u00fcberall! atomwaffenfrei.jetzt&#8220; vom 27.03.2023: Die Kampagne \u201eB\u00fcchel ist \u00fcberall! atomwaffenfrei.jetzt\u201c verurteilt das Vorhaben Russlands, zuk\u00fcnftig Atomwaffen in Belarus zu stationieren. Die Pr\u00e4sidenten Putin und Lukaschenko hatten nach einer belarusischen&#46;&#46;&#46;<\/p>\n","protected":false},"author":110,"featured_media":10871,"comment_status":"open","ping_status":"open","sticky":false,"template":"","format":"standard","meta":{"footnotes":""},"categories":[87],"tags":[33],"class_list":["post-17404","post","type-post","status-publish","format-standard","has-post-thumbnail","hentry","category-pressemitteilung","tag-atomwaffen"],"_links":{"self":[{"href":"https:\/\/www.friedenkoeln.de\/index.php?rest_route=\/wp\/v2\/posts\/17404","targetHints":{"allow":["GET"]}}],"collection":[{"href":"https:\/\/www.friedenkoeln.de\/index.php?rest_route=\/wp\/v2\/posts"}],"about":[{"href":"https:\/\/www.friedenkoeln.de\/index.php?rest_route=\/wp\/v2\/types\/post"}],"author":[{"embeddable":true,"href":"https:\/\/www.friedenkoeln.de\/index.php?rest_route=\/wp\/v2\/users\/110"}],"replies":[{"embeddable":true,"href":"https:\/\/www.friedenkoeln.de\/index.php?rest_route=%2Fwp%2Fv2%2Fcomments&post=17404"}],"version-history":[{"count":2,"href":"https:\/\/www.friedenkoeln.de\/index.php?rest_route=\/wp\/v2\/posts\/17404\/revisions"}],"predecessor-version":[{"id":17406,"href":"https:\/\/www.friedenkoeln.de\/index.php?rest_route=\/wp\/v2\/posts\/17404\/revisions\/17406"}],"wp:featuredmedia":[{"embeddable":true,"href":"https:\/\/www.friedenkoeln.de\/index.php?rest_route=\/wp\/v2\/media\/10871"}],"wp:attachment":[{"href":"https:\/\/www.friedenkoeln.de\/index.php?rest_route=%2Fwp%2Fv2%2Fmedia&parent=17404"}],"wp:term":[{"taxonomy":"category","embeddable":true,"href":"https:\/\/www.friedenkoeln.de\/index.php?rest_route=%2Fwp%2Fv2%2Fcategories&post=17404"},{"taxonomy":"post_tag","embeddable":true,"href":"https:\/\/www.friedenkoeln.de\/index.php?rest_route=%2Fwp%2Fv2%2Ftags&post=17404"}],"curies":[{"name":"wp","href":"https:\/\/api.w.org\/{rel}","templated":true}]}}