{"id":17407,"date":"2023-03-31T12:37:14","date_gmt":"2023-03-31T10:37:14","guid":{"rendered":"https:\/\/www.friedenkoeln.de\/?p=17407"},"modified":"2023-03-31T12:46:42","modified_gmt":"2023-03-31T10:46:42","slug":"mit-uns-am-4-april-2023-ins-filmhaus-koeln-hacking-justice-der-fall-assange-eine-chronik","status":"publish","type":"post","link":"https:\/\/www.friedenkoeln.de\/?p=17407","title":{"rendered":"Mit uns am 4. April 2023 ins Filmhaus K\u00f6ln: &#8222;Hacking Justice. Der Fall Assange &#8211; eine Chronik&#8220;"},"content":{"rendered":"<p><em>Herzliche Einladung:<\/em><\/p>\n<hr \/>\n<p>Wir laden herzlich zur Vorf\u00fchrung des Dokumentarfilms <strong>Hacking Justice &#8211; Der Fall Assange: eine Chronik<\/strong> ein. Der Film gibt Einblick in die Arbeit des juristischen Teams in einem der l\u00e4ngsten und wom\u00f6glich auch folgenschwersten Rechtsstreite unserer Zeit. Der Film wird auf Englisch mit deutschen Untertiteln gezeigt.<\/p>\n<p style=\"text-align: center;\"><strong>4. April 2023 20:00 Uhr<\/strong><br \/>\n<strong>Filmhaus K\u00f6ln, Maybachstra\u00dfe 111, 50670 K\u00f6ln<\/strong><\/p>\n<p style=\"text-align: center;\"><strong>HACKING JUSTICE<\/strong><\/p>\n<p style=\"text-align: center;\"><strong>DER FALL ASSANGE: EINE CHRONIK<\/strong><br \/>\n<strong>Dokumentarfilm von Clara L\u00f3pez Rubio und Juan Pancorbo <\/strong><br \/>\n<strong>D, 2021, 90 Min.<\/strong><\/p>\n<p><strong>Tickets<\/strong>: https:\/\/filmhaus-koeln.de\/film\/hacking-justice<\/p>\n<p>Veranstaltet und unterst\u00fctzt wird die Vorf\u00fchrung von Filmhaus K\u00f6ln, Free Assange K\u00f6ln, Amnesty International Bezirk K\u00f6ln, DFG-VK Gruppe K\u00f6ln.<\/p>\n<p><a href=\"https:\/\/www.friedenkoeln.de\/wp-content\/uploads\/2023\/03\/Filmhaus-hacking-Justice.jpg\" data-rel=\"lightbox-image-0\" data-rl_title=\"\" data-rl_caption=\"\" title=\"\">Flyer zum Download.<\/a><\/p>\n<div id=\"attachment_17412\" style=\"width: 416px\" class=\"wp-caption alignright\"><img loading=\"lazy\" decoding=\"async\" aria-describedby=\"caption-attachment-17412\" class=\" wp-image-17412\" src=\"https:\/\/www.friedenkoeln.de\/wp-content\/uploads\/2023\/03\/Plakat_HackingJustice_Machbach_A4-1.png\" alt=\"zwei M\u00e4nner mit wei\u00dfen Haaren sitzen nebeneinander vor einem aufgeklappten Laptop und schauen entspannt und freundlich nach vorn links. Auf dem Laptop-Deckel ein ein Aufkleber mit &quot;Stand with Snowden&quot; zu sehen.\" width=\"406\" height=\"574\" srcset=\"https:\/\/www.friedenkoeln.de\/wp-content\/uploads\/2023\/03\/Plakat_HackingJustice_Machbach_A4-1.png 701w, https:\/\/www.friedenkoeln.de\/wp-content\/uploads\/2023\/03\/Plakat_HackingJustice_Machbach_A4-1-141x200.png 141w\" sizes=\"auto, (max-width: 406px) 100vw, 406px\" \/><p id=\"caption-attachment-17412\" class=\"wp-caption-text\">Filmplakat: &#8222;Hacking Justice &#8211; Der Fall Julian Assange&#8220;<\/p><\/div>\n<p style=\"text-align: left;\">Aktivist und Agitator oder bedrohter Journalist? F\u00fcr Journalisten- und Menschenrechtsorganisationen gibt es keinen Zweifel: vor den britischen Gerichten wird nicht nur \u00fcber das Schicksal von Julian Assange entschieden, sondern \u00fcber die Zukunft des investigativen Journalismus.<\/p>\n<p style=\"text-align: left;\">Wenn Julian Assange schlie\u00dflich an die Vereinigten Staaten ausgeliefert wird, drohen dem Gr\u00fcnder von WikiLeaks bis zu 175 Jahre Haft wegen der Ver\u00f6ffentlichung geheimer Dokumente. F\u00fcr seinen Anwalt, den weltweit bekannten ehemaligen Richter Baltasar Garz\u00f3n, steht weit mehr als die Freiheit eines Herausgebers auf dem Spiel. Der Chef des juristischen Teams von Assange warnt: der wachsende Einfluss der Geheimdienste gef\u00e4hrdet die Informationsfreiheit und damit die Demokratie.<\/p>\n","protected":false},"excerpt":{"rendered":"<p>Herzliche Einladung: Wir laden herzlich zur Vorf\u00fchrung des Dokumentarfilms Hacking Justice &#8211; Der Fall Assange: eine Chronik ein. Der Film gibt Einblick in die Arbeit des juristischen Teams in einem der l\u00e4ngsten und wom\u00f6glich&#46;&#46;&#46;<\/p>\n","protected":false},"author":110,"featured_media":17412,"comment_status":"open","ping_status":"open","sticky":false,"template":"","format":"standard","meta":{"footnotes":""},"categories":[104],"tags":[182,99,165],"class_list":["post-17407","post","type-post","status-publish","format-standard","has-post-thumbnail","hentry","category-ankuendigung","tag-meinungsfreiheit","tag-menschenrechte","tag-pressefreiheit"],"_links":{"self":[{"href":"https:\/\/www.friedenkoeln.de\/index.php?rest_route=\/wp\/v2\/posts\/17407","targetHints":{"allow":["GET"]}}],"collection":[{"href":"https:\/\/www.friedenkoeln.de\/index.php?rest_route=\/wp\/v2\/posts"}],"about":[{"href":"https:\/\/www.friedenkoeln.de\/index.php?rest_route=\/wp\/v2\/types\/post"}],"author":[{"embeddable":true,"href":"https:\/\/www.friedenkoeln.de\/index.php?rest_route=\/wp\/v2\/users\/110"}],"replies":[{"embeddable":true,"href":"https:\/\/www.friedenkoeln.de\/index.php?rest_route=%2Fwp%2Fv2%2Fcomments&post=17407"}],"version-history":[{"count":5,"href":"https:\/\/www.friedenkoeln.de\/index.php?rest_route=\/wp\/v2\/posts\/17407\/revisions"}],"predecessor-version":[{"id":17414,"href":"https:\/\/www.friedenkoeln.de\/index.php?rest_route=\/wp\/v2\/posts\/17407\/revisions\/17414"}],"wp:featuredmedia":[{"embeddable":true,"href":"https:\/\/www.friedenkoeln.de\/index.php?rest_route=\/wp\/v2\/media\/17412"}],"wp:attachment":[{"href":"https:\/\/www.friedenkoeln.de\/index.php?rest_route=%2Fwp%2Fv2%2Fmedia&parent=17407"}],"wp:term":[{"taxonomy":"category","embeddable":true,"href":"https:\/\/www.friedenkoeln.de\/index.php?rest_route=%2Fwp%2Fv2%2Fcategories&post=17407"},{"taxonomy":"post_tag","embeddable":true,"href":"https:\/\/www.friedenkoeln.de\/index.php?rest_route=%2Fwp%2Fv2%2Ftags&post=17407"}],"curies":[{"name":"wp","href":"https:\/\/api.w.org\/{rel}","templated":true}]}}