{"id":17417,"date":"2023-04-15T09:57:06","date_gmt":"2023-04-15T07:57:06","guid":{"rendered":"https:\/\/www.friedenkoeln.de\/?p=17417"},"modified":"2023-04-16T15:44:45","modified_gmt":"2023-04-16T13:44:45","slug":"nachruf-auf-unsere-friedensfreundin-ursula-forner","status":"publish","type":"post","link":"https:\/\/www.friedenkoeln.de\/?p=17417","title":{"rendered":"Nachruf auf unsere Friedensfreundin Ursula Forner"},"content":{"rendered":"<p><em>Ein Nachruf von Klaus M\u00fcller vom 20.3.2023:<\/em><\/p>\n<hr \/>\n<div id=\"attachment_16527\" style=\"width: 523px\" class=\"wp-caption alignleft\"><img loading=\"lazy\" decoding=\"async\" aria-describedby=\"caption-attachment-16527\" class=\" wp-image-16527\" src=\"https:\/\/www.friedenkoeln.de\/wp-content\/uploads\/2021\/01\/21__atomwaffenverbotsvertrag_koeln_20210122_mb.jpg\" alt=\"Eine alte Dame in dunkelgrauem Wollmantel und lilafarbener Filzm\u00fctze st\u00fctzt sich leicht auf den Griff eines Rollators, w\u00e4hrend sie strahlend einen fr\u00f6hlich-bunten Blumenstrau\u00df in der Hand h\u00e4lt.\" width=\"513\" height=\"342\" srcset=\"https:\/\/www.friedenkoeln.de\/wp-content\/uploads\/2021\/01\/21__atomwaffenverbotsvertrag_koeln_20210122_mb.jpg 2048w, https:\/\/www.friedenkoeln.de\/wp-content\/uploads\/2021\/01\/21__atomwaffenverbotsvertrag_koeln_20210122_mb-200x133.jpg 200w, https:\/\/www.friedenkoeln.de\/wp-content\/uploads\/2021\/01\/21__atomwaffenverbotsvertrag_koeln_20210122_mb-768x512.jpg 768w, https:\/\/www.friedenkoeln.de\/wp-content\/uploads\/2021\/01\/21__atomwaffenverbotsvertrag_koeln_20210122_mb-1536x1024.jpg 1536w\" sizes=\"auto, (max-width: 513px) 100vw, 513px\" \/><p id=\"caption-attachment-16527\" class=\"wp-caption-text\">Ursula Forner feiert ihren 85. Geburtstag und das Inkrafttreten des Atomwaffenverbotsvertrags am 22.1.2021, Alter Markt, K\u00f6ln. Foto: Martin Bauer (R-mediabase)<\/p><\/div>\n<p class=\"p1\">Ursula Forner ist gestorben<\/p>\n<p>Traurig m\u00fcssen wir Abschied nehmen von Ursula Forner, unserer langj\u00e4hrigen Friedensfreundin und bis zuletzt aktiv im Arbeitskreis Hiroshima-Nagasaki im K\u00f6lner Friedensforum.<\/p>\n<p class=\"p1\">Schon seit einiger Zeit, nach einem Sturz in der Wohnung, ging es ihr zunehmend schlechter.<\/p>\n<p class=\"p1\">Noch vor einer Woche besuchten wir Ursula in der Kurzzeitpflege. Sie begr\u00fc\u00dfte uns mit gro\u00dfer Freude. Viel Mut haben wir ihr zugesprochen. Aber sie schien uns schon sehr schwach zu sein. Heute (20. M\u00e4rz 2023) erreichte uns dann die traurige Nachricht von ihrem Tod.<\/p>\n<p class=\"p1\">Liebe Ursula, in unseren Herzen wirst Du weiter bei uns sein. M\u00f6gest Du nun ruhen im Frieden der Unendlichkeit des Seins.<\/p>\n<p class=\"p1\">Mach&#8217;s gut, liebe Friedensfreundin!<\/p>\n<hr \/>\n<p><img loading=\"lazy\" decoding=\"async\" class=\"wp-image-17421 alignright\" src=\"https:\/\/www.friedenkoeln.de\/wp-content\/uploads\/2023\/04\/1A186509-0DFC-4965-99A1-F6A2459CCA5A.jpeg\" alt=\"Traueranzeige in einer Zeitung. Eine strahlend l\u00e4chelnde \u00e4ltere Dame. Wei\u00dfe Tauben und ein Origami-Kranich symbolisieren Frieden.\" width=\"306\" height=\"198\" srcset=\"https:\/\/www.friedenkoeln.de\/wp-content\/uploads\/2023\/04\/1A186509-0DFC-4965-99A1-F6A2459CCA5A.jpeg 1024w, https:\/\/www.friedenkoeln.de\/wp-content\/uploads\/2023\/04\/1A186509-0DFC-4965-99A1-F6A2459CCA5A-200x129.jpeg 200w, https:\/\/www.friedenkoeln.de\/wp-content\/uploads\/2023\/04\/1A186509-0DFC-4965-99A1-F6A2459CCA5A-768x497.jpeg 768w\" sizes=\"auto, (max-width: 306px) 100vw, 306px\" \/><\/p>\n<p><em>U<\/em><em>rsula Forner wurde am 14.4.2023 auf dem Nordfriedhof in K\u00f6ln beigesetzt.<\/em><\/p>\n","protected":false},"excerpt":{"rendered":"<p>Ein Nachruf von Klaus M\u00fcller vom 20.3.2023: Ursula Forner ist gestorben Traurig m\u00fcssen wir Abschied nehmen von Ursula Forner, unserer langj\u00e4hrigen Friedensfreundin und bis zuletzt aktiv im Arbeitskreis Hiroshima-Nagasaki im K\u00f6lner Friedensforum. Schon seit&#46;&#46;&#46;<\/p>\n","protected":false},"author":110,"featured_media":16527,"comment_status":"open","ping_status":"open","sticky":false,"template":"","format":"standard","meta":{"footnotes":""},"categories":[227],"tags":[112,34],"class_list":["post-17417","post","type-post","status-publish","format-standard","has-post-thumbnail","hentry","category-nachruf","tag-atomwaffenverbotsvertrag","tag-hiroshima"],"_links":{"self":[{"href":"https:\/\/www.friedenkoeln.de\/index.php?rest_route=\/wp\/v2\/posts\/17417","targetHints":{"allow":["GET"]}}],"collection":[{"href":"https:\/\/www.friedenkoeln.de\/index.php?rest_route=\/wp\/v2\/posts"}],"about":[{"href":"https:\/\/www.friedenkoeln.de\/index.php?rest_route=\/wp\/v2\/types\/post"}],"author":[{"embeddable":true,"href":"https:\/\/www.friedenkoeln.de\/index.php?rest_route=\/wp\/v2\/users\/110"}],"replies":[{"embeddable":true,"href":"https:\/\/www.friedenkoeln.de\/index.php?rest_route=%2Fwp%2Fv2%2Fcomments&post=17417"}],"version-history":[{"count":6,"href":"https:\/\/www.friedenkoeln.de\/index.php?rest_route=\/wp\/v2\/posts\/17417\/revisions"}],"predecessor-version":[{"id":17424,"href":"https:\/\/www.friedenkoeln.de\/index.php?rest_route=\/wp\/v2\/posts\/17417\/revisions\/17424"}],"wp:featuredmedia":[{"embeddable":true,"href":"https:\/\/www.friedenkoeln.de\/index.php?rest_route=\/wp\/v2\/media\/16527"}],"wp:attachment":[{"href":"https:\/\/www.friedenkoeln.de\/index.php?rest_route=%2Fwp%2Fv2%2Fmedia&parent=17417"}],"wp:term":[{"taxonomy":"category","embeddable":true,"href":"https:\/\/www.friedenkoeln.de\/index.php?rest_route=%2Fwp%2Fv2%2Fcategories&post=17417"},{"taxonomy":"post_tag","embeddable":true,"href":"https:\/\/www.friedenkoeln.de\/index.php?rest_route=%2Fwp%2Fv2%2Ftags&post=17417"}],"curies":[{"name":"wp","href":"https:\/\/api.w.org\/{rel}","templated":true}]}}