{"id":17438,"date":"2023-05-01T19:50:52","date_gmt":"2023-05-01T17:50:52","guid":{"rendered":"https:\/\/www.friedenkoeln.de\/?p=17438"},"modified":"2023-05-01T21:33:20","modified_gmt":"2023-05-01T19:33:20","slug":"welttag-der-pressefreiheit-kundgebung-3-5-2023-mit-andrej-hunko-und-shelly-quest-in-koeln","status":"publish","type":"post","link":"https:\/\/www.friedenkoeln.de\/?p=17438","title":{"rendered":"Welttag der Pressefreiheit: Kundgebung 3.5.2023 mit Andrej Hunko und Shelly Quest in K\u00f6ln"},"content":{"rendered":"<p><em>Pressemitteilung der DFG-VK Gruppe K\u00f6ln (<a href=\"https:\/\/www.friedenkoeln.de\/wp-content\/uploads\/2023\/05\/DFG-VK-Gruppe-Koeln_PM_Pressefreiheit_20230501_final.pdf\">pdf zum Download<\/a>):<\/em><\/p>\n<hr \/>\n<p><em>K\u00f6ln, 1.5.2023.<\/em> Die Deutsche Friedensgesellschaft &#8211; Vereinigte KriegsdienstgegnerInnen e. V. (DFG-VK) Gruppe K\u00f6ln l\u00e4dt zum Welttag der Pressefreiheit am 3.5.2023 um 17 Uhr zu einer Kundgebung auf den Bahnhofsvorplatz in K\u00f6ln ein. Zu Gast ist der Bundestagsabgeordnete und Mitglied der Parlamentarischen Versammlung des Europarats Andrej Hunko. Die Musikproduzentin, K\u00fcnstlerin und Rapperin Shelly Quest sorgt f\u00fcr die musikalische Begleitung.<\/p>\n<p>Gruppenmitglied Thespina Lazaridu erl\u00e4uterte, die DFG-VK st\u00fctze sich auf die diesj\u00e4hrige Botschaft des UN-Generalsekret\u00e4rs der Vereinten Nationen, Antonio Guterres, zum Tag der Pressefreiheit:<\/p>\n<blockquote><p>Die Pressefreiheit ist das Fundament, auf dem Demokratie und Gerechtigkeit ruhen. Sie gibt uns allen die Fakten an die Hand, die wir brauchen, um unsere Meinung zu bilden und die M\u00e4chtigen mit der Wahrheit zu konfrontieren. Das diesj\u00e4hrige Motto des Tages erinnert uns daran, dass die Menschenrechte ohne Pressefreiheit nicht zu verwirklichen sind.<\/p><\/blockquote>\n<p>Lazaridu k\u00fcndigte an, man werde der mutigen Journalistinnen und Journalisten, die in Aus\u00fcbung ihres Berufes get\u00f6tet worden seien, mit einer Schweigeminute gedenken, und erg\u00e4nzte:<\/p>\n<blockquote><p>Wir gedenken all derjenigen, die auch an diesem Tag Repressalien erleiden wegen ihrer aufkl\u00e4renden Arbeit. Insbesondere erinnern wir an Julian Assange, der bereits vier Jahre ohne Verurteilung in einem britischen Hochsicherheitsgef\u00e4ngnis gefangen gehalten wird und seiner Auslieferung an die USA entgegensieht. Dort drohen dem Journalisten und Publizisten 175 Jahre Gef\u00e4ngnis wegen der Ver\u00f6ffentlichung von Kriegsverbrechen.<\/p><\/blockquote>\n<div id=\"attachment_14387\" style=\"width: 287px\" class=\"wp-caption alignright\"><img loading=\"lazy\" decoding=\"async\" aria-describedby=\"caption-attachment-14387\" class=\" wp-image-14387\" src=\"https:\/\/www.friedenkoeln.de\/wp-content\/uploads\/2019\/11\/RUEDA_DE_PRENSA_CONJUNTA_ENTRE_CANCILLER_RICARDO_PATI\u00d1O_Y_JULIAN_ASSANGE_-_14953880621.jpg\" alt=\"Ein Mann mit fast wei\u00dfen l\u00e4ngeren Haaren und hohen Geheimratsecken, d\u00fcnnem wei\u00dfen Kinnbart und etwas dunklerem Schnurrbart spricht engagiert mit offenen H\u00e4nden mit seinem au\u00dferhalb des Bildes befindlichen Gegen\u00fcber. Der Mann tr\u00e4gt ein graues sportliches Hemd und ein schwarzes Sakko. Er befindet sich in einem Raum mit dicht zugezogenen, pr\u00e4chtigen Vorh\u00e4ngen hinter ihm.\" width=\"277\" height=\"389\" srcset=\"https:\/\/www.friedenkoeln.de\/wp-content\/uploads\/2019\/11\/RUEDA_DE_PRENSA_CONJUNTA_ENTRE_CANCILLER_RICARDO_PATI\u00d1O_Y_JULIAN_ASSANGE_-_14953880621.jpg 3744w, https:\/\/www.friedenkoeln.de\/wp-content\/uploads\/2019\/11\/RUEDA_DE_PRENSA_CONJUNTA_ENTRE_CANCILLER_RICARDO_PATI\u00d1O_Y_JULIAN_ASSANGE_-_14953880621-107x150.jpg 107w, https:\/\/www.friedenkoeln.de\/wp-content\/uploads\/2019\/11\/RUEDA_DE_PRENSA_CONJUNTA_ENTRE_CANCILLER_RICARDO_PATI\u00d1O_Y_JULIAN_ASSANGE_-_14953880621-768x1080.jpg 768w\" sizes=\"auto, (max-width: 277px) 100vw, 277px\" \/><p id=\"caption-attachment-14387\" class=\"wp-caption-text\">Julian Assange, 18.8.2014, in der Botschaft von Ecuador in London. Foto: David G. Silvers, Canciller\u00eda del Ecuador (CC BY-SA 2.0).<\/p><\/div>\n<p>Sie f\u00fcgte hinzu, dass die DFG-VK Gruppe K\u00f6ln die sofortige Freilassung von Julian Assange fordere, zusammen mit Reporter ohne Grenzen, dem Deutschen Journalisten-Verband<br \/>\nLandesverband NRW, der Deutschen Journalistinnen- und Journalisten-Union\u00a0in der Gewerkschaft\u00a0ver.di und 17 weiteren europ\u00e4ischen Journalistinnen- und Journalistengewerkschaften.<\/p>\n<p>Antonio Guterres mahnte in seiner Botschaft:<\/p>\n<blockquote><p>Journalistisch t\u00e4tige Menschen d\u00fcrfen nicht l\u00e4nger festgenommen und inhaftiert werden, weil sie ihre Arbeit tun. L\u00fcgen und Desinformation muss ein Ende gesetzt werden. Die Wahrheit und diejenigen, die die Wahrheit sagen, d\u00fcrfen nicht l\u00e4nger Zielscheibe sein.<\/p><\/blockquote>\n<p>Die K\u00f6lner Friedensgruppe, so Thespina Lazaridu, halte die Pressefreiheit f\u00fcr einen wichtigen Baustein zur Bewahrung des Friedens; auch daher setze sie sich daf\u00fcr ein.<\/p>\n<hr \/>\n<p><em>Pressekontakt: <\/em><\/p>\n<p><em>Thespina Lazaridu, Tel. 0177 6943103<\/em><br \/>\n<em>Stefanie Intveen, Tel. 01515 6094920<\/em><\/p>\n","protected":false},"excerpt":{"rendered":"<p>Pressemitteilung der DFG-VK Gruppe K\u00f6ln (pdf zum Download): K\u00f6ln, 1.5.2023. Die Deutsche Friedensgesellschaft &#8211; Vereinigte KriegsdienstgegnerInnen e. V. (DFG-VK) Gruppe K\u00f6ln l\u00e4dt zum Welttag der Pressefreiheit am 3.5.2023 um 17 Uhr zu einer Kundgebung&#46;&#46;&#46;<\/p>\n","protected":false},"author":110,"featured_media":14387,"comment_status":"open","ping_status":"open","sticky":false,"template":"","format":"standard","meta":{"footnotes":""},"categories":[87],"tags":[165],"class_list":["post-17438","post","type-post","status-publish","format-standard","has-post-thumbnail","hentry","category-pressemitteilung","tag-pressefreiheit"],"_links":{"self":[{"href":"https:\/\/www.friedenkoeln.de\/index.php?rest_route=\/wp\/v2\/posts\/17438","targetHints":{"allow":["GET"]}}],"collection":[{"href":"https:\/\/www.friedenkoeln.de\/index.php?rest_route=\/wp\/v2\/posts"}],"about":[{"href":"https:\/\/www.friedenkoeln.de\/index.php?rest_route=\/wp\/v2\/types\/post"}],"author":[{"embeddable":true,"href":"https:\/\/www.friedenkoeln.de\/index.php?rest_route=\/wp\/v2\/users\/110"}],"replies":[{"embeddable":true,"href":"https:\/\/www.friedenkoeln.de\/index.php?rest_route=%2Fwp%2Fv2%2Fcomments&post=17438"}],"version-history":[{"count":6,"href":"https:\/\/www.friedenkoeln.de\/index.php?rest_route=\/wp\/v2\/posts\/17438\/revisions"}],"predecessor-version":[{"id":17445,"href":"https:\/\/www.friedenkoeln.de\/index.php?rest_route=\/wp\/v2\/posts\/17438\/revisions\/17445"}],"wp:featuredmedia":[{"embeddable":true,"href":"https:\/\/www.friedenkoeln.de\/index.php?rest_route=\/wp\/v2\/media\/14387"}],"wp:attachment":[{"href":"https:\/\/www.friedenkoeln.de\/index.php?rest_route=%2Fwp%2Fv2%2Fmedia&parent=17438"}],"wp:term":[{"taxonomy":"category","embeddable":true,"href":"https:\/\/www.friedenkoeln.de\/index.php?rest_route=%2Fwp%2Fv2%2Fcategories&post=17438"},{"taxonomy":"post_tag","embeddable":true,"href":"https:\/\/www.friedenkoeln.de\/index.php?rest_route=%2Fwp%2Fv2%2Ftags&post=17438"}],"curies":[{"name":"wp","href":"https:\/\/api.w.org\/{rel}","templated":true}]}}