{"id":17459,"date":"2023-05-16T17:35:09","date_gmt":"2023-05-16T15:35:09","guid":{"rendered":"https:\/\/www.friedenkoeln.de\/?p=17459"},"modified":"2023-05-16T17:37:55","modified_gmt":"2023-05-16T15:37:55","slug":"ueber-frieden-sprechen-aber-wie","status":"publish","type":"post","link":"https:\/\/www.friedenkoeln.de\/?p=17459","title":{"rendered":"\u00dcber Frieden sprechen, aber wie?"},"content":{"rendered":"<p><a href=\"https:\/\/www.friedenkoeln.de\/wp-content\/uploads\/2023\/05\/Ueber-Frieden-sprechen-aber-wie.pdf\" target=\"_blank\" rel=\"noopener\"><img loading=\"lazy\" decoding=\"async\" class=\"alignright wp-image-17463 \" src=\"https:\/\/www.friedenkoeln.de\/wp-content\/uploads\/2023\/05\/Ueber-Frieden-sprechen-500x500.png\" alt=\"\u00dcber Frieden sprechen, aber wie? - Impulse f\u00fcr das Gespr\u00e4ch\" width=\"294\" height=\"294\" srcset=\"https:\/\/www.friedenkoeln.de\/wp-content\/uploads\/2023\/05\/Ueber-Frieden-sprechen-500x500.png 500w, https:\/\/www.friedenkoeln.de\/wp-content\/uploads\/2023\/05\/Ueber-Frieden-sprechen-80x80.png 80w, https:\/\/www.friedenkoeln.de\/wp-content\/uploads\/2023\/05\/Ueber-Frieden-sprechen-320x320.png 320w\" sizes=\"auto, (max-width: 294px) 100vw, 294px\" \/><\/a>Krieg mit seiner ganzen chaotischen Gewalt behindert und verhindert das Gespr\u00e4ch. Blickwinkel verengen sich, Positionen polarisieren sich, Gespr\u00e4che werden insgesamt schwieriger. Und doch f\u00fchrt kein Weg am Gespr\u00e4ch vorbei: an Friedensgespr\u00e4chen, aber auch an Gespr\u00e4chen zwischen allen beteiligten gesellschaftlichen Akteuren. Wie kann man in Kriegszeiten \u00fcber Frieden sprechen?<\/p>\n<p>Unter dem Titel &#8222;\u00dcber Frieden sprechen, aber wie&#8220; legen f\u00fcnf deutsche Organisationen der zivilen Konfliktbearbeitung und Friedensarbeit acht lesenswerte &#8222;Impulse f\u00fcr die deutsche Debatte zum Krieg gegen die Ukraine&#8220; vor. Ausgangspunkte dieser Impulse sind:<\/p>\n<blockquote><p>die Sorge,<br \/>\ndass Solidarit\u00e4t und Hilfsbereitschaft f\u00fcr die Menschen in der Ukraine schwinden,<br \/>\nin der hochgradig polarisierten deutschen Debatte \u00fcber den Krieg der gegenseitige Respekt f\u00fcr unterschiedliche Perspektiven verloren\u00a0 geht und Engagement f\u00fcr Frieden zunehmend diskreditiert wird,<br \/>\nder Fokus auf das Milit\u00e4rische dazu f\u00fchrt, dass andere Handlungsoptionen zu wenig Aufmerksamkeit erhalten, die Zivilgesellschaft im Krieg kaum Beachtung findet und Spielr\u00e4ume f\u00fcr Diplomatie nicht ausreichend genutzt werden.<\/p><\/blockquote>\n<p>Der komplette Text steht hier als pdf-Datei zum Download bereit (<a href=\"https:\/\/www.friedenkoeln.de\/wp-content\/uploads\/2023\/05\/Ueber-Frieden-sprechen-aber-wie.pdf\" target=\"_blank\" rel=\"noopener\">einfach hierher oder in das Bild klicken<\/a>)<\/p>\n","protected":false},"excerpt":{"rendered":"<p>Krieg mit seiner ganzen chaotischen Gewalt behindert und verhindert das Gespr\u00e4ch. Blickwinkel verengen sich, Positionen polarisieren sich, Gespr\u00e4che werden insgesamt schwieriger. Und doch f\u00fchrt kein Weg am Gespr\u00e4ch vorbei: an Friedensgespr\u00e4chen, aber auch an&#46;&#46;&#46;<\/p>\n","protected":false},"author":109,"featured_media":17463,"comment_status":"open","ping_status":"open","sticky":false,"template":"","format":"standard","meta":{"footnotes":""},"categories":[105],"tags":[133,90,32,4],"class_list":["post-17459","post","type-post","status-publish","format-standard","has-post-thumbnail","hentry","category-bericht","tag-diplomatie","tag-friedensverhandlung","tag-information-diskussion","tag-zivile-konfliktloesung"],"_links":{"self":[{"href":"https:\/\/www.friedenkoeln.de\/index.php?rest_route=\/wp\/v2\/posts\/17459","targetHints":{"allow":["GET"]}}],"collection":[{"href":"https:\/\/www.friedenkoeln.de\/index.php?rest_route=\/wp\/v2\/posts"}],"about":[{"href":"https:\/\/www.friedenkoeln.de\/index.php?rest_route=\/wp\/v2\/types\/post"}],"author":[{"embeddable":true,"href":"https:\/\/www.friedenkoeln.de\/index.php?rest_route=\/wp\/v2\/users\/109"}],"replies":[{"embeddable":true,"href":"https:\/\/www.friedenkoeln.de\/index.php?rest_route=%2Fwp%2Fv2%2Fcomments&post=17459"}],"version-history":[{"count":5,"href":"https:\/\/www.friedenkoeln.de\/index.php?rest_route=\/wp\/v2\/posts\/17459\/revisions"}],"predecessor-version":[{"id":17466,"href":"https:\/\/www.friedenkoeln.de\/index.php?rest_route=\/wp\/v2\/posts\/17459\/revisions\/17466"}],"wp:featuredmedia":[{"embeddable":true,"href":"https:\/\/www.friedenkoeln.de\/index.php?rest_route=\/wp\/v2\/media\/17463"}],"wp:attachment":[{"href":"https:\/\/www.friedenkoeln.de\/index.php?rest_route=%2Fwp%2Fv2%2Fmedia&parent=17459"}],"wp:term":[{"taxonomy":"category","embeddable":true,"href":"https:\/\/www.friedenkoeln.de\/index.php?rest_route=%2Fwp%2Fv2%2Fcategories&post=17459"},{"taxonomy":"post_tag","embeddable":true,"href":"https:\/\/www.friedenkoeln.de\/index.php?rest_route=%2Fwp%2Fv2%2Ftags&post=17459"}],"curies":[{"name":"wp","href":"https:\/\/api.w.org\/{rel}","templated":true}]}}