{"id":17518,"date":"2023-06-05T11:45:08","date_gmt":"2023-06-05T09:45:08","guid":{"rendered":"https:\/\/www.friedenkoeln.de\/?p=17518"},"modified":"2023-06-05T11:56:50","modified_gmt":"2023-06-05T09:56:50","slug":"vormerken-fuer-8-juli-2023-in-koeln-queer-feministische-aussenpolitik-chance-fuer-frieden-und-menschenrechte-oder-kriegspropaganda-und-doppelmoral","status":"publish","type":"post","link":"https:\/\/www.friedenkoeln.de\/?p=17518","title":{"rendered":"Vormerken f\u00fcr 8. Juli 2023 in K\u00f6ln: Queer-Feministische Au\u00dfenpolitik &#8211; Chance f\u00fcr Frieden und Menschenrechte oder Kriegspropaganda und Doppelmoral?"},"content":{"rendered":"<p><em>Wir laden herzlich ein:<\/em><\/p>\n<hr \/>\n<p style=\"text-align: center;\">Podiumsdiskussion zum Thema<\/p>\n<p style=\"text-align: center;\"><strong>Queer-Feministische Au\u00dfenpolitik: <\/strong><br \/>\n<strong>Chance f\u00fcr Frieden und Menschenrechte oder Kriegspropaganda und Doppelmoral?<\/strong><\/p>\n<p style=\"text-align: center;\">mit<\/p>\n<p style=\"text-align: center;\"><strong>Jessica B\u00f6hner<\/strong><\/p>\n<p style=\"text-align: center;\">(Medien und PR-Expertin, ehem. Bundesvorstand Amnesty international Deutschland),<\/p>\n<p style=\"text-align: center;\"><strong>Kathrin Vogler<\/strong><\/p>\n<p style=\"text-align: center;\">(MdB Die Linke, queerpolitische Sprecherin und stellv. Vorsitzende der Deutsch-Ukrainischen Parlamentariergruppe) und<\/p>\n<p style=\"text-align: center;\"><strong>Dr. Lale Akg\u00fcn<\/strong><\/p>\n<p style=\"text-align: center;\">(ehem. MdB SPD, Frauenrechtlerin und Buchautorin),<\/p>\n<p style=\"text-align: center;\">moderiert von<\/p>\n<p style=\"text-align: center;\"><strong>Timon Delawari<\/strong><\/p>\n<p style=\"text-align: center;\">(Historiker, Sprecher DFG-VK Gruppe K\u00f6ln, Kommunalpolitiker und ehem. Bundesvorstand des Lesben- und Schwulenverband in Deutschland, LSVD)<\/p>\n<p style=\"text-align: center;\">auf der &#8222;Politurb\u00fchne&#8220; des ColognePride e. V., Alter Markt, K\u00f6ln<\/p>\n<p style=\"text-align: center;\">am <strong>Christopher-Street-Day-Samstag, den 8.7.2023, 17:45 &#8211; 18:15 Uhr<\/strong><\/p>\n<p style=\"text-align: center;\"><strong><img loading=\"lazy\" decoding=\"async\" class=\"alignnone size-full wp-image-17521\" src=\"https:\/\/www.friedenkoeln.de\/wp-content\/uploads\/2023\/06\/22B5067D-29EC-47BF-AFEE-98333273953E.png\" alt=\"Logo &quot;Cologne Pride&quot;\" width=\"1890\" height=\"591\" srcset=\"https:\/\/www.friedenkoeln.de\/wp-content\/uploads\/2023\/06\/22B5067D-29EC-47BF-AFEE-98333273953E.png 1890w, https:\/\/www.friedenkoeln.de\/wp-content\/uploads\/2023\/06\/22B5067D-29EC-47BF-AFEE-98333273953E-200x63.png 200w, https:\/\/www.friedenkoeln.de\/wp-content\/uploads\/2023\/06\/22B5067D-29EC-47BF-AFEE-98333273953E-768x240.png 768w, https:\/\/www.friedenkoeln.de\/wp-content\/uploads\/2023\/06\/22B5067D-29EC-47BF-AFEE-98333273953E-1536x480.png 1536w\" sizes=\"auto, (max-width: 1890px) 100vw, 1890px\" \/><\/strong><\/p>\n","protected":false},"excerpt":{"rendered":"<p>Wir laden herzlich ein: Podiumsdiskussion zum Thema Queer-Feministische Au\u00dfenpolitik: Chance f\u00fcr Frieden und Menschenrechte oder Kriegspropaganda und Doppelmoral? mit Jessica B\u00f6hner (Medien und PR-Expertin, ehem. Bundesvorstand Amnesty international Deutschland), Kathrin Vogler (MdB Die Linke,&#46;&#46;&#46;<\/p>\n","protected":false},"author":110,"featured_media":17523,"comment_status":"open","ping_status":"open","sticky":false,"template":"","format":"standard","meta":{"footnotes":""},"categories":[104],"tags":[210,99],"class_list":["post-17518","post","type-post","status-publish","format-standard","has-post-thumbnail","hentry","category-ankuendigung","tag-feminismus","tag-menschenrechte"],"_links":{"self":[{"href":"https:\/\/www.friedenkoeln.de\/index.php?rest_route=\/wp\/v2\/posts\/17518","targetHints":{"allow":["GET"]}}],"collection":[{"href":"https:\/\/www.friedenkoeln.de\/index.php?rest_route=\/wp\/v2\/posts"}],"about":[{"href":"https:\/\/www.friedenkoeln.de\/index.php?rest_route=\/wp\/v2\/types\/post"}],"author":[{"embeddable":true,"href":"https:\/\/www.friedenkoeln.de\/index.php?rest_route=\/wp\/v2\/users\/110"}],"replies":[{"embeddable":true,"href":"https:\/\/www.friedenkoeln.de\/index.php?rest_route=%2Fwp%2Fv2%2Fcomments&post=17518"}],"version-history":[{"count":3,"href":"https:\/\/www.friedenkoeln.de\/index.php?rest_route=\/wp\/v2\/posts\/17518\/revisions"}],"predecessor-version":[{"id":17522,"href":"https:\/\/www.friedenkoeln.de\/index.php?rest_route=\/wp\/v2\/posts\/17518\/revisions\/17522"}],"wp:featuredmedia":[{"embeddable":true,"href":"https:\/\/www.friedenkoeln.de\/index.php?rest_route=\/wp\/v2\/media\/17523"}],"wp:attachment":[{"href":"https:\/\/www.friedenkoeln.de\/index.php?rest_route=%2Fwp%2Fv2%2Fmedia&parent=17518"}],"wp:term":[{"taxonomy":"category","embeddable":true,"href":"https:\/\/www.friedenkoeln.de\/index.php?rest_route=%2Fwp%2Fv2%2Fcategories&post=17518"},{"taxonomy":"post_tag","embeddable":true,"href":"https:\/\/www.friedenkoeln.de\/index.php?rest_route=%2Fwp%2Fv2%2Ftags&post=17518"}],"curies":[{"name":"wp","href":"https:\/\/api.w.org\/{rel}","templated":true}]}}