{"id":17531,"date":"2023-06-12T11:15:01","date_gmt":"2023-06-12T09:15:01","guid":{"rendered":"https:\/\/www.friedenkoeln.de\/?p=17531"},"modified":"2023-06-12T11:21:53","modified_gmt":"2023-06-12T09:21:53","slug":"der-konflikt-zwischen-den-usa-und-der-vr-china-und-die-positionen-in-der-bundesregierung-hierzu-friedensgesellschaft-laedt-zu-vortrag-und-diskussion-in-koeln-ein","status":"publish","type":"post","link":"https:\/\/www.friedenkoeln.de\/?p=17531","title":{"rendered":"Der Konflikt zwischen den USA und der VR China &#8211; Einladung zu Vortrag und Diskussion in K\u00f6ln"},"content":{"rendered":"<p><em><a href=\"https:\/\/www.friedenkoeln.de\/wp-content\/uploads\/2023\/06\/DFG-VK-Gruppe-Koeln_PM_USA-China_Vortrag-Dillmann_20230612.pdf\">Pressemitteilung<\/a> der DFG-VK Gruppe K\u00f6ln<\/em><\/p>\n<hr \/>\n<h4>Der Konflikt zwischen den USA und der VR China und die Positionen in der Bundesregierung hierzu &#8211; Friedensgesellschaft l\u00e4dt zu Vortrag und Diskussion in K\u00f6ln ein<\/h4>\n<p><em>K\u00f6ln, den 12. Juni 2023.<\/em> Die Deutsche Friedensgesellschaft &#8211; Vereinigte KriegsdienstgegnerInnen e. V. (DFG-VK) Gruppe K\u00f6ln warnt vor einer weiteren Versch\u00e4rfung der Auseinandersetzungen um Taiwan und die Seegrenzen der Volksrepublik China und l\u00e4dt zu einer Informations- und Diskussionsveranstaltung mit der Sinologin Renate Dillmann am 14.6.2023 in die Alte Feuerwache K\u00f6ln ein.<\/p>\n<p>Die K\u00f6lner DFG-VK-Gruppe verweist auf die Beinahe-Kollision des US-amerikanischen Zerst\u00f6rers USS Chung-Hoon mit einem chinesischen Kriegsschiff vor der chinesischen K\u00fcste am 3. Juni 2023. Aus Sicht der Volksrepublik China tr\u00fcgen auch Besuche von Bundestagsabgeordneten in Taiwan zu den internationalen Spannungen bei, erl\u00e4utert ein Sprecher der Friedensgesellschaft. Dieses Wochenende habe die Republik Honduras seine diplomatischen Beziehungen mit Taiwan abgebrochen und als einer der letzten Staaten der Erde in China eine Botschaft er\u00f6ffnet. Taiwan werde nur von 13 Staaten anerkannt, in Europa geh\u00f6re dazu lediglich der Vatikan.<\/p>\n<p>Die Deutsche Friedensgesellschaft wurde 1892 von Bertha von Suttner und Alfred Herrmann Fried gegr\u00fcndet, die sp\u00e4ter den Friedensnobelpreis erhielten. Bildung und Aufkl\u00e4rung seien der Gesellschaft ein wichtiges Anliegen, erkl\u00e4rt der Sprecher der K\u00f6lner Gruppe, und sagt:<\/p>\n<blockquote><p>Nur wenn wir die Hintergr\u00fcnde von Konflikten verstehen, k\u00f6nnen wir an deren L\u00f6sung arbeiten. Nur so k\u00f6nnen wir eine Eskalation von Konflikten hin zu ernsthaften milit\u00e4rischen Auseinandersetzungen und einem Krieg verhindern.<\/p><\/blockquote>\n<p>Die Gruppe freue sich, dass es gelungen sei, die Sinologin und Buchautorin Dr. Renate Dillmann zu einem Vortrag nach K\u00f6ln zu holen. Renate Dillmann besuche regelm\u00e4\u00dfig die Volksrepublik China und verf\u00fcge \u00fcber exzellente Kontakte zu chinesischen B\u00fcrgern unterschiedlichster gesellschaftlicher Bereiche und k\u00f6nne ihre Eindr\u00fccke aus diesem gro\u00dfen Land aus erster Hand schildern.<\/p>\n<hr \/>\n<div id=\"attachment_17526\" style=\"width: 391px\" class=\"wp-caption alignright\"><img loading=\"lazy\" decoding=\"async\" aria-describedby=\"caption-attachment-17526\" class=\" wp-image-17526\" src=\"https:\/\/www.friedenkoeln.de\/wp-content\/uploads\/2023\/06\/logistic-g01ed7e09a_1280.jpg\" alt=\"Bild von Gino Crescoli auf Pixabay\" width=\"381\" height=\"324\" srcset=\"https:\/\/www.friedenkoeln.de\/wp-content\/uploads\/2023\/06\/logistic-g01ed7e09a_1280.jpg 1280w, https:\/\/www.friedenkoeln.de\/wp-content\/uploads\/2023\/06\/logistic-g01ed7e09a_1280-200x170.jpg 200w, https:\/\/www.friedenkoeln.de\/wp-content\/uploads\/2023\/06\/logistic-g01ed7e09a_1280-768x652.jpg 768w\" sizes=\"auto, (max-width: 381px) 100vw, 381px\" \/><p id=\"caption-attachment-17526\" class=\"wp-caption-text\">Bild von Gino Crescoli auf Pixabay<\/p><\/div>\n<p>Veranstaltung am Mittwoch, 14.6.2023, 19:00 Uhr\u2028 im Gro\u00dfen Forum der Alten Feuerwache\u2028 Melchiorstr. 3, 50670 K\u00f6ln<\/p>\n<p>Veranstalter:<br \/>\nDeutsche Friedensgesellschaft \u2013 Vereinigte KriegsdienstgegnerInnen e.V., Gruppe K\u00f6ln\u2028 www.friedenkoeln.de<\/p>\n<p>Die Veranstaltung wird unterst\u00fctzt durch attac \u2013 K\u00f6ln\u2028 www.attac-koeln.deGlobalisierungskritik in der Domstadt<\/p>\n<p>Pressekontakt:<br \/>\nHans-Achim Brand (Sprecher DFG-VK Gruppe K\u00f6ln), Tel. 0160 \/ 554 69 23<\/p>\n","protected":false},"excerpt":{"rendered":"<p>Pressemitteilung der DFG-VK Gruppe K\u00f6ln Der Konflikt zwischen den USA und der VR China und die Positionen in der Bundesregierung hierzu &#8211; Friedensgesellschaft l\u00e4dt zu Vortrag und Diskussion in K\u00f6ln ein K\u00f6ln, den 12.&#46;&#46;&#46;<\/p>\n","protected":false},"author":110,"featured_media":17526,"comment_status":"open","ping_status":"open","sticky":false,"template":"","format":"standard","meta":{"footnotes":""},"categories":[87],"tags":[231,232],"class_list":["post-17531","post","type-post","status-publish","format-standard","has-post-thumbnail","hentry","category-pressemitteilung","tag-china","tag-usa"],"_links":{"self":[{"href":"https:\/\/www.friedenkoeln.de\/index.php?rest_route=\/wp\/v2\/posts\/17531","targetHints":{"allow":["GET"]}}],"collection":[{"href":"https:\/\/www.friedenkoeln.de\/index.php?rest_route=\/wp\/v2\/posts"}],"about":[{"href":"https:\/\/www.friedenkoeln.de\/index.php?rest_route=\/wp\/v2\/types\/post"}],"author":[{"embeddable":true,"href":"https:\/\/www.friedenkoeln.de\/index.php?rest_route=\/wp\/v2\/users\/110"}],"replies":[{"embeddable":true,"href":"https:\/\/www.friedenkoeln.de\/index.php?rest_route=%2Fwp%2Fv2%2Fcomments&post=17531"}],"version-history":[{"count":5,"href":"https:\/\/www.friedenkoeln.de\/index.php?rest_route=\/wp\/v2\/posts\/17531\/revisions"}],"predecessor-version":[{"id":17538,"href":"https:\/\/www.friedenkoeln.de\/index.php?rest_route=\/wp\/v2\/posts\/17531\/revisions\/17538"}],"wp:featuredmedia":[{"embeddable":true,"href":"https:\/\/www.friedenkoeln.de\/index.php?rest_route=\/wp\/v2\/media\/17526"}],"wp:attachment":[{"href":"https:\/\/www.friedenkoeln.de\/index.php?rest_route=%2Fwp%2Fv2%2Fmedia&parent=17531"}],"wp:term":[{"taxonomy":"category","embeddable":true,"href":"https:\/\/www.friedenkoeln.de\/index.php?rest_route=%2Fwp%2Fv2%2Fcategories&post=17531"},{"taxonomy":"post_tag","embeddable":true,"href":"https:\/\/www.friedenkoeln.de\/index.php?rest_route=%2Fwp%2Fv2%2Ftags&post=17531"}],"curies":[{"name":"wp","href":"https:\/\/api.w.org\/{rel}","templated":true}]}}