{"id":17539,"date":"2023-06-17T13:12:01","date_gmt":"2023-06-17T11:12:01","guid":{"rendered":"https:\/\/www.friedenkoeln.de\/?p=17539"},"modified":"2023-06-17T13:12:01","modified_gmt":"2023-06-17T11:12:01","slug":"impulse-fuer-eine-differenzierte-debatte-um-den-richtigen-kurs-der-friedensbewegung-in-nrw","status":"publish","type":"post","link":"https:\/\/www.friedenkoeln.de\/?p=17539","title":{"rendered":"Impulse f\u00fcr eine differenzierte Debatte um den &#8222;richtigen&#8220; Kurs der Friedensbewegung in NRW"},"content":{"rendered":"<p><em>Von Stefanie Intveen.<\/em> Der Landesverband NRW der DFG-VK, vertreten durch den Landesarbeitsausschuss, sowie den Gesch\u00e4ftsf\u00fchrer Joachim Schramm, warnt eindringlich vor dem &#8222;Friedensb\u00fcndnis NRW&#8220;, das heute am 17.6.2023 in D\u00fcsseldorf eine Kundgebung &#8222;Gegen den Kriegswahnsinn!&#8220; veranstaltet. Der Landesverband <a href=\"https:\/\/nrw.dfg-vk.de\/mit-rechten-und-rechtsoffenen-kraeften-ist-kein-frieden-zu-machen\/\">vermisst<\/a> &#8222;eine deutliche Abgrenzung gegen rechts&#8220;, will damit aber &#8222;nicht \u00a0sagen, dass Gruppen in dem Zusammenschluss oder deren Mitglieder selber rechts&#8220; seien.<\/p>\n<p>Die DFG-VK Gruppe K\u00f6ln hat sich in mehreren internen Treffen intensiv mit der laufenden Debatte \u00fcber methodische und b\u00fcndnispolitische Fragestellungen der Friedensbewegung auseinandergesetzt. Daraus sind bisher zwei an den Landesverband NRW gerichtete Stellungnahmen entstanden, die wir hier ver\u00f6ffentlichen:<\/p>\n<ul>\n<li><a href=\"https:\/\/www.friedenkoeln.de\/wp-content\/uploads\/2023\/06\/DFG-VK-Koeln_Beschluss_Antwort-an-LAA_20230324_final_Unterschrift-geschwaerzt.pdf\">Brief der Gruppe K\u00f6ln vom 23.3.2023<\/a>: Appell an den Landesverband, Vorw\u00fcrfe gut zu begr\u00fcnden, direkten Kontakt aufzunehmen, sich am Konsensprinzip zu orientieren.<\/li>\n<li><a href=\"https:\/\/www.friedenkoeln.de\/wp-content\/uploads\/2023\/06\/DFG-VK-Gruppe-Koeln_SprecherInnen-a-LAA-NRW_Buendnispolitik_20230613_mit-Anlage_Unterschrift-geschwaerzt.pdf\">Brief der Sprecher*innen der Gruppe K\u00f6ln vom 13.6.2023<\/a>: Appell an den Landesverband, mit unterschiedlichen Str\u00f6mungen in der Friedensbewegung zusammenzuarbeiten.<\/li>\n<\/ul>\n<hr \/>\n<p><em>Stefanie Intveen geh\u00f6rt zum achtk\u00f6pfigen Sprecher*innenkreis der DFG-VK Gruppe K\u00f6ln.<\/em><\/p>\n<div id=\"attachment_17224\" style=\"width: 1064px\" class=\"wp-caption aligncenter\"><img loading=\"lazy\" decoding=\"async\" aria-describedby=\"caption-attachment-17224\" class=\"size-full wp-image-17224\" src=\"https:\/\/www.friedenkoeln.de\/wp-content\/uploads\/2022\/08\/D85_1593_webvv.jpg\" alt=\"Ein blauer Globus rei\u00dft seinen Mund mit wei\u00dfen Z\u00e4hnen weit auf, streckt die rote Zunge heraus und kotzt R\u00fcstungsg\u00fcter wie Flugzeuge, Panzer und Rakteten aus.\" width=\"1054\" height=\"1417\" \/><p id=\"caption-attachment-17224\" class=\"wp-caption-text\">Die Erde hat den Krieg satt! Das franz\u00f6sische Graphikerkollektiv Grapus stellte der Friedensbewegung 1989 ein Plakat zur Verf\u00fcgung, das den Nerv der Zeit trifft.<\/p><\/div>\n","protected":false},"excerpt":{"rendered":"<p>Von Stefanie Intveen. Der Landesverband NRW der DFG-VK, vertreten durch den Landesarbeitsausschuss, sowie den Gesch\u00e4ftsf\u00fchrer Joachim Schramm, warnt eindringlich vor dem &#8222;Friedensb\u00fcndnis NRW&#8220;, das heute am 17.6.2023 in D\u00fcsseldorf eine Kundgebung &#8222;Gegen den Kriegswahnsinn!&#8220;&#46;&#46;&#46;<\/p>\n","protected":false},"author":110,"featured_media":17224,"comment_status":"open","ping_status":"open","sticky":false,"template":"","format":"standard","meta":{"footnotes":""},"categories":[141,102],"tags":[233],"class_list":["post-17539","post","type-post","status-publish","format-standard","has-post-thumbnail","hentry","category-brief","category-in-eigener-sache","tag-friedensbewegung"],"_links":{"self":[{"href":"https:\/\/www.friedenkoeln.de\/index.php?rest_route=\/wp\/v2\/posts\/17539","targetHints":{"allow":["GET"]}}],"collection":[{"href":"https:\/\/www.friedenkoeln.de\/index.php?rest_route=\/wp\/v2\/posts"}],"about":[{"href":"https:\/\/www.friedenkoeln.de\/index.php?rest_route=\/wp\/v2\/types\/post"}],"author":[{"embeddable":true,"href":"https:\/\/www.friedenkoeln.de\/index.php?rest_route=\/wp\/v2\/users\/110"}],"replies":[{"embeddable":true,"href":"https:\/\/www.friedenkoeln.de\/index.php?rest_route=%2Fwp%2Fv2%2Fcomments&post=17539"}],"version-history":[{"count":4,"href":"https:\/\/www.friedenkoeln.de\/index.php?rest_route=\/wp\/v2\/posts\/17539\/revisions"}],"predecessor-version":[{"id":17545,"href":"https:\/\/www.friedenkoeln.de\/index.php?rest_route=\/wp\/v2\/posts\/17539\/revisions\/17545"}],"wp:featuredmedia":[{"embeddable":true,"href":"https:\/\/www.friedenkoeln.de\/index.php?rest_route=\/wp\/v2\/media\/17224"}],"wp:attachment":[{"href":"https:\/\/www.friedenkoeln.de\/index.php?rest_route=%2Fwp%2Fv2%2Fmedia&parent=17539"}],"wp:term":[{"taxonomy":"category","embeddable":true,"href":"https:\/\/www.friedenkoeln.de\/index.php?rest_route=%2Fwp%2Fv2%2Fcategories&post=17539"},{"taxonomy":"post_tag","embeddable":true,"href":"https:\/\/www.friedenkoeln.de\/index.php?rest_route=%2Fwp%2Fv2%2Ftags&post=17539"}],"curies":[{"name":"wp","href":"https:\/\/api.w.org\/{rel}","templated":true}]}}