{"id":17547,"date":"2023-06-20T17:02:11","date_gmt":"2023-06-20T15:02:11","guid":{"rendered":"https:\/\/www.friedenkoeln.de\/?p=17547"},"modified":"2023-06-20T17:02:11","modified_gmt":"2023-06-20T15:02:11","slug":"plaedoyer-fuer-einen-kuehlen-kopf","status":"publish","type":"post","link":"https:\/\/www.friedenkoeln.de\/?p=17547","title":{"rendered":"Pl\u00e4doyer f\u00fcr einen k\u00fchlen Kopf"},"content":{"rendered":"<div id=\"attachment_17549\" style=\"width: 510px\" class=\"wp-caption alignright\"><img loading=\"lazy\" decoding=\"async\" aria-describedby=\"caption-attachment-17549\" class=\"size-medium wp-image-17549\" src=\"https:\/\/www.friedenkoeln.de\/wp-content\/uploads\/2023\/06\/kontroverse-500x427.jpg\" alt=\"Ryan McGuire bei Pixabay\" width=\"500\" height=\"427\" \/><p id=\"caption-attachment-17549\" class=\"wp-caption-text\">Bild von Ryan McGuire von Pixabay<\/p><\/div>\n<p>Der Gespr\u00e4chskreis &#8222;Frieden und Sicherheitspolitik&#8220; der Rosa-Luxemburg-Stiftung hat einen hervorragenden Text erarbeitet:<\/p>\n<h2><strong>Ukraine-Krieg: Offene Fragen oder erbitterte Kontroversen?<\/strong><\/h2>\n<h3><strong>Pl\u00e4doyer f\u00fcr einen k\u00fchlen Kopf zu brennenden Themen<\/strong><strong><br \/>\n<\/strong><\/h3>\n<p><a href=\"https:\/\/www.friedenkoeln.de\/wp-content\/uploads\/2023\/06\/2023-06-10-Plaedoyer-fuer-einen-kuehlen-Kopf.pdf\" target=\"_blank\" rel=\"noopener\">Den Text im vollen Umfang herunterladen (pdf)<\/a><\/p>\n<p>Die Autor*innen stellen ihren Text mit folgenden Worten vor:<\/p>\n<p>&#8222;Das einigende Band von Friedensbewegung und dem Frieden verpflichteter Wissenschaft war die Kritik an Militarismus und Krieg. Dieses Band ist gerissen. Por\u00f6s war es schon vor dem 24. Februar 2022 geworden. Den Belastungen des Krieges hat es dann nicht mehr standgehalten. Das beobachten wir derzeit im Umfeld von sich fr\u00fcher als links verortender Politik und Wissenschaft, einschlie\u00dflich von Teilen der Rosa-Luxemburg-Stiftung. In gebotener K\u00fcrze und hoffentlich mit dem von uns selbst geforderten k\u00fchlen Kopf argumentieren wir in diesem Text zu einigen uns wichtigen Streitpunkten:<\/p>\n<ul>\n<li>Gibt es keine \u201ealten Gewissheiten\u201c mehr, muss jetzt alles rund um NATO, Krieg &amp; Frieden, Unterst\u00fctzung staatlicher Politik neu gedacht werden?<\/li>\n<li>Sind Geopolitik, auch nationale Interessen2, bestenfalls rechte Konzepte, schlimmstenfalls die Legitimation von \u201ePutins Krieg\u201c?<\/li>\n<li>Ist die Vorgeschichte des Krieges nur Vorspiel, gar irrelevant oder ist sie richtungsweisend?<\/li>\n<li>Wie kann der Krieg beendet werden?&#8220;<\/li>\n<\/ul>\n<p><a href=\"https:\/\/www.friedenkoeln.de\/wp-content\/uploads\/2023\/06\/2023-06-10-Plaedoyer-fuer-einen-kuehlen-Kopf.pdf\" target=\"_blank\" rel=\"noopener\">Hier k\u00f6nnt Ihr den Text in vollem Umfang herunterladen (pdf)<\/a><\/p>\n","protected":false},"excerpt":{"rendered":"<p>Der Gespr\u00e4chskreis &#8222;Frieden und Sicherheitspolitik&#8220; der Rosa-Luxemburg-Stiftung hat einen hervorragenden Text erarbeitet: Ukraine-Krieg: Offene Fragen oder erbitterte Kontroversen? Pl\u00e4doyer f\u00fcr einen k\u00fchlen Kopf zu brennenden Themen Den Text im vollen Umfang herunterladen (pdf) Die&#46;&#46;&#46;<\/p>\n","protected":false},"author":109,"featured_media":17549,"comment_status":"open","ping_status":"open","sticky":false,"template":"","format":"standard","meta":{"footnotes":""},"categories":[106],"tags":[32],"class_list":["post-17547","post","type-post","status-publish","format-standard","has-post-thumbnail","hentry","category-analyse","tag-information-diskussion"],"_links":{"self":[{"href":"https:\/\/www.friedenkoeln.de\/index.php?rest_route=\/wp\/v2\/posts\/17547","targetHints":{"allow":["GET"]}}],"collection":[{"href":"https:\/\/www.friedenkoeln.de\/index.php?rest_route=\/wp\/v2\/posts"}],"about":[{"href":"https:\/\/www.friedenkoeln.de\/index.php?rest_route=\/wp\/v2\/types\/post"}],"author":[{"embeddable":true,"href":"https:\/\/www.friedenkoeln.de\/index.php?rest_route=\/wp\/v2\/users\/109"}],"replies":[{"embeddable":true,"href":"https:\/\/www.friedenkoeln.de\/index.php?rest_route=%2Fwp%2Fv2%2Fcomments&post=17547"}],"version-history":[{"count":5,"href":"https:\/\/www.friedenkoeln.de\/index.php?rest_route=\/wp\/v2\/posts\/17547\/revisions"}],"predecessor-version":[{"id":17554,"href":"https:\/\/www.friedenkoeln.de\/index.php?rest_route=\/wp\/v2\/posts\/17547\/revisions\/17554"}],"wp:featuredmedia":[{"embeddable":true,"href":"https:\/\/www.friedenkoeln.de\/index.php?rest_route=\/wp\/v2\/media\/17549"}],"wp:attachment":[{"href":"https:\/\/www.friedenkoeln.de\/index.php?rest_route=%2Fwp%2Fv2%2Fmedia&parent=17547"}],"wp:term":[{"taxonomy":"category","embeddable":true,"href":"https:\/\/www.friedenkoeln.de\/index.php?rest_route=%2Fwp%2Fv2%2Fcategories&post=17547"},{"taxonomy":"post_tag","embeddable":true,"href":"https:\/\/www.friedenkoeln.de\/index.php?rest_route=%2Fwp%2Fv2%2Ftags&post=17547"}],"curies":[{"name":"wp","href":"https:\/\/api.w.org\/{rel}","templated":true}]}}