{"id":17556,"date":"2023-07-03T15:16:36","date_gmt":"2023-07-03T13:16:36","guid":{"rendered":"https:\/\/www.friedenkoeln.de\/?p=17556"},"modified":"2023-07-03T15:32:27","modified_gmt":"2023-07-03T13:32:27","slug":"dfg-vk-gruppe-koeln-menschenrechte-achten-antisemitismus-entgegenwirken","status":"publish","type":"post","link":"https:\/\/www.friedenkoeln.de\/?p=17556","title":{"rendered":"DFG-VK Gruppe K\u00f6ln: Menschenrechte achten \u2013 Antisemitismus entgegenwirken!"},"content":{"rendered":"<p><em>Wir haben uns in einer Mitgliederversammlung mit dem Israel-Pal\u00e4stina-Konflikt und dem Problem des Antisemitismus in Deutschland befasst:<\/em><\/p>\n<hr \/>\n<p>In unserer <a href=\"https:\/\/dfg-vk.de\/satzung-der-dfg-vk\/\">Satzung<\/a> (zuletzt ge\u00e4ndert am 22.\/23.5.2022) hei\u00dft es, die DFG-VK<\/p>\n<blockquote><p>tritt daf\u00fcr ein, dass niemand rassistisch behandelt wird oder wegen seines Geschlechts, seiner sexuellen Identit\u00e4t, seines Alter, seiner Abstammung, seiner Sprache, seiner sozialen Lage, seiner Herkunft, seiner religi\u00f6sen oder politischen Anschauungen oder seiner Behinderung benachteiligt wird.<\/p><\/blockquote>\n<p>In diesem Sinne wenden wir uns strikt gegen jede Art von Diskriminierung, Vorurteilen, Feindseligkeit oder Gewalt gegen J\u00fcdinnen und Juden als J\u00fcdinnen und Juden. Hierbei beziehen wir uns auf die &#8222;<a href=\"https:\/\/www.friedenkoeln.de\/wp-content\/uploads\/2023\/07\/JDA-deutsch-final.ok_.pdf\">Jerusalemer Erkl\u00e4rung zum Antisemitismus<\/a>&#8220; vom 26.3.2021.<\/p>\n<div id=\"attachment_17562\" style=\"width: 1290px\" class=\"wp-caption aligncenter\"><img loading=\"lazy\" decoding=\"async\" aria-describedby=\"caption-attachment-17562\" class=\"size-full wp-image-17562\" src=\"https:\/\/www.friedenkoeln.de\/wp-content\/uploads\/2023\/07\/1280px-Koeln_synagoge_pano.jpg\" alt=\"Symmetrischer pr\u00e4chtiger Sakralbau aus Sandstein mit zentralem Rundfenster im dreit\u00fcrigen Portal und Davidstern auf dem Spitzdach.\" width=\"1280\" height=\"821\" srcset=\"https:\/\/www.friedenkoeln.de\/wp-content\/uploads\/2023\/07\/1280px-Koeln_synagoge_pano.jpg 1280w, https:\/\/www.friedenkoeln.de\/wp-content\/uploads\/2023\/07\/1280px-Koeln_synagoge_pano-200x128.jpg 200w, https:\/\/www.friedenkoeln.de\/wp-content\/uploads\/2023\/07\/1280px-Koeln_synagoge_pano-768x493.jpg 768w\" sizes=\"auto, (max-width: 1280px) 100vw, 1280px\" \/><p id=\"caption-attachment-17562\" class=\"wp-caption-text\">Synagoge in K\u00f6ln, Roonstra\u00dfe, 26.10.2006, Foto: Hans Peter Schaefer (CC-BY-SA 3.0)<\/p><\/div>\n","protected":false},"excerpt":{"rendered":"<p>Wir haben uns in einer Mitgliederversammlung mit dem Israel-Pal\u00e4stina-Konflikt und dem Problem des Antisemitismus in Deutschland befasst: In unserer Satzung (zuletzt ge\u00e4ndert am 22.\/23.5.2022) hei\u00dft es, die DFG-VK tritt daf\u00fcr ein, dass niemand rassistisch&#46;&#46;&#46;<\/p>\n","protected":false},"author":110,"featured_media":17562,"comment_status":"open","ping_status":"open","sticky":false,"template":"","format":"standard","meta":{"footnotes":""},"categories":[102],"tags":[140,99],"class_list":["post-17556","post","type-post","status-publish","format-standard","has-post-thumbnail","hentry","category-in-eigener-sache","tag-antisemitismus","tag-menschenrechte"],"_links":{"self":[{"href":"https:\/\/www.friedenkoeln.de\/index.php?rest_route=\/wp\/v2\/posts\/17556","targetHints":{"allow":["GET"]}}],"collection":[{"href":"https:\/\/www.friedenkoeln.de\/index.php?rest_route=\/wp\/v2\/posts"}],"about":[{"href":"https:\/\/www.friedenkoeln.de\/index.php?rest_route=\/wp\/v2\/types\/post"}],"author":[{"embeddable":true,"href":"https:\/\/www.friedenkoeln.de\/index.php?rest_route=\/wp\/v2\/users\/110"}],"replies":[{"embeddable":true,"href":"https:\/\/www.friedenkoeln.de\/index.php?rest_route=%2Fwp%2Fv2%2Fcomments&post=17556"}],"version-history":[{"count":3,"href":"https:\/\/www.friedenkoeln.de\/index.php?rest_route=\/wp\/v2\/posts\/17556\/revisions"}],"predecessor-version":[{"id":17563,"href":"https:\/\/www.friedenkoeln.de\/index.php?rest_route=\/wp\/v2\/posts\/17556\/revisions\/17563"}],"wp:featuredmedia":[{"embeddable":true,"href":"https:\/\/www.friedenkoeln.de\/index.php?rest_route=\/wp\/v2\/media\/17562"}],"wp:attachment":[{"href":"https:\/\/www.friedenkoeln.de\/index.php?rest_route=%2Fwp%2Fv2%2Fmedia&parent=17556"}],"wp:term":[{"taxonomy":"category","embeddable":true,"href":"https:\/\/www.friedenkoeln.de\/index.php?rest_route=%2Fwp%2Fv2%2Fcategories&post=17556"},{"taxonomy":"post_tag","embeddable":true,"href":"https:\/\/www.friedenkoeln.de\/index.php?rest_route=%2Fwp%2Fv2%2Ftags&post=17556"}],"curies":[{"name":"wp","href":"https:\/\/api.w.org\/{rel}","templated":true}]}}