{"id":17581,"date":"2023-07-07T18:15:00","date_gmt":"2023-07-07T16:15:00","guid":{"rendered":"https:\/\/www.friedenkoeln.de\/?p=17581"},"modified":"2023-07-07T18:15:00","modified_gmt":"2023-07-07T16:15:00","slug":"free-assange-infostand-mit-konzerten-im-bluecherpark","status":"publish","type":"post","link":"https:\/\/www.friedenkoeln.de\/?p=17581","title":{"rendered":"Free Assange: Infostand mit Konzerten im Bl\u00fccherpark"},"content":{"rendered":"<p>Am Sonntag, den 18.06. hat die DFG-VK Arbeitsgruppe Free Assange in Zusammenarbeit mit Amnesty International Bezirk K\u00f6ln einen Infostand am Biergarten Kahnstation im Bl\u00fccherpark aufgebaut. Mit dem Bl\u00fccherpark-Weiher im Hintergrund, gab es direkt neben unserem Stand ein sch\u00f6nes Sommer- Konzert der Steven Ouma Band. Auf dem Weiher fand auch eine kurze Free-Assange-Kunstperformance statt. \ud83d\ude42<\/p>\n<h2>Verpasst nicht die n\u00e4chsten Termine mit anderen K\u00fcnstlern!<\/h2>\n<ul>\n<li>So, den 16.07. mit Klaus der Geiger<\/li>\n<li>Sa, den 29.07. mit Rave Musik<\/li>\n<li>So, den 06.08. mit Livemusik<\/li>\n<li>So, den 20.08. mit den Tsaziken<\/li>\n<li>So, den 03.09. mit Livemusik<\/li>\n<li>So, den 10.09. mit dem Ensemble Elastique<\/li>\n<\/ul>\n<div id=\"attachment_17580\" style=\"width: 510px\" class=\"wp-caption alignnone\"><img loading=\"lazy\" decoding=\"async\" aria-describedby=\"caption-attachment-17580\" class=\"wp-image-17580 size-medium\" src=\"https:\/\/www.friedenkoeln.de\/wp-content\/uploads\/2023\/07\/Free-Assange_2023-06-18_03-500x500.jpg\" alt=\"\" width=\"500\" height=\"500\" srcset=\"https:\/\/www.friedenkoeln.de\/wp-content\/uploads\/2023\/07\/Free-Assange_2023-06-18_03-500x500.jpg 500w, https:\/\/www.friedenkoeln.de\/wp-content\/uploads\/2023\/07\/Free-Assange_2023-06-18_03-80x80.jpg 80w, https:\/\/www.friedenkoeln.de\/wp-content\/uploads\/2023\/07\/Free-Assange_2023-06-18_03-320x320.jpg 320w\" sizes=\"auto, (max-width: 500px) 100vw, 500px\" \/><p id=\"caption-attachment-17580\" class=\"wp-caption-text\">Bl\u00fccherpark K\u00f6ln, 18.06.2023, Foto: privat<\/p><\/div>\n<div id=\"attachment_17579\" style=\"width: 510px\" class=\"wp-caption alignnone\"><img loading=\"lazy\" decoding=\"async\" aria-describedby=\"caption-attachment-17579\" class=\"wp-image-17579 size-medium\" src=\"https:\/\/www.friedenkoeln.de\/wp-content\/uploads\/2023\/07\/Free-Assange_2023-06-18_02-500x500.jpg\" alt=\"\" width=\"500\" height=\"500\" srcset=\"https:\/\/www.friedenkoeln.de\/wp-content\/uploads\/2023\/07\/Free-Assange_2023-06-18_02-500x500.jpg 500w, https:\/\/www.friedenkoeln.de\/wp-content\/uploads\/2023\/07\/Free-Assange_2023-06-18_02-80x80.jpg 80w, https:\/\/www.friedenkoeln.de\/wp-content\/uploads\/2023\/07\/Free-Assange_2023-06-18_02-320x320.jpg 320w\" sizes=\"auto, (max-width: 500px) 100vw, 500px\" \/><p id=\"caption-attachment-17579\" class=\"wp-caption-text\">Bl\u00fccherpark K\u00f6ln, 18.06.2023, Foto: privat<\/p><\/div>\n<div id=\"attachment_17578\" style=\"width: 510px\" class=\"wp-caption alignnone\"><img loading=\"lazy\" decoding=\"async\" aria-describedby=\"caption-attachment-17578\" class=\"size-medium wp-image-17578\" src=\"https:\/\/www.friedenkoeln.de\/wp-content\/uploads\/2023\/07\/Free-Assange_2023-06-18_01-500x480.png\" alt=\"\" width=\"500\" height=\"480\" \/><p id=\"caption-attachment-17578\" class=\"wp-caption-text\">Bl\u00fccherpark K\u00f6ln, 18.06.2023, Foto: privat<\/p><\/div>\n","protected":false},"excerpt":{"rendered":"<p>Am Sonntag, den 18.06. hat die DFG-VK Arbeitsgruppe Free Assange in Zusammenarbeit mit Amnesty International Bezirk K\u00f6ln einen Infostand am Biergarten Kahnstation im Bl\u00fccherpark aufgebaut. Mit dem Bl\u00fccherpark-Weiher im Hintergrund, gab es direkt neben&#46;&#46;&#46;<\/p>\n","protected":false},"author":109,"featured_media":17579,"comment_status":"open","ping_status":"open","sticky":false,"template":"","format":"standard","meta":{"footnotes":""},"categories":[104,105],"tags":[],"class_list":["post-17581","post","type-post","status-publish","format-standard","has-post-thumbnail","hentry","category-ankuendigung","category-bericht"],"_links":{"self":[{"href":"https:\/\/www.friedenkoeln.de\/index.php?rest_route=\/wp\/v2\/posts\/17581","targetHints":{"allow":["GET"]}}],"collection":[{"href":"https:\/\/www.friedenkoeln.de\/index.php?rest_route=\/wp\/v2\/posts"}],"about":[{"href":"https:\/\/www.friedenkoeln.de\/index.php?rest_route=\/wp\/v2\/types\/post"}],"author":[{"embeddable":true,"href":"https:\/\/www.friedenkoeln.de\/index.php?rest_route=\/wp\/v2\/users\/109"}],"replies":[{"embeddable":true,"href":"https:\/\/www.friedenkoeln.de\/index.php?rest_route=%2Fwp%2Fv2%2Fcomments&post=17581"}],"version-history":[{"count":1,"href":"https:\/\/www.friedenkoeln.de\/index.php?rest_route=\/wp\/v2\/posts\/17581\/revisions"}],"predecessor-version":[{"id":17582,"href":"https:\/\/www.friedenkoeln.de\/index.php?rest_route=\/wp\/v2\/posts\/17581\/revisions\/17582"}],"wp:featuredmedia":[{"embeddable":true,"href":"https:\/\/www.friedenkoeln.de\/index.php?rest_route=\/wp\/v2\/media\/17579"}],"wp:attachment":[{"href":"https:\/\/www.friedenkoeln.de\/index.php?rest_route=%2Fwp%2Fv2%2Fmedia&parent=17581"}],"wp:term":[{"taxonomy":"category","embeddable":true,"href":"https:\/\/www.friedenkoeln.de\/index.php?rest_route=%2Fwp%2Fv2%2Fcategories&post=17581"},{"taxonomy":"post_tag","embeddable":true,"href":"https:\/\/www.friedenkoeln.de\/index.php?rest_route=%2Fwp%2Fv2%2Ftags&post=17581"}],"curies":[{"name":"wp","href":"https:\/\/api.w.org\/{rel}","templated":true}]}}