{"id":17584,"date":"2023-07-11T16:41:11","date_gmt":"2023-07-11T14:41:11","guid":{"rendered":"https:\/\/www.friedenkoeln.de\/?p=17584"},"modified":"2023-07-12T17:36:23","modified_gmt":"2023-07-12T15:36:23","slug":"keine-streumunition-fuer-ukraine-pressemitteilung-der-aktion-aufschrei","status":"publish","type":"post","link":"https:\/\/www.friedenkoeln.de\/?p=17584","title":{"rendered":"Keine Streumunition f\u00fcr Ukraine! &#8211; Pressemitteilung der Aktion Aufschrei"},"content":{"rendered":"<h4>Keine Streumunition f\u00fcr Ukraine!<\/h4>\n<h4>Bundesregierung muss sich gegen Lieferung und Einsatz aussprechen!<\/h4>\n<p><a href=\"https:\/\/www.friedenkoeln.de\/wp-content\/uploads\/2023\/07\/PM_Keine-Streumuntion-fuer-Ukraine-11.7.2023.pdf\">Pressemitteilung als pdf herunterladen<\/a><\/p>\n<p><a href=\"https:\/\/www.friedenkoeln.de\/wp-content\/uploads\/2023\/07\/Aktion-Aufschrei_PF_No-Cluster-Munitions-Ukraine_20230723.pdf\">Press release (engl. \u00dcbersetzung &#8211; mit Dank an unsere US-amerikanischen und irischen Mitstreiter*innen)<\/a><\/p>\n<p><em>Berlin, 11. Juli 2023.\u00a0<\/em><\/p>\n<blockquote><p>Die Pl\u00e4ne der USA, international ge\u00e4chtete Streumunition an die Ukraine zu liefern sowie der beabsichtigte Einsatz durch die ukrainische Armee, m\u00fcssen von der Bundesregierung mit allen zur Verf\u00fcgung stehenden Mitteln verhindert werden. Die USA und die Ukraine sowie Russland sind dem \u00dcbereinkommen \u00fcber Streumunition (CCM) zwar nicht beigetreten, aber das humanit\u00e4re V\u00f6lkerrecht verbietet Waffen, die unterschiedslos K\u00e4mpfer als auch Zivilist:innen treffen. Au\u00dferdem werden die Blindg\u00e4nger praktisch zu Landminen, die noch Jahre und Jahrzehnte sp\u00e4ter zu Verst\u00fcmmelungen oder dem Tod vollkommen Unbeteiligter f\u00fchren k\u00f6nnen. Da Deutschland jedoch Vertragsstaat ist, m\u00fcssen k\u00fcnftige Waffenlieferungen im Rahmen von Artikel 51 der UN-Charta f\u00fcr die Ukraine daraufhin \u00fcberpr\u00fcft werden, ob mit diesen die dann gelieferte Streumunition eingesetzt werden kann. Denn Deutschland darf als Unterzeichner der sogenannten \u201eOslo-Konvention\u201c den Einsatz von Streumunition nicht unterst\u00fctzen. Dazu z\u00e4hlt auch die Lieferung von geeigneten Abschussvorrichtungen oder Tr\u00e4gersystemen, wie z. B. Panzerhaubitzen,<\/p><\/blockquote>\n<p>sagt Susanne Weipert, Koordinatorin \u201eAktion Aufschrei \u2013 Stoppt den Waffenhandel!\u201c.<\/p>\n<blockquote><p>Es muss sogar bezweifelt werden, dass die Ukraine diese Munition ausschlie\u00dflich gegen russische Truppen und in nicht bewohnten Gebieten einsetzt. Denn laut einem <a href=\"https:\/\/www.ohchr.org\/sites\/default\/files\/documents\/hrbodies\/hrcouncil\/coiukraine\/A_HRC_52_62_AUV_EN.pdf\">UN-Bericht<\/a> haben sowohl die Ukraine als auch Russland im vergangenen Jahr Streumunition in von Zivilist:innen bewohnten Gebieten eingesetzt. Das humanit\u00e4re V\u00f6lkerrecht gilt auch f\u00fcr die Ukraine. Verbrechen Russlands entbinden die Ukraine nicht von ihren internationalen Verpflichtungen,<\/p><\/blockquote>\n<p>so J\u00fcrgen Gr\u00e4sslin, Sprecher der \u201eAktion Aufschrei \u2013 Stoppt den Waffenhandel!\u201c und Bundessprecher der DFG-VK und erg\u00e4nzt:<\/p>\n<blockquote><p>Dieser Krieg zeigt einmal mehr, dass es keine guten oder gerechten Kriege gibt, denn die Leidtragenden sind immer unschuldige Zivilist:innen sowie Soldaten, denen das Menschenrecht auf Kriegsdienstverweigerung verwehrt wird \u2013 wohlgemerkt auf beiden Seiten. Die Bundesregierung muss sich daf\u00fcr starkmachen, dass sowohl Russland als auch die Ukraine und die USA dem \u00dcbereinkommen \u00fcber Streumunition (CCM) beitreten.<\/p>\n<p>Es ist ein Skandal, dass sich Bundespr\u00e4sident Steinmeier als \u201abefangen\u2018 erkl\u00e4rt bei der Frage nach der beabsichtigten Lieferung von Streumunition durch die USA. Die Tatsache, dass er damals f\u00fcr die Bundesrepublik Deutschland das \u00dcbereinkommen \u00fcber Streumunition unterzeichnet hat, sollte ihn gerade dazu veranlassen, sich mit Vehemenz f\u00fcr die Durchsetzung der daraus resultierenden Norm einzusetzen,<\/p><\/blockquote>\n<p>erkl\u00e4rt Vincenzo Petracca, Sprecher der Aktion Aufschrei \u2013 Stoppt den Waffenhandel\u201c und Vorstandsmitglied der Aktionsgemeinschaft Dienst f\u00fcr den Frieden und f\u00fchrt weiter aus:<\/p>\n<blockquote><p>Au\u00dfenministerin Baerbock ist in ihrer ablehnenden Position zu der geplanten Lieferung nur zu unterst\u00fctzen. Sogar Gro\u00dfbritannien und Spanien haben sich dagegen ausgesprochen. Und auch Kambodscha, das bis heute unter dem Einsatz von Streumunition in den 70er Jahren leidet, warnt die Ukraine vor dieser Waffe. Die Bundesregierung muss alles in ihrer Macht Stehende tun und den Einsatz dieser Munition verhindern, der v.a. f\u00fcr Zivilist:innen auch nach Jahren noch eine t\u00f6dliche Gefahr darstellt.<\/p><\/blockquote>\n<p><strong>Kontakt f\u00fcr die Medien<\/strong><\/p>\n<p>Susanne Weipert, Koordinatorin der Kampagne<br \/>\nM: 0176-45827610, <a href=\"mailto:s.weipert@paxchristi.de\">s.weipert@paxchristi.de<\/a><\/p>\n<p>J\u00fcrgen Gr\u00e4sslin, Sprecher der Kampagne und Bundessprecher der DFG-VK<br \/>\nM: 0170-6113759, <a href=\"mailto:graesslin@dfg-vk.de\">graesslin@dfg-vk.de<\/a> \u00a0\u00a0<strong>\u00a0<\/strong><\/p>\n<p>Vincenzo Petracca, Sprecher der Kampagne und Vorstandsmitglied der AGDF, <a href=\"mailto:v@petracca.de\">v@petracca.de<\/a><\/p>\n<p><strong>\u00a0<\/strong><strong>Tr\u00e4gerorganisationen der Kampagne: <\/strong>Aktionsgemeinschaft Dienst f\u00fcr den Frieden e.\u00a0V. (AGDF) \u2022 aktion hoffnung Rottenburg-Stuttgart e.\u00a0V. \u2022 Bisch\u00f6fliches Hilfswerk MISEREOR \u2022 Brot f\u00fcr die Welt \u2013 Evangelisches Werk f\u00fcr Diakonie und Entwicklung \u00a0\u2022 Bund der Deutschen Katholischen Jugend (BDKJ) \u2022\u00a0 Deutsche Friedensgesellschaft \u2013 Vereinigte KriegsdienstgegnerInnen (DFG-VK) \u2022 Deutsche Sektion der Internationalen \u00c4rzte f\u00fcr die Verh\u00fctung des Atomkrieges e.\u00a0V. (IPPNW) Deutschland \u2022 NaturFreunde Deutschlands \u2022 Netzwerk Friedenskooperative\u00a0 \u2022 Internationale katholische Friedensbewegung pax christi \u2013 Deutsche Sektion \u2022 JuristInnen gegen atomare, biologische und chemische Waffen (IALANA) Deutsche Sektion \u2022 Ohne R\u00fcstung Leben (ORL) \u2022 Deutsche Franziskanerprovinz \u2022 R\u00fcstungsInformationsB\u00fcro (RIB e.\u00a0V.) \u2022 terre des hommes \u2013 Hilfe f\u00fcr Kinder in Not \u2022 Werkstatt f\u00fcr Gewaltfreie Aktion, Baden (WfGA)<\/p>\n<p><strong>Mehr als hundert weitere Organisationen und Friedensinitiativen arbeiten lokal im <\/strong><a href=\"https:\/\/aufschrei-waffenhandel.de\/mitmachen\/organisationen-in-deiner-naehe\"><strong>Aktionsb\u00fcndnis der Kampagne<\/strong><\/a><strong> mit.<\/strong><\/p>\n<p><a href=\"https:\/\/www.friedenkoeln.de\/wp-content\/uploads\/2023\/07\/PM_Keine-Streumuntion-fuer-Ukraine-11.7.2023.pdf\">Pressemitteilung als pdf herunterladen<\/a><\/p>\n<p><a href=\"https:\/\/www.friedenkoeln.de\/wp-content\/uploads\/2023\/07\/Aktion-Aufschrei_PF_No-Cluster-Munitions-Ukraine_20230723.pdf\">Press release (engl. \u00dcbersetzung &#8211; mit Dank an unsere US-amerikanischen und irischen Mitstreiter*innen)<\/a><\/p>\n<p><img loading=\"lazy\" decoding=\"async\" class=\"alignnone size-full wp-image-17587\" src=\"https:\/\/www.friedenkoeln.de\/wp-content\/uploads\/2023\/07\/Aktion-Aufschrei-Logo.png\" alt=\"\" width=\"388\" height=\"120\" srcset=\"https:\/\/www.friedenkoeln.de\/wp-content\/uploads\/2023\/07\/Aktion-Aufschrei-Logo.png 388w, https:\/\/www.friedenkoeln.de\/wp-content\/uploads\/2023\/07\/Aktion-Aufschrei-Logo-200x62.png 200w\" sizes=\"auto, (max-width: 388px) 100vw, 388px\" \/><\/p>\n","protected":false},"excerpt":{"rendered":"<p>Keine Streumunition f\u00fcr Ukraine! Bundesregierung muss sich gegen Lieferung und Einsatz aussprechen! Pressemitteilung als pdf herunterladen Press release (engl. \u00dcbersetzung &#8211; mit Dank an unsere US-amerikanischen und irischen Mitstreiter*innen) Berlin, 11. Juli 2023.\u00a0 Die&#46;&#46;&#46;<\/p>\n","protected":false},"author":109,"featured_media":17587,"comment_status":"open","ping_status":"open","sticky":false,"template":"","format":"standard","meta":{"footnotes":""},"categories":[87],"tags":[],"class_list":["post-17584","post","type-post","status-publish","format-standard","has-post-thumbnail","hentry","category-pressemitteilung"],"_links":{"self":[{"href":"https:\/\/www.friedenkoeln.de\/index.php?rest_route=\/wp\/v2\/posts\/17584","targetHints":{"allow":["GET"]}}],"collection":[{"href":"https:\/\/www.friedenkoeln.de\/index.php?rest_route=\/wp\/v2\/posts"}],"about":[{"href":"https:\/\/www.friedenkoeln.de\/index.php?rest_route=\/wp\/v2\/types\/post"}],"author":[{"embeddable":true,"href":"https:\/\/www.friedenkoeln.de\/index.php?rest_route=\/wp\/v2\/users\/109"}],"replies":[{"embeddable":true,"href":"https:\/\/www.friedenkoeln.de\/index.php?rest_route=%2Fwp%2Fv2%2Fcomments&post=17584"}],"version-history":[{"count":5,"href":"https:\/\/www.friedenkoeln.de\/index.php?rest_route=\/wp\/v2\/posts\/17584\/revisions"}],"predecessor-version":[{"id":17594,"href":"https:\/\/www.friedenkoeln.de\/index.php?rest_route=\/wp\/v2\/posts\/17584\/revisions\/17594"}],"wp:featuredmedia":[{"embeddable":true,"href":"https:\/\/www.friedenkoeln.de\/index.php?rest_route=\/wp\/v2\/media\/17587"}],"wp:attachment":[{"href":"https:\/\/www.friedenkoeln.de\/index.php?rest_route=%2Fwp%2Fv2%2Fmedia&parent=17584"}],"wp:term":[{"taxonomy":"category","embeddable":true,"href":"https:\/\/www.friedenkoeln.de\/index.php?rest_route=%2Fwp%2Fv2%2Fcategories&post=17584"},{"taxonomy":"post_tag","embeddable":true,"href":"https:\/\/www.friedenkoeln.de\/index.php?rest_route=%2Fwp%2Fv2%2Ftags&post=17584"}],"curies":[{"name":"wp","href":"https:\/\/api.w.org\/{rel}","templated":true}]}}