{"id":17598,"date":"2023-07-23T20:33:42","date_gmt":"2023-07-23T18:33:42","guid":{"rendered":"https:\/\/www.friedenkoeln.de\/?p=17598"},"modified":"2023-07-23T21:12:13","modified_gmt":"2023-07-23T19:12:13","slug":"einladung-gedenkfeier-atomwaffen-abschaffen-am-5-august-2023-in-koeln","status":"publish","type":"post","link":"https:\/\/www.friedenkoeln.de\/?p=17598","title":{"rendered":"Einladung: Gedenkfeier &#8222;Atomwaffen abschaffen!&#8220; am 5. August 2023 in K\u00f6ln"},"content":{"rendered":"<p><em>Einladung des <a href=\"https:\/\/koelner-friedensforum.org\/hiroshima-nagasaki-arbeitskreis-2\/\">Hiroshima-Nagasaki-Arbeitskreises im K\u00f6lner Friedensforum<\/a>:<\/em><\/p>\n<hr \/>\n<h4>\u00abATOMWAFFEN ABSCHAFFEN!\u00bb<\/h4>\n<p>Wir laden Euch ein zum Gedenken an die Opfer der Atombombenabw\u00fcrfe von Hiroshima und Nagasaki am 6. und 9. August\u2028vor 78 Jahren.<\/p>\n<p style=\"text-align: center;\"><strong>Treffpunkt: 5. August 2023 um 18 Uhr <\/strong><\/p>\n<p style=\"text-align: center;\"><strong>im Hiroshima-Nagasaki-Park beim Biergarten am Aachener Weiher<\/strong><\/p>\n<p style=\"text-align: center;\">Gemeinsamer Friedens-Spaziergang zum Mahnmal \u00abATOMWAFFEN ABSCHAFFEN\u00bb\u2028auf dem H\u00fcgel im Park<\/p>\n<p style=\"text-align: center;\">Mit Rede- und Musikbeitr\u00e4gen, sowie einer traditionellen japanischen Zeremonie werden wir der \u00fcber 100.000 Opfer von Hiroshima und Nagasaki gedenken.<\/p>\n<ul>\n<li>Begr\u00fc\u00dfung durch den Arbeitskreis Hiroshima Nagasaki<\/li>\n<li>Andreas Hupke, Bezirksb\u00fcrgermeister<\/li>\n<li>Peter F\u00f6rster, AK Zivilklausel, Uni K\u00f6ln<\/li>\n<li>\u2028Werner Philipi, angefragt<\/li>\n<li>FriedensFahrradtour NRW, wir begr\u00fc\u00dfen alle Teilnehmer:innen<\/li>\n<li>Gru\u00dfworte u.a. von\n<ul>\n<li>Kubanische Botschaft, Bonn<\/li>\n<li>\u2028Stephan R\u00e4der, Greenpeace K\u00f6ln, AG Frieden<\/li>\n<\/ul>\n<\/li>\n<li>Der Chor: Give Peace a Chance wird uns musikalisch begleiten<\/li>\n<\/ul>\n<p style=\"text-align: center;\">Wir lassen das Gedenken mit einem kleinen Friedenspicknick ausklingen, zu dem jede\/r etwas mitbringen kann.<\/p>\n<p><a href=\"https:\/\/www.friedenkoeln.de\/wp-content\/uploads\/2023\/07\/ATOMWAFFEN-ABSCHAFFEN-3-online-docx.pdf\">Flyer zum Download<\/a><\/p>\n<div id=\"attachment_14595\" style=\"width: 1717px\" class=\"wp-caption alignnone\"><img loading=\"lazy\" decoding=\"async\" aria-describedby=\"caption-attachment-14595\" class=\"size-full wp-image-14595\" src=\"https:\/\/www.friedenkoeln.de\/wp-content\/uploads\/2020\/02\/DSC_0257-scaled.jpg\" alt=\"Ein schlanker \u00e4lterer Herr in blauer sportlicher Jacke und Jeans spricht in ein Mikro. Im Hintergrund ein Transparent mit der Aufschrift &quot;Zum Gedenken an die Atombombenopfer&quot;, &quot;Hiroshima&quot;, &quot;Nagasaki&quot;\" width=\"1707\" height=\"2560\" srcset=\"https:\/\/www.friedenkoeln.de\/wp-content\/uploads\/2020\/02\/DSC_0257-scaled.jpg 1707w, https:\/\/www.friedenkoeln.de\/wp-content\/uploads\/2020\/02\/DSC_0257-2000x3000.jpg 2000w, https:\/\/www.friedenkoeln.de\/wp-content\/uploads\/2020\/02\/DSC_0257-100x150.jpg 100w, https:\/\/www.friedenkoeln.de\/wp-content\/uploads\/2020\/02\/DSC_0257-768x1152.jpg 768w, https:\/\/www.friedenkoeln.de\/wp-content\/uploads\/2020\/02\/DSC_0257-1024x1536.jpg 1024w, https:\/\/www.friedenkoeln.de\/wp-content\/uploads\/2020\/02\/DSC_0257-1365x2048.jpg 1365w\" sizes=\"auto, (max-width: 1707px) 100vw, 1707px\" \/><p id=\"caption-attachment-14595\" class=\"wp-caption-text\">K\u00f6lner Bezirksb\u00fcrgermeister Andreas Hupke bei der Gedenkfeier f\u00fcr die Opfer der Atombombenabw\u00fcrfe auf Hiroshima und Nagasaki. Hiroshima-Nagasaki-Park K\u00f6ln, 10.8.2019. Foto: Stefanie Intveen<\/p><\/div>\n","protected":false},"excerpt":{"rendered":"<p>Einladung des Hiroshima-Nagasaki-Arbeitskreises im K\u00f6lner Friedensforum: \u00abATOMWAFFEN ABSCHAFFEN!\u00bb Wir laden Euch ein zum Gedenken an die Opfer der Atombombenabw\u00fcrfe von Hiroshima und Nagasaki am 6. und 9. August\u2028vor 78 Jahren. Treffpunkt: 5. August 2023&#46;&#46;&#46;<\/p>\n","protected":false},"author":110,"featured_media":14595,"comment_status":"open","ping_status":"open","sticky":false,"template":"","format":"standard","meta":{"footnotes":""},"categories":[104,158],"tags":[33,45,99,91],"class_list":["post-17598","post","type-post","status-publish","format-standard","has-post-thumbnail","hentry","category-ankuendigung","category-flyer","tag-atomwaffen","tag-geschichte","tag-menschenrechte","tag-voelkerrecht"],"_links":{"self":[{"href":"https:\/\/www.friedenkoeln.de\/index.php?rest_route=\/wp\/v2\/posts\/17598","targetHints":{"allow":["GET"]}}],"collection":[{"href":"https:\/\/www.friedenkoeln.de\/index.php?rest_route=\/wp\/v2\/posts"}],"about":[{"href":"https:\/\/www.friedenkoeln.de\/index.php?rest_route=\/wp\/v2\/types\/post"}],"author":[{"embeddable":true,"href":"https:\/\/www.friedenkoeln.de\/index.php?rest_route=\/wp\/v2\/users\/110"}],"replies":[{"embeddable":true,"href":"https:\/\/www.friedenkoeln.de\/index.php?rest_route=%2Fwp%2Fv2%2Fcomments&post=17598"}],"version-history":[{"count":5,"href":"https:\/\/www.friedenkoeln.de\/index.php?rest_route=\/wp\/v2\/posts\/17598\/revisions"}],"predecessor-version":[{"id":17603,"href":"https:\/\/www.friedenkoeln.de\/index.php?rest_route=\/wp\/v2\/posts\/17598\/revisions\/17603"}],"wp:featuredmedia":[{"embeddable":true,"href":"https:\/\/www.friedenkoeln.de\/index.php?rest_route=\/wp\/v2\/media\/14595"}],"wp:attachment":[{"href":"https:\/\/www.friedenkoeln.de\/index.php?rest_route=%2Fwp%2Fv2%2Fmedia&parent=17598"}],"wp:term":[{"taxonomy":"category","embeddable":true,"href":"https:\/\/www.friedenkoeln.de\/index.php?rest_route=%2Fwp%2Fv2%2Fcategories&post=17598"},{"taxonomy":"post_tag","embeddable":true,"href":"https:\/\/www.friedenkoeln.de\/index.php?rest_route=%2Fwp%2Fv2%2Ftags&post=17598"}],"curies":[{"name":"wp","href":"https:\/\/api.w.org\/{rel}","templated":true}]}}