{"id":17605,"date":"2023-07-30T21:24:33","date_gmt":"2023-07-30T19:24:33","guid":{"rendered":"https:\/\/www.friedenkoeln.de\/?p=17605"},"modified":"2023-07-30T21:24:33","modified_gmt":"2023-07-30T19:24:33","slug":"friedensfahrradtour-nrw-dfg-vk-will-gemeinsame-sicherheit-statt-krieg-und-konfrontation","status":"publish","type":"post","link":"https:\/\/www.friedenkoeln.de\/?p=17605","title":{"rendered":"Friedensfahrradtour NRW: DFG-VK will \u201eGemeinsame Sicherheit statt Krieg und Konfrontation\u201c"},"content":{"rendered":"<h4>10. Fahrradtour f\u00fcr Frieden, Entspannungspolitik und Abr\u00fcstung, f\u00fcr Klima- und Umweltschutz<\/h4>\n<h4>Friedensorganisation will \u201eGemeinsame Sicherheit statt Krieg und Konfrontation\u201c<\/h4>\n<p><em>K\u00f6ln, 30.7.2023.<\/em> Der Landesverband NRW der Deutsche Friedensgesellschaft &#8211; Vereinigte KriegsdienstgegnerInnen (DFG-VK) veranstaltet mit rund zwanzig Personen vom 29. Juli bis zum 6. August eine 350 km lange Friedensfahrradtour durch Nordrhein-Westfalen f\u00fcr &#8222;Frieden, Entspannungspolitik und Abr\u00fcstung, Klima- und Umweltschutz&#8220;.<\/p>\n<blockquote><p>Mit unserer zehnten Friedensfahrradtour NRW wollen wir f\u00fcr gemeinsame Sicherheit statt Krieg und Konfrontation in Europa und weltweit werben,<\/p><\/blockquote>\n<p>so Joachim Schramm, der Landesgesch\u00e4ftsf\u00fchrer NRW der DFG-VK.<\/p>\n<blockquote><p>Das Elend des Krieges, das die ukrainische Bev\u00f6lkerung und die Soldatinnen und Soldaten auf beiden Seiten erleiden, muss endlich aufh\u00f6ren,<\/p><\/blockquote>\n<p>fordert Schramm.<\/p>\n<p>Der Krieg Russlands gegen die Ukraine, in den die NATO durch ihre Waffenlieferungen immer mehr verwickelt sei, drohe zu eskalieren. Es sei gef\u00e4hrlich, dass die Atomm\u00e4chte R\u00fcstungskontrollvertr\u00e4ge gek\u00fcndigt und Dialogformate wie den NATO-Russland-Rat oder den Petersburger Dialog eingestellt h\u00e4tten und die in der Charta der Vereinten Nationen verankerten Friedenspflichten missachten w\u00fcrden, so Schramm weiter. Der Krieg beeintr\u00e4chtige die wirtschaftliche und soziale Entwicklung in vielen L\u00e4ndern der Erde und m\u00fcsse gestoppt werden.<\/p>\n<p>Michael S\u00fcnner, Mitorganisator der Tour und Sprecher der Gruppe K\u00f6ln der DFG-VK, erg\u00e4nzt:<\/p>\n<blockquote><p>Wir sind im Kalten Krieg mehrfach haarscharf an einem Atomkrieg vorbeigeschrammt. Die Bundesregierung muss gerade wegen des Kriegs in der Ukraine alles daf\u00fcr tun, dass die Atomm\u00e4chte USA und Russland direkt miteinander reden.<\/p><\/blockquote>\n<p>Die DFG-VK fordere die Bundesregierung auf, den Atomwaffenverbotsvertrag der Vereinten Nationen zu unterzeichnen, der 2021 in Kraft getreten sei. S\u00fcnner erg\u00e4nzt:<\/p>\n<blockquote><p>Wir erwarten von der Bundesregierung, dass sie sich f\u00fcr eine Verhandlungsl\u00f6sung engagiert und sich f\u00fcr die Rechte der vom Krieg betroffenen Menschen einsetzt, vor allem die Gefl\u00fcchteten und die Kriegsdienstverweigerer und Deserteure auf beiden Seiten.<\/p><\/blockquote>\n<p>Die Tour startete letzten Samstag in Paderborn und endet in K\u00f6ln. Unter dem Motto \u201eGemeinsam f\u00fcr unsere Zukunft\u201c demonstrieren die Friedensradlerinnen und -radler unterwegs an Milit\u00e4rstandorten wie am britischen Truppenst\u00fctzpunkt in Paderborn-Sennelager und in D\u00fclmen, wo die US-Armee ein Lager mit Artilleriegesch\u00fctzen unterh\u00e4lt. In D\u00fcsseldorf werden die Radler:innen gegen den R\u00fcstungskonzern Rheinmetall demonstrieren, der mit Kriegsger\u00e4t und -munition Gewinne macht und den Bau eines Werkes zur Produktion von Teilen des atomwaffenf\u00e4higen Kampfjets F35A in Weeze (Niederrhein) plant.<\/p>\n<div id=\"attachment_12580\" style=\"width: 746px\" class=\"wp-caption aligncenter\"><img loading=\"lazy\" decoding=\"async\" aria-describedby=\"caption-attachment-12580\" class=\"size-full wp-image-12580\" src=\"https:\/\/www.friedenkoeln.de\/wp-content\/uploads\/2018\/08\/fullsizeoutput_afa.jpeg\" alt=\"Eine Radfahrerin ist von hinten zu sehen. Eine gro\u00dfe regenbogenfarbene PACE-Fahne, die am Hinterrad angebracht ist, wird vom Wind nach rechts getrieben, so dass man die Aufschrift gut sieht.\" width=\"736\" height=\"613\" srcset=\"https:\/\/www.friedenkoeln.de\/wp-content\/uploads\/2018\/08\/fullsizeoutput_afa.jpeg 736w, https:\/\/www.friedenkoeln.de\/wp-content\/uploads\/2018\/08\/fullsizeoutput_afa-150x125.jpeg 150w\" sizes=\"auto, (max-width: 736px) 100vw, 736px\" \/><p id=\"caption-attachment-12580\" class=\"wp-caption-text\">\u201ePACE\u201c \u2013 Die Friedensfahne. Foto: Bodo Schmitz, www.mutbuergerdokus.de<\/p><\/div>\n<p>Auch friedliche Orte wird die Tour besuchen, wie den Friedenssaal in M\u00fcnster, in dem vor 375 Jahren der Westf\u00e4lische Frieden geschlossen wurde, und das forumZFD in K\u00f6ln, das Friedensfachkr\u00e4fte f\u00fcr die zivile Bearbeitung von Konflikten im In- und Ausland ausbildet. Den Abschluss der Tour bildet eine Aktion in K\u00f6ln gemeinsam mit Atomwaffengegner:innen aus der Domstadt zur Erinnerung an den Atombombenabwurf auf Hiroshima am 6. August 1945.<\/p>\n<hr \/>\n<p><em>Pressekontakt:<\/em><br \/>\n<em>Michael S\u00fcnner, Tel. 0174 9509932<\/em><br \/>\n<em>Joachim Schramm, Tel. 0157 73729115<\/em><\/p>\n<p><em>Hintergrund:<\/em><br \/>\n<em>https:\/\/nrw.dfg-vk.de\/aktionen\/friedensfahrradtour-nrw<\/em><\/p>\n<p><em>Tour-Plan mit allen Orten und Terminen:<\/em><br \/>\n<em>https:\/\/nrw.dfg-vk.de\/wp-content\/uploads\/sites\/19\/2023\/07\/Tourplan-23.pdf<\/em><\/p>\n","protected":false},"excerpt":{"rendered":"<p>10. Fahrradtour f\u00fcr Frieden, Entspannungspolitik und Abr\u00fcstung, f\u00fcr Klima- und Umweltschutz Friedensorganisation will \u201eGemeinsame Sicherheit statt Krieg und Konfrontation\u201c K\u00f6ln, 30.7.2023. Der Landesverband NRW der Deutsche Friedensgesellschaft &#8211; Vereinigte KriegsdienstgegnerInnen (DFG-VK) veranstaltet mit rund&#46;&#46;&#46;<\/p>\n","protected":false},"author":110,"featured_media":12580,"comment_status":"open","ping_status":"open","sticky":false,"template":"","format":"standard","meta":{"footnotes":""},"categories":[87],"tags":[42,234,218,99],"class_list":["post-17605","post","type-post","status-publish","format-standard","has-post-thumbnail","hentry","category-pressemitteilung","tag-abruestung","tag-dialog","tag-kriegsdienstverweigerung","tag-menschenrechte"],"_links":{"self":[{"href":"https:\/\/www.friedenkoeln.de\/index.php?rest_route=\/wp\/v2\/posts\/17605","targetHints":{"allow":["GET"]}}],"collection":[{"href":"https:\/\/www.friedenkoeln.de\/index.php?rest_route=\/wp\/v2\/posts"}],"about":[{"href":"https:\/\/www.friedenkoeln.de\/index.php?rest_route=\/wp\/v2\/types\/post"}],"author":[{"embeddable":true,"href":"https:\/\/www.friedenkoeln.de\/index.php?rest_route=\/wp\/v2\/users\/110"}],"replies":[{"embeddable":true,"href":"https:\/\/www.friedenkoeln.de\/index.php?rest_route=%2Fwp%2Fv2%2Fcomments&post=17605"}],"version-history":[{"count":2,"href":"https:\/\/www.friedenkoeln.de\/index.php?rest_route=\/wp\/v2\/posts\/17605\/revisions"}],"predecessor-version":[{"id":17607,"href":"https:\/\/www.friedenkoeln.de\/index.php?rest_route=\/wp\/v2\/posts\/17605\/revisions\/17607"}],"wp:featuredmedia":[{"embeddable":true,"href":"https:\/\/www.friedenkoeln.de\/index.php?rest_route=\/wp\/v2\/media\/12580"}],"wp:attachment":[{"href":"https:\/\/www.friedenkoeln.de\/index.php?rest_route=%2Fwp%2Fv2%2Fmedia&parent=17605"}],"wp:term":[{"taxonomy":"category","embeddable":true,"href":"https:\/\/www.friedenkoeln.de\/index.php?rest_route=%2Fwp%2Fv2%2Fcategories&post=17605"},{"taxonomy":"post_tag","embeddable":true,"href":"https:\/\/www.friedenkoeln.de\/index.php?rest_route=%2Fwp%2Fv2%2Ftags&post=17605"}],"curies":[{"name":"wp","href":"https:\/\/api.w.org\/{rel}","templated":true}]}}