{"id":17609,"date":"2023-08-05T23:12:48","date_gmt":"2023-08-05T21:12:48","guid":{"rendered":"https:\/\/www.friedenkoeln.de\/?p=17609"},"modified":"2023-08-06T16:37:53","modified_gmt":"2023-08-06T14:37:53","slug":"17609","status":"publish","type":"post","link":"https:\/\/www.friedenkoeln.de\/?p=17609","title":{"rendered":"Josef Tratnik liest: Nils Melzer &#8211; Der Fall Julian Assange. Geschichte einer Verfolgung"},"content":{"rendered":"<h4>Josef Tratnik Liest:<\/h4>\n<h4>Nils Melzer: Der Fall Julian Assange. Geschichte einer Verfolgung<\/h4>\n<p style=\"text-align: center;\"><strong>15. August 2023, 19:00 Uhr<\/strong><\/p>\n<p style=\"text-align: center;\"><strong>Der andere Buchladen GmbH, Weyertal 32, 50937 K\u00f6ln-Su\u0308lz (Uni-N\u00e4he)<\/strong><\/p>\n<p>Nils Melzer Autor des Buches \u201eDer Fall Assange \u2013 Geschichte einer Verfolgung\u201c Jahrgang 1970, ist Professor fu\u0308r internationales Recht und lehrt in Glasgow und Genf. Von 2016 bis 2022 war er Sonderberichterstatter der Vereinten Nationen u\u0308ber Folter. \u201e Wir mu\u0308ssen aufh\u00f6ren zu glauben, dass es bei Julian Assange wirklich um eine Strafuntersuchung wegen Sexualdelikten, Spionage oder Hacking geht. Was WikiLeaks getan hat, bedroht die politischen und wirtschaftlichen Eliten weltweit gleicherma\u00dfen. Der Fall Assange zeigt, dass es den Regierungen heute nicht mehr um legitime Vertraulichkeit geht, sondern um die Unterdru\u0308ckung der Wahrheit zum Schutz von unkontrollierbarer Macht, Korruption und Straflosigkeit.\u201d Nils Melzer Die Lesung wird veranstaltet von:<\/p>\n<p>Free Assange K\u00f6ln, DFG-VK Gruppe K\u00f6ln, Amnesty International Bezirk K\u00f6ln, Der andere Buchladen GmbH<\/p>\n<p>Eintritt frei \u2013 Spenden sind willkommen. Kontakt: <a href=\"mailto:free-assange-koeln@proton.me\">free-assange-koeln@proton.me<\/a><\/p>\n<p>Weitere Infos:<\/p>\n<p><a href=\"https:\/\/www.friedenkoeln.de\/wp-content\/uploads\/2023\/08\/Einladungskarte_Lesung_15_08_23.pdf\">Lesung: Der Fall Julian Assange &#8211; Geschichte einer Verfolgung von Nils Melzer<\/a><\/p>\n<p><img loading=\"lazy\" decoding=\"async\" class=\"size-full wp-image-17610 aligncenter\" src=\"https:\/\/www.friedenkoeln.de\/wp-content\/uploads\/2023\/08\/Einladungskarte_Lesung_15_08_23-1.jpg\" alt=\"Einladungskarte: JOSEF TRATNIK LIEST: NILS MELZER DER FALL JULIAN ASSANGE GESCHICHTE EINER VERFOLGUNG\" width=\"315\" height=\"437\" srcset=\"https:\/\/www.friedenkoeln.de\/wp-content\/uploads\/2023\/08\/Einladungskarte_Lesung_15_08_23-1.jpg 315w, https:\/\/www.friedenkoeln.de\/wp-content\/uploads\/2023\/08\/Einladungskarte_Lesung_15_08_23-1-144x200.jpg 144w\" sizes=\"auto, (max-width: 315px) 100vw, 315px\" \/><\/p>\n","protected":false},"excerpt":{"rendered":"<p>Josef Tratnik Liest: Nils Melzer: Der Fall Julian Assange. Geschichte einer Verfolgung 15. August 2023, 19:00 Uhr Der andere Buchladen GmbH, Weyertal 32, 50937 K\u00f6ln-Su\u0308lz (Uni-N\u00e4he) Nils Melzer Autor des Buches \u201eDer Fall Assange&#46;&#46;&#46;<\/p>\n","protected":false},"author":110,"featured_media":17610,"comment_status":"open","ping_status":"open","sticky":false,"template":"","format":"standard","meta":{"footnotes":""},"categories":[104],"tags":[],"class_list":["post-17609","post","type-post","status-publish","format-standard","has-post-thumbnail","hentry","category-ankuendigung"],"_links":{"self":[{"href":"https:\/\/www.friedenkoeln.de\/index.php?rest_route=\/wp\/v2\/posts\/17609","targetHints":{"allow":["GET"]}}],"collection":[{"href":"https:\/\/www.friedenkoeln.de\/index.php?rest_route=\/wp\/v2\/posts"}],"about":[{"href":"https:\/\/www.friedenkoeln.de\/index.php?rest_route=\/wp\/v2\/types\/post"}],"author":[{"embeddable":true,"href":"https:\/\/www.friedenkoeln.de\/index.php?rest_route=\/wp\/v2\/users\/110"}],"replies":[{"embeddable":true,"href":"https:\/\/www.friedenkoeln.de\/index.php?rest_route=%2Fwp%2Fv2%2Fcomments&post=17609"}],"version-history":[{"count":7,"href":"https:\/\/www.friedenkoeln.de\/index.php?rest_route=\/wp\/v2\/posts\/17609\/revisions"}],"predecessor-version":[{"id":17621,"href":"https:\/\/www.friedenkoeln.de\/index.php?rest_route=\/wp\/v2\/posts\/17609\/revisions\/17621"}],"wp:featuredmedia":[{"embeddable":true,"href":"https:\/\/www.friedenkoeln.de\/index.php?rest_route=\/wp\/v2\/media\/17610"}],"wp:attachment":[{"href":"https:\/\/www.friedenkoeln.de\/index.php?rest_route=%2Fwp%2Fv2%2Fmedia&parent=17609"}],"wp:term":[{"taxonomy":"category","embeddable":true,"href":"https:\/\/www.friedenkoeln.de\/index.php?rest_route=%2Fwp%2Fv2%2Fcategories&post=17609"},{"taxonomy":"post_tag","embeddable":true,"href":"https:\/\/www.friedenkoeln.de\/index.php?rest_route=%2Fwp%2Fv2%2Ftags&post=17609"}],"curies":[{"name":"wp","href":"https:\/\/api.w.org\/{rel}","templated":true}]}}