{"id":17664,"date":"2023-08-18T19:14:59","date_gmt":"2023-08-18T17:14:59","guid":{"rendered":"https:\/\/www.friedenkoeln.de\/?p=17664"},"modified":"2023-08-18T19:16:53","modified_gmt":"2023-08-18T17:16:53","slug":"diskutieren-feiern-und-tanzen-am-antikriegstag-den-frieden-und-die-zukunft-gewinnen-nicht-den-krieg","status":"publish","type":"post","link":"https:\/\/www.friedenkoeln.de\/?p=17664","title":{"rendered":"Diskutieren, Feiern und Tanzen am Antikriegstag: &#8222;Den Frieden und die Zukunft gewinnen, nicht den Krieg!&#8220;"},"content":{"rendered":"<p><em>Wir laden anl\u00e4sslich des Antikriegstags am 1. September zu einer Diskussionsveranstaltung mit anschlie\u00dfender Feier f\u00fcr den Frieden ein:<\/em><\/p>\n<hr \/>\n<h4 style=\"text-align: center;\">Antikriegstag 2023: \u201eDen Frieden und die Zukunft gewinnen, nicht den Krieg\u201c<\/h4>\n<p style=\"text-align: center;\"><strong>Diskussionsveranstaltung, Konzert und Feier f\u00fcr den Frieden<\/strong><\/p>\n<p style=\"text-align: center;\"><strong>am 1.9.2023 um 18 Uhr im<\/strong><\/p>\n<p style=\"text-align: center;\"><strong>Qu\u00e4ker Nachbarschaftsheim e. V., Kreutzerstra\u00dfe 5-9, K\u00f6ln<\/strong><\/p>\n<p style=\"text-align: center;\">Wir freuen uns auf:<br \/>\n<strong>Wolfgang Streeck<\/strong>, ehemaliger Direktor am Max-Planck-Institut f\u00fcr Gesellschaftsforschung und Erstunterzeichner des \u201eManifests f\u00fcr den Frieden\u201c.<br \/>\n<strong>Sevim Da\u011fdelen<\/strong>, MdB DIE LINKE. Sie kl\u00e4rt unerm\u00fcdlich \u00fcber die machtpolitischen Interessen und Triebkr\u00e4fte \u201eim eigenen Land\u201c auf, die einem nachhaltigen Frieden im Wege stehen.<br \/>\n<strong>Wolfgang D\u00e4ubler<\/strong>, Arbeitsrechtler und Erstunterzeichner der sozialdemokratischen Kampagne \u201eMehr Diplomatie wagen\u201c.<\/p>\n<p style=\"text-align: center;\">Gru\u00dfwort: <strong>DGB K\u00f6ln<\/strong><\/p>\n<p style=\"text-align: center;\">Konzert: <strong>HopStopBanda<\/strong><\/p>\n<p style=\"text-align: center;\">Gedichte f\u00fcr Frieden und internationale Solidarit\u00e4t, vorgetragen von <strong>Menschen aus der Ukraine, Russland, Frankreich und Deutschland<\/strong><\/p>\n<p style=\"text-align: center;\">Feier mit DJ: <strong>Barinton-Crew (Funk, Soul &amp; Hip Hop)<\/strong><\/p>\n<hr \/>\n<blockquote><p>Jede Kanone, die gebaut wird, jedes Kriegsschiff, das vom Stapel gelassen wird, jede abgefeuerte Rakete bedeutet letztlich einen Diebstahl an denen, die hungern und nichts zu essen bekommen, denen, die frieren und keine Kleidung haben. Eine Welt unter Waffen verpulvert nicht nur Geld allein. Sie verpulvert auch den Schwei\u00df ihrer Arbeiter, den Geist ihrer Wissenschaftler und die Hoffnung ihrer Kinder.<\/p><\/blockquote>\n<p>US-Pr\u00e4sident Dwight D. Eisenhower, Rede 1953, \u201eThe Chance for Peace\u201c.<\/p>\n<p>Gemeinsam wollen wir aus der Geschichte sch\u00f6pfen, um die unerf\u00fcllten Hoffnungen und Schlussfolgerungen aus der Befreiung von Krieg und Faschismus neu aufleben zu lassen. Mit Musik und Kultur, Essen, Getr\u00e4nken, Tanz und guten Gespr\u00e4chen setzen wir ein lebensbejahendes Kontra gegen die dumpfe Kriegslogik und wollen eine Kultur des Friedens und der V\u00f6lkerverst\u00e4ndigung von unten schaffen.<\/p>\n<p>Am 1. September vor 84 Jahren \u00fcberfiel die Wehrmacht Polen, es war der Beginn des bestialischen Raub- und Vernichtungskriegs Nazi-Deutschlands, der unter der Losung \u201eNie wieder Faschismus, nie wieder Krieg\u201c beendet wurde. Eine Konsequenz aus dem antifaschistischen Engagement der Anti-Hitler-Koalition war die Verabschiedung der UN-Charta und die Gr\u00fcndung der Organisation der Vereinten Nationen, um<\/p>\n<blockquote><p>zuk\u00fcnftige Generationen vor der Gei\u00dfel des Krieges zu bewahren.<\/p><\/blockquote>\n<p>Unter dem Dach der UN sollte internationale Zusammenarbeit stattfinden, um soziale, wirtschaftliche und kulturelle Rechte zu f\u00f6rdern und<\/p>\n<blockquote><p>friedliche und freundschaftliche, auf der Achtung des Prinzips der Gleichberechtigung und der Selbstbestimmung der V\u00f6lker beruhende Beziehungen zwischen den Nationen<\/p><\/blockquote>\n<p>zu verwirklichen.<\/p>\n<p>Eine Renaissance dieser Entwicklungsma\u00dfst\u00e4be muss neu erk\u00e4mpft werden. Nach dem Ende der bilateralen Nachkriegsordnung haben die NATO-Staaten ihren Feldzug zur Durchsetzung einer marktgerechten Weltordnung global versch\u00e4rft und mit den Kriegen gegen Jugoslawien, Afghanistan, den Irak oder Libyen das V\u00f6lkerrecht unz\u00e4hlige Male mit F\u00fc\u00dfen getreten. Millionen von Toten, die Zerst\u00f6rung ganzer Landstriche, weltweite Privatisierungen, Demokratie- und Sozialabbau waren die Folgen. Nicht der Pazifismus ist gescheitert, sondern der Markt und der Militarismus scheitern tagt\u00e4glich angesichts der dr\u00e4ngenden Aufgaben, vor denen die Menschheit steht. Seit dem brutalen und ebenso v\u00f6lkerrechtswidrigen Krieg Russlands in der Ukraine bedarf es erst recht diplomatischer und zivilgesellschaftlicher Initiativen f\u00fcr Frieden, f\u00fcr Abr\u00fcstung und f\u00fcr eine soziale, demokratische, \u00f6kologische und zivile Neuordnung der Welt.<\/p>\n<p>Verlierer der Kriegslogik und des Aufr\u00fcstungswettlaufs sind die Menschen in der Ukraine, die in den Tod und in die Flucht getrieben werden, die Soldaten aller Seiten, die als Kanonenfutter verheizt werden, und die Bev\u00f6lkerung, die die sozialen Folgen tragen und den milit\u00e4risch-industriellen Komplex finanzieren muss. Allein im Juli hat der Bundestag 13 Mrd. Euro f\u00fcr die Anschaffung neuer Kampfhubschrauber, von Munition und Panzern bewilligt, w\u00e4hrend Pflegefinanzierung,<br \/>\nKindergrundsicherung, BAf\u00f6G sowie alle notwendigen Investitionen zum Allgemeinwohl abgew\u00fcrgt werden.<\/p>\n<p>Es ist an uns, die Zukunft solidarisch in die H\u00e4nde zu nehmen. Wir wollen daf\u00fcr zusammenkommen und diskutieren: Worauf kommt es an, um in der Ukraine dem Sterben ein Ende zu setzen und die weltweite Aufr\u00fcstungs- und Eskalationsspirale zu beenden? Was sind Kriegsursachen? Wie schaffen wir Friedensursachen und internationale Kooperation zur Verwirklichung der Entwicklungsziele der UN? Welche Akteure stiften Krieg? Auf wen und auf was k\u00f6nnen wir setzen, um Frieden zu stiften?<\/p>\n<p>Diese Veranstaltung wird ausschlie\u00dflich aus Spenden finanziert. Wir freuen uns auf Eure Unterst\u00fctzung an dem Abend. Oder im Vorfeld: kontakt@koelner-friedensforum.org<\/p>\n<p><a href=\"https:\/\/www.friedenkoeln.de\/wp-content\/uploads\/2023\/08\/Flyer-Antikriegstag-2023_2.pdf\">Flyer als pdf.<\/a><\/p>\n<p><img loading=\"lazy\" decoding=\"async\" class=\"size-full wp-image-17668 aligncenter\" src=\"https:\/\/www.friedenkoeln.de\/wp-content\/uploads\/2023\/08\/Plakat-Antirkiegstag.jpg\" alt=\"Ank\u00fcndigungstext mit einer grafisch gestalteten wei\u00dfen Taube, die zwischen einer blauen und einer roten Hand sitzt\" width=\"629\" height=\"873\" srcset=\"https:\/\/www.friedenkoeln.de\/wp-content\/uploads\/2023\/08\/Plakat-Antirkiegstag.jpg 629w, https:\/\/www.friedenkoeln.de\/wp-content\/uploads\/2023\/08\/Plakat-Antirkiegstag-144x200.jpg 144w\" sizes=\"auto, (max-width: 629px) 100vw, 629px\" \/><\/p>\n","protected":false},"excerpt":{"rendered":"<p>Wir laden anl\u00e4sslich des Antikriegstags am 1. September zu einer Diskussionsveranstaltung mit anschlie\u00dfender Feier f\u00fcr den Frieden ein: Antikriegstag 2023: \u201eDen Frieden und die Zukunft gewinnen, nicht den Krieg\u201c Diskussionsveranstaltung, Konzert und Feier f\u00fcr&#46;&#46;&#46;<\/p>\n","protected":false},"author":110,"featured_media":17668,"comment_status":"open","ping_status":"open","sticky":false,"template":"","format":"standard","meta":{"footnotes":""},"categories":[104],"tags":[221,45,27,9,57,91],"class_list":["post-17664","post","type-post","status-publish","format-standard","has-post-thumbnail","hentry","category-ankuendigung","tag-friedenspolitik","tag-geschichte","tag-kultur","tag-frieden-und-kunst","tag-musik","tag-voelkerrecht"],"_links":{"self":[{"href":"https:\/\/www.friedenkoeln.de\/index.php?rest_route=\/wp\/v2\/posts\/17664","targetHints":{"allow":["GET"]}}],"collection":[{"href":"https:\/\/www.friedenkoeln.de\/index.php?rest_route=\/wp\/v2\/posts"}],"about":[{"href":"https:\/\/www.friedenkoeln.de\/index.php?rest_route=\/wp\/v2\/types\/post"}],"author":[{"embeddable":true,"href":"https:\/\/www.friedenkoeln.de\/index.php?rest_route=\/wp\/v2\/users\/110"}],"replies":[{"embeddable":true,"href":"https:\/\/www.friedenkoeln.de\/index.php?rest_route=%2Fwp%2Fv2%2Fcomments&post=17664"}],"version-history":[{"count":7,"href":"https:\/\/www.friedenkoeln.de\/index.php?rest_route=\/wp\/v2\/posts\/17664\/revisions"}],"predecessor-version":[{"id":17673,"href":"https:\/\/www.friedenkoeln.de\/index.php?rest_route=\/wp\/v2\/posts\/17664\/revisions\/17673"}],"wp:featuredmedia":[{"embeddable":true,"href":"https:\/\/www.friedenkoeln.de\/index.php?rest_route=\/wp\/v2\/media\/17668"}],"wp:attachment":[{"href":"https:\/\/www.friedenkoeln.de\/index.php?rest_route=%2Fwp%2Fv2%2Fmedia&parent=17664"}],"wp:term":[{"taxonomy":"category","embeddable":true,"href":"https:\/\/www.friedenkoeln.de\/index.php?rest_route=%2Fwp%2Fv2%2Fcategories&post=17664"},{"taxonomy":"post_tag","embeddable":true,"href":"https:\/\/www.friedenkoeln.de\/index.php?rest_route=%2Fwp%2Fv2%2Ftags&post=17664"}],"curies":[{"name":"wp","href":"https:\/\/api.w.org\/{rel}","templated":true}]}}