{"id":17675,"date":"2023-08-21T12:55:30","date_gmt":"2023-08-21T10:55:30","guid":{"rendered":"https:\/\/www.friedenkoeln.de\/?p=17675"},"modified":"2023-08-21T12:55:30","modified_gmt":"2023-08-21T10:55:30","slug":"aufruf-zum-schutz-der-pressefreiheit-buendnis-fordert-freilassung-von-julian-assange","status":"publish","type":"post","link":"https:\/\/www.friedenkoeln.de\/?p=17675","title":{"rendered":"Aufruf zum Schutz der Pressefreiheit: B\u00fcndnis fordert Freilassung von Julian Assange"},"content":{"rendered":"<p><em>IPPNW-Pressemitteilung vom 17. August 2023:<\/em><\/p>\n<hr \/>\n<h4>Aufruf zum Schutz der Pressefreiheit<br \/>\nB\u00fcndnis fordert Freilassung von Julian Assange<\/h4>\n<p>Die angespannte Situation um den Journalisten Julian Assange erreicht einen kritischen Punkt. Mit einem in K\u00fcrze erwarteten Urteil \u00fcber das Berufungsverfahren vor dem Britischen High Court droht dem australischen Staatsb\u00fcrger t\u00e4glich die Abschiebung in die USA. In einer gemeinsamen Stellungnahme der deutschen Sektionen der \u00e4rztlichen und juristischen Friedensorganisationen IPPNW und IALANA appellieren die beiden Verb\u00e4nde an die Bundesregierung, insbesondere an Au\u00dfenministerin Annalena Baerbock, sich gegen\u00fcber der US-Regierung energisch gegen eine Auslieferung von Assange auszusprechen.<\/p>\n<blockquote><p>Wir fordern die Bundesregierung auf, um der Pressefreiheit willen und zur Rettung des zu Unrecht wegen der Ver\u00f6ffentlichung ihm zugespielter Informationen verfolgten Journalisten Assange in klaren Worten bei US-Pr\u00e4sident Biden gegen die drohende Auslieferung zu protestieren und die Beendigung des Strafverfahrens gegen Assange zu fordern,<\/p><\/blockquote>\n<p>hei\u00dft es in dem heute ver\u00f6ffentlichten Aufruf von IPPNW und IALANA.<\/p>\n<p>Julian Assange k\u00e4mpft seit mehr als einem Jahrzehnt gegen seine Auslieferung in die USA, wo ihm ein unfairer Prozess und unbegrenzte Isolationshaft drohen. Nach \u00e4rztlicher Untersuchung zeigt Assange Anzeichen von psychischer Folter und leidet unter der Einzelhaft. Experten warnen vor einer erh\u00f6hten Suizidgefahr im Falle einer Abschiebung.<\/p>\n<blockquote><p>W\u00e4hrend Assange nach unserem Verst\u00e4ndnis sich keiner Straftat schuldig, sondern im Gegenteil f\u00fcr die Demokratie und f\u00fcr den Frieden verdient gemacht hat, wird er schon jetzt daf\u00fcr bestraft, schwere Kriegsverbrechen ans Licht gebracht zu haben. Von seiner Ehefrau wissen wir, dass seine Gesundheit infolge der Haftbedingungen bereits schwer beeintr\u00e4chtigt ist. Das ist aus juristischer, humanit\u00e4rer und medizinischer Sicht ein Skandal und darf nicht hingenommen werden,<\/p><\/blockquote>\n<p>so der Arzt und International Councilor der deutschen IPPNW, Dr. Helmut Lohrer.<\/p>\n<div id=\"attachment_14387\" style=\"width: 404px\" class=\"wp-caption alignright\"><img loading=\"lazy\" decoding=\"async\" aria-describedby=\"caption-attachment-14387\" class=\" wp-image-14387\" src=\"https:\/\/www.friedenkoeln.de\/wp-content\/uploads\/2019\/11\/RUEDA_DE_PRENSA_CONJUNTA_ENTRE_CANCILLER_RICARDO_PATI\u00d1O_Y_JULIAN_ASSANGE_-_14953880621.jpg\" alt=\"Ein Mann mit fast wei\u00dfen l\u00e4ngeren Haaren und hohen Geheimratsecken, d\u00fcnnem wei\u00dfen Kinnbart und etwas dunklerem Schnurrbart spricht engagiert mit offenen H\u00e4nden mit seinem au\u00dferhalb des Bildes befindlichen Gegen\u00fcber. Der Mann tr\u00e4gt ein graues sportliches Hemd und ein schwarzes Sakko. Er befindet sich in einem Raum mit dicht zugezogenen, pr\u00e4chtigen Vorh\u00e4ngen hinter ihm.\" width=\"394\" height=\"554\" srcset=\"https:\/\/www.friedenkoeln.de\/wp-content\/uploads\/2019\/11\/RUEDA_DE_PRENSA_CONJUNTA_ENTRE_CANCILLER_RICARDO_PATI\u00d1O_Y_JULIAN_ASSANGE_-_14953880621.jpg 3744w, https:\/\/www.friedenkoeln.de\/wp-content\/uploads\/2019\/11\/RUEDA_DE_PRENSA_CONJUNTA_ENTRE_CANCILLER_RICARDO_PATI\u00d1O_Y_JULIAN_ASSANGE_-_14953880621-107x150.jpg 107w, https:\/\/www.friedenkoeln.de\/wp-content\/uploads\/2019\/11\/RUEDA_DE_PRENSA_CONJUNTA_ENTRE_CANCILLER_RICARDO_PATI\u00d1O_Y_JULIAN_ASSANGE_-_14953880621-768x1080.jpg 768w\" sizes=\"auto, (max-width: 394px) 100vw, 394px\" \/><p id=\"caption-attachment-14387\" class=\"wp-caption-text\">Julian Assange, 18.8.2014, in der Botschaft von Ecuador in London. Foto: David G. Silvers, Canciller\u00eda del Ecuador (CC BY-SA 2.0).<\/p><\/div>\n<p>Mit dem anstehenden Urteil im Berufungsverfahren ist die Lage f\u00fcr Julian Assange derzeit ernster denn je. Die Initiative von IPPNW und IALANA ruft zu diesem Anlass zur Solidarit\u00e4t auf und fordert ein klares Zeichen der Bundesregierung: f\u00fcr die Freiheit von Julian Assange und die Wahrung der Pressefreiheit.<\/p>\n<p>Der Aufruf wird getragen von den deutschen Sektionen der International Physicians for the Prevention of Nuclear War (IPPNW Deutschland) und International Association Of Lawyers Against Nuclear Arms (IALANA Deutschland).<\/p>\n<hr \/>\n<p><em>Kontakt:<\/em><br \/>\n<em>Frederic Jage-Bowler (Referent f\u00fcr Presse- und \u00d6ffentlichkeitsarbeit), jagebowler[at]ippnw.de, +49 30 69807415<\/em><\/p>\n<p><em>Weitere Informationen:<\/em><br \/>\n<em><a href=\"https:\/\/www.friedenkoeln.de\/wp-content\/uploads\/2023\/08\/2023_Aufruf_IALANA_IPPNW_Assange_DE.pdf\">Aufruf in voller L\u00e4nge (Deutsch)<\/a><\/em><br \/>\n<em><a href=\"https:\/\/www.friedenkoeln.de\/wp-content\/uploads\/2023\/08\/6_Fakten_zu_Julian_Assange.pdf\">IPPNW-Flyer \u201e6 Fakten zu Julian Assange\u201c<\/a><\/em><\/p>\n","protected":false},"excerpt":{"rendered":"<p>IPPNW-Pressemitteilung vom 17. August 2023: Aufruf zum Schutz der Pressefreiheit B\u00fcndnis fordert Freilassung von Julian Assange Die angespannte Situation um den Journalisten Julian Assange erreicht einen kritischen Punkt. Mit einem in K\u00fcrze erwarteten Urteil&#46;&#46;&#46;<\/p>\n","protected":false},"author":110,"featured_media":14387,"comment_status":"open","ping_status":"open","sticky":false,"template":"","format":"standard","meta":{"footnotes":""},"categories":[87],"tags":[99,165],"class_list":["post-17675","post","type-post","status-publish","format-standard","has-post-thumbnail","hentry","category-pressemitteilung","tag-menschenrechte","tag-pressefreiheit"],"_links":{"self":[{"href":"https:\/\/www.friedenkoeln.de\/index.php?rest_route=\/wp\/v2\/posts\/17675","targetHints":{"allow":["GET"]}}],"collection":[{"href":"https:\/\/www.friedenkoeln.de\/index.php?rest_route=\/wp\/v2\/posts"}],"about":[{"href":"https:\/\/www.friedenkoeln.de\/index.php?rest_route=\/wp\/v2\/types\/post"}],"author":[{"embeddable":true,"href":"https:\/\/www.friedenkoeln.de\/index.php?rest_route=\/wp\/v2\/users\/110"}],"replies":[{"embeddable":true,"href":"https:\/\/www.friedenkoeln.de\/index.php?rest_route=%2Fwp%2Fv2%2Fcomments&post=17675"}],"version-history":[{"count":3,"href":"https:\/\/www.friedenkoeln.de\/index.php?rest_route=\/wp\/v2\/posts\/17675\/revisions"}],"predecessor-version":[{"id":17680,"href":"https:\/\/www.friedenkoeln.de\/index.php?rest_route=\/wp\/v2\/posts\/17675\/revisions\/17680"}],"wp:featuredmedia":[{"embeddable":true,"href":"https:\/\/www.friedenkoeln.de\/index.php?rest_route=\/wp\/v2\/media\/14387"}],"wp:attachment":[{"href":"https:\/\/www.friedenkoeln.de\/index.php?rest_route=%2Fwp%2Fv2%2Fmedia&parent=17675"}],"wp:term":[{"taxonomy":"category","embeddable":true,"href":"https:\/\/www.friedenkoeln.de\/index.php?rest_route=%2Fwp%2Fv2%2Fcategories&post=17675"},{"taxonomy":"post_tag","embeddable":true,"href":"https:\/\/www.friedenkoeln.de\/index.php?rest_route=%2Fwp%2Fv2%2Ftags&post=17675"}],"curies":[{"name":"wp","href":"https:\/\/api.w.org\/{rel}","templated":true}]}}